{"id":57420,"date":"2026-01-29T00:38:11","date_gmt":"2026-01-29T04:38:11","guid":{"rendered":"https:\/\/noticiasveraces.com\/?p=57420"},"modified":"2026-01-29T00:38:11","modified_gmt":"2026-01-29T04:38:11","slug":"fanaticos-de-harry-potter-devastados-por-el-horrible-cambio-en-la-obra-de-cursed-child-teatro-entretenimiento","status":"publish","type":"post","link":"https:\/\/noticiasveraces.com\/?p=57420","title":{"rendered":"Fan\u00e1ticos de Harry Potter devastados por el &#39;horrible&#39; cambio en la obra de Cursed Child | Teatro | Entretenimiento"},"content":{"rendered":"<p> \n<\/p>\n<div>\n<p>En 2016, la secuela can\u00f3nica oficial de JK Rowling de sus novelas m\u00e1gicas lleg\u00f3 al Palace Theatre de Londres.<\/p>\n<\/div>\n<div>\n<p>Harry Potter y el legado maldito tiene lugar donde termin\u00f3 el cap\u00edtulo final de las Reliquias de la Muerte, 19 a\u00f1os despu\u00e9s.<\/p>\n<\/div>\n<div>\n<p>La historia sigue a los hijos de Harry y Draco Malfoy, quienes se han convertido en mejores amigos en Hogwarts, en una aventura de viaje en el tiempo.<\/p>\n<\/div>\n<div>\n<p>Lo que es \u00fanico de la obra es que se divide en dos partes, por lo que tienes que comprar entradas para dos obras que se representan en un espect\u00e1culo matinal y nocturno el mismo d\u00eda, cuatro d\u00edas a la semana.<\/p>\n<\/div>\n<div>\n<p>Es bien conocido por ser una pieza extensa de la historia para que los fan\u00e1ticos disfruten, pero ahora se anunci\u00f3 un cambio importante para la tan querida experiencia teatral.<\/p>\n<\/div>\n<div>\n<p>Hoy, la cuenta oficial de Instagram de la obra de Cursed Child London anunci\u00f3: \u00ab\u00a1Esta es su \u00faltima oportunidad de experimentar la fascinante obra de dos partes antes de que salga del West End de Londres! Ahora, reservando hasta el 20 de septiembre de 2026, obtenga sus entradas para ver la producci\u00f3n original de Harry Potter and the Cursed Child.<\/p>\n<\/div>\n<div>\n<p>A partir del 6 de octubre de 2026, nos complace anunciar que la producci\u00f3n de Londres evolucionar\u00e1 hacia la versi\u00f3n reinventada de una parte de la obra, aclamada por la cr\u00edtica\u201d.<\/p>\n<\/div>\n<div>\n<p>Los fan\u00e1ticos brit\u00e1nicos de Harry Potter han respondido en los comentarios y est\u00e1n furiosos porque la mitad de la historia se ha eliminado para hacer una versi\u00f3n m\u00e1s corta.<\/p>\n<\/div>\n<div>\n<p>Un fan escribi\u00f3: \u00ab\u00a1Horribles noticias! Me encant\u00f3 la obra y la he visto 3 veces. \u00a1Ambas partes son m\u00e1gicas y no se sienten largas en absoluto!\u00bb.<\/p>\n<\/div>\n<div>\n<p>Otro coment\u00f3: \u00abNOOOOOOO, no lo hagas como el resto. La versi\u00f3n de 2 partes fue muy especial. Realmente me encant\u00f3 as\u00ed\u00bb.<\/p>\n<\/div>\n<div>\n<p>Mientras que uno agreg\u00f3: \u00ab2 partes fueron pura magia; casi 5 horas perdidas en este mundo, no puedo imaginar c\u00f3mo menos ser\u00eda mejor\u00bb.<\/p>\n<\/div>\n<div>\n<p>Y uno dijo: \u201c\u00bfSeguramente eso es un eufemismo para \u201cmuy resumido\u201d?\u201d<\/p>\n<\/div>\n<div>\n<p>Al menos los fans todav\u00eda tienen el libro de guiones. \u00bfQuiz\u00e1s Warner Bros, que ahora posee los derechos, podr\u00eda hacer una versi\u00f3n filmada de la obra para transmisi\u00f3n?<\/p>\n<\/div>\n\n","protected":false},"excerpt":{"rendered":"<p>En 2016, la secuela can\u00f3nica oficial de JK Rowling de sus novelas m\u00e1gicas lleg\u00f3 al Palace Theatre de Londres. Harry Potter y el legado maldito tiene lugar donde termin\u00f3 el cap\u00edtulo final de las Reliquias de la Muerte, 19 a\u00f1os despu\u00e9s. La historia sigue a los hijos de Harry y Draco Malfoy, quienes se han &hellip;<\/p>\n","protected":false},"author":1,"featured_media":57421,"comment_status":"open","ping_status":"open","sticky":false,"template":"","format":"standard","meta":{"fifu_image_url":"https:\/\/cdn.images.express.co.uk\/img\/dynamic\/38\/1200x630\/6705584.jpg","fifu_image_alt":"","footnotes":""},"categories":[1023],"tags":[],"class_list":["post-57420","post","type-post","status-publish","format-standard","has-post-thumbnail","","category-libros"],"_links":{"self":[{"href":"https:\/\/noticiasveraces.com\/index.php?rest_route=\/wp\/v2\/posts\/57420","targetHints":{"allow":["GET"]}}],"collection":[{"href":"https:\/\/noticiasveraces.com\/index.php?rest_route=\/wp\/v2\/posts"}],"about":[{"href":"https:\/\/noticiasveraces.com\/index.php?rest_route=\/wp\/v2\/types\/post"}],"author":[{"embeddable":true,"href":"https:\/\/noticiasveraces.com\/index.php?rest_route=\/wp\/v2\/users\/1"}],"replies":[{"embeddable":true,"href":"https:\/\/noticiasveraces.com\/index.php?rest_route=%2Fwp%2Fv2%2Fcomments&post=57420"}],"version-history":[{"count":0,"href":"https:\/\/noticiasveraces.com\/index.php?rest_route=\/wp\/v2\/posts\/57420\/revisions"}],"wp:featuredmedia":[{"embeddable":true,"href":"https:\/\/noticiasveraces.com\/index.php?rest_route=\/wp\/v2\/media\/57421"}],"wp:attachment":[{"href":"https:\/\/noticiasveraces.com\/index.php?rest_route=%2Fwp%2Fv2%2Fmedia&parent=57420"}],"wp:term":[{"taxonomy":"category","embeddable":true,"href":"https:\/\/noticiasveraces.com\/index.php?rest_route=%2Fwp%2Fv2%2Fcategories&post=57420"},{"taxonomy":"post_tag","embeddable":true,"href":"https:\/\/noticiasveraces.com\/index.php?rest_route=%2Fwp%2Fv2%2Ftags&post=57420"}],"curies":[{"name":"wp","href":"https:\/\/api.w.org\/{rel}","templated":true}]}}