{"id":57412,"date":"2026-01-28T21:55:28","date_gmt":"2026-01-29T01:55:28","guid":{"rendered":"https:\/\/noticiasveraces.com\/?p=57412"},"modified":"2026-01-28T21:55:28","modified_gmt":"2026-01-29T01:55:28","slug":"peru-anuncio-la-liberacion-de-otros-dos-connacionales-que-estaban-encarcelados-en-venezuela","status":"publish","type":"post","link":"https:\/\/noticiasveraces.com\/?p=57412","title":{"rendered":"Per\u00fa anunci\u00f3 la liberaci\u00f3n de otros dos connacionales que estaban encarcelados en Venezuela"},"content":{"rendered":"<p> \n<\/p>\n<figure id=\"attachment_5875694\" aria-describedby=\"caption-attachment-5875694\" style=\"width: 720px\" class=\"wp-caption alignnone\"><img loading=\"lazy\" decoding=\"async\" class=\"size-full wp-image-5875694\" src=\"https:\/\/sandia.datanubex.uk\/wp-content\/uploads\/2026\/01\/cancilleria-de-peru.jpg\" alt=\"\" width=\"720\" height=\"540\" \/><figcaption id=\"caption-attachment-5875694\" class=\"wp-caption-text\">Cortes\u00eda<\/figcaption><\/figure>\n<p>&nbsp;<\/p>\n<p>El Gobierno de Per\u00fa anunci\u00f3 este mi\u00e9rcoles la liberaci\u00f3n de otros dos ciudadanos peruanos que se encontraban encarcelados en Venezuela, lo que suma un total de tres hombres liberados desde que Nicol\u00e1s Maduro fue capturado por Estados Unidos en una operaci\u00f3n militar el pasado 3 de enero.<\/p>\n<p><strong>lapatilla.com<\/strong><\/p>\n<p>Los dos peruanos excarcelados son Ricardo Mel\u00e9ndez y Arturo Paredes, seg\u00fan anunci\u00f3 en un comunicado el Ministerio de Relaciones Exteriores de Per\u00fa, difundido en redes sociales.<\/p>\n<p>La Canciller\u00eda peruana se\u00f1al\u00f3 que la liberaci\u00f3n de Mel\u00e9ndez y Paredes se produjo despu\u00e9s de diversas gestiones realizadas desde Torre Tagle, la sede de la diplomacia de Per\u00fa, que tambi\u00e9n consigui\u00f3 la pasada semana la excarcelaci\u00f3n y repatriaci\u00f3n de Marco Antonio Madrid.<\/p>\n<p><strong>Con informaci\u00f3n de EFE<\/strong><\/p>\n\n","protected":false},"excerpt":{"rendered":"<p>Cortes\u00eda &nbsp; El Gobierno de Per\u00fa anunci\u00f3 este mi\u00e9rcoles la liberaci\u00f3n de otros dos ciudadanos peruanos que se encontraban encarcelados en Venezuela, lo que suma un total de tres hombres liberados desde que Nicol\u00e1s Maduro fue capturado por Estados Unidos en una operaci\u00f3n militar el pasado 3 de enero. lapatilla.com Los dos peruanos excarcelados son &hellip;<\/p>\n","protected":false},"author":1,"featured_media":57414,"comment_status":"open","ping_status":"open","sticky":false,"template":"","format":"standard","meta":{"fifu_image_url":"https:\/\/sandia.datanubex.uk\/wp-content\/uploads\/2026\/01\/cancilleria-de-peru.jpg","fifu_image_alt":"","footnotes":""},"categories":[13],"tags":[],"class_list":["post-57412","post","type-post","status-publish","format-standard","has-post-thumbnail","","category-mundo"],"_links":{"self":[{"href":"https:\/\/noticiasveraces.com\/index.php?rest_route=\/wp\/v2\/posts\/57412","targetHints":{"allow":["GET"]}}],"collection":[{"href":"https:\/\/noticiasveraces.com\/index.php?rest_route=\/wp\/v2\/posts"}],"about":[{"href":"https:\/\/noticiasveraces.com\/index.php?rest_route=\/wp\/v2\/types\/post"}],"author":[{"embeddable":true,"href":"https:\/\/noticiasveraces.com\/index.php?rest_route=\/wp\/v2\/users\/1"}],"replies":[{"embeddable":true,"href":"https:\/\/noticiasveraces.com\/index.php?rest_route=%2Fwp%2Fv2%2Fcomments&post=57412"}],"version-history":[{"count":0,"href":"https:\/\/noticiasveraces.com\/index.php?rest_route=\/wp\/v2\/posts\/57412\/revisions"}],"wp:featuredmedia":[{"embeddable":true,"href":"https:\/\/noticiasveraces.com\/index.php?rest_route=\/wp\/v2\/media\/57414"}],"wp:attachment":[{"href":"https:\/\/noticiasveraces.com\/index.php?rest_route=%2Fwp%2Fv2%2Fmedia&parent=57412"}],"wp:term":[{"taxonomy":"category","embeddable":true,"href":"https:\/\/noticiasveraces.com\/index.php?rest_route=%2Fwp%2Fv2%2Fcategories&post=57412"},{"taxonomy":"post_tag","embeddable":true,"href":"https:\/\/noticiasveraces.com\/index.php?rest_route=%2Fwp%2Fv2%2Ftags&post=57412"}],"curies":[{"name":"wp","href":"https:\/\/api.w.org\/{rel}","templated":true}]}}