{"id":57373,"date":"2026-01-28T15:48:37","date_gmt":"2026-01-28T19:48:37","guid":{"rendered":"https:\/\/noticiasveraces.com\/?p=57373"},"modified":"2026-01-28T15:48:37","modified_gmt":"2026-01-28T19:48:37","slug":"que-hay-detras-de-la-guerra-arancelaria-entre-ecuador-y-colombia","status":"publish","type":"post","link":"https:\/\/noticiasveraces.com\/?p=57373","title":{"rendered":"\u00bfQu\u00e9 hay detr\u00e1s de la guerra arancelaria entre Ecuador y Colombia?"},"content":{"rendered":"<p> \n<\/p>\n<div>\n<p>Escala la<strong> guerra arancelaria entre Ecuador y Colombia<\/strong>. El martes 27 de enero, el Gobierno colombiano anunci\u00f3 la imposici\u00f3n de <strong>aranceles del 30%<\/strong> a otro grupo de productos ecuatorianos, sin precisar cu\u00e1les ser\u00edan. <\/p>\n<p>Esta medida se suma a los m\u00e1s de 50 productos \u2013 entre ellos el az\u00facar, el pl\u00e1tano o los neum\u00e1ticos &#8211; que Colombia grav\u00f3 con el mismo porcentaje la semana pasada, en respuesta a sobretasas similares impuestas por Ecuador.<\/p>\n<p>El lunes 26 de enero, Quito, adem\u00e1s, inform\u00f3 que aumentar\u00e1 en un<strong> 900% la tarifa de\u00a0 transporte del petr\u00f3leo de Colombia<\/strong> en su sistema de oleoductos.<\/p>\n<p>\u00bfQu\u00e9 hay detr\u00e1s de esta disputa comercial? Lo abordamos.<\/p>\n<h2><strong>\u00bfC\u00f3mo empez\u00f3 la disputa arancelaria entre Ecuador y Colombia?<\/strong><\/h2>\n<p>Todo empez\u00f3 el mi\u00e9rcoles 21 de enero cuando el presidente ecuatoriano, Daniel Noboa, anunci\u00f3, a trav\u00e9s de un mensaje sorpresa publicado en su cuenta X, un arancel de 30% a las importaciones colombianas.<\/p>\n<p><strong>El mandatario de Ecuador reproch\u00f3 al Gobierno de su vecino pa\u00eds lo que considera falta de ayuda en la lucha contra el narcotr\u00e1fico en su frontera com\u00fan.<\/strong> Seg\u00fan \u00e9l, los soldados ecuatorianos estar\u00edan enfrentando a los grupos narcotraficantes \u201csin cooperaci\u00f3n alguna\u201d por parte de Colombia, el primer productor mundial de coca\u00edna.<\/p>\n<p>\u201cAnte la falta de reciprocidad y acciones firmes, Ecuador aplicar\u00e1 una tasa de seguridad del 30% a las importaciones provenientes de Colombia desde el primero de febrero\u201d, se\u00f1al\u00f3 entonces Noboa.<\/p>\n<div id=\"em-WBMZ365734-F24-ES-20260128\" class=\"m-em-flash\" data-xtwitter-script=\"\"><figcaption class=\"a-figcaption\">\n<\/figcaption><div class=\"o-em-consent \">\n<div class=\"o-em-consent__content\">\n<p class=\"o-em-consent__content__text\">Para mostrar este contenido de X (Twitter), debe autorizar las cookies de medici\u00f3n de audiencia y publicidad.<\/p>\n<p>        <button class=\"a-master-button a-master-button--dark\" data-action=\"accept\"><\/p>\n<p>            Aceptar<\/p>\n<p>  <svg class=\"a-svg a-svg--icon-check\">\n    <use xlink:href=\"http:\/\/www.france24.com\/build\/images\/svg\/sprite.17415c6ec01e4a8b145df03c806104d3.svg#icon-check\" href=\"http:\/\/www.france24.com\/build\/images\/svg\/sprite.17415c6ec01e4a8b145df03c806104d3.svg#icon-check\"\/>\n  <\/svg><br \/>\n        <\/button><br \/>\n        <button class=\"a-link\" data-action=\"manage\">Gestionar mis opciones<i class=\"a-svg a-svg--icon-edit\"\/><\/button>\n    <\/div>\n<\/div>\n<\/div>\n<p>Al d\u00eda siguiente, <strong>Colombia respondi\u00f3 con medidas de reciprocidad<\/strong>: una tarifa del <strong>30% sobre una veintena de productos ecuatorianos<\/strong> y la <strong>suspensi\u00f3n de la venta de electricidad<\/strong>.<\/p>\n<p>A pesar de acercamientos e intentos de di\u00e1logo,<strong> <\/strong>la tensi\u00f3n\u00a0escal\u00f3 a\u00fan m\u00e1s.<\/p>\n<p><strong>\u201cPropusimos di\u00e1logo, pero nos responden con agresiones. Basadas en excusas. Est\u00e1bamos a punto de iniciar conversaciones y las cancelaron para volver a agredir\u201d,<\/strong> sostuvo el martes el ministro de Minas y Energ\u00eda de Colombia, Edwin Palma en un mensaje publicado en la plataforma X, en lo que parece mostrar mayores desaf\u00edos entre ambos pa\u00edses.<\/p>\n<p class=\"a-read-more\"><span class=\"a-read-more__label\">Leer tambi\u00e9n<\/span>Ecuador sube un 900% la tarifa de transporte del crudo colombiano y crece la guerra arancelaria<\/p>\n<h2><strong>\u00bfPor qu\u00e9 la cuesti\u00f3n de la frontera est\u00e1 en el centro de la disputa arancelaria?<\/strong><\/h2>\n<p>Las cr\u00edticas de Daniel Noboa se enfocan en una supuesta falta de cooperaci\u00f3n por parte de Colombia en materia de lucha contra los grupos narcotraficantes instalados en las zonas fronterizas entre ambos pa\u00edses.<\/p>\n<p><strong>Ecuador y Colombia comparten una frontera de casi 590 kil\u00f3metros<\/strong>que va del Oc\u00e9ano Pac\u00edfico a la regi\u00f3n amaz\u00f3nica. Se trata de una zona perif\u00e9rica, hist\u00f3ricamente golpeada por el conflicto armado colombiano, donde la<strong> presencia de grupos al margen de la ley y econom\u00edas il\u00edcitas<\/strong> se registran desde hace d\u00e9cadas.<\/p>\n<p>Cabe recordar que, en 2008, Ra\u00fal Reyes, considerado el n\u00famero dos de las antiguas Fuerzas Armadas Revolucionarias de Colombia (FARC), muri\u00f3 en el bombardeo de su campamento localizado en Santa Rosa de Sucumb\u00edos, del lado ecuatoriano de la frontera.<\/p>\n<p>Diez a\u00f1os despu\u00e9s, el secuestro por parte de las antiguas FARC de tres miembros del equipo de prensa del diario ecuatoriano \u2018El Comercio\u2019 en los alrededores del municipio fronterizo de Mataje, tambi\u00e9n reaviv\u00f3 la problem\u00e1tica de la seguridad en la frontera. Los tres secuestrados murieron varias semanas despu\u00e9s.<\/p>\n<div id=\"em-WBMZ365735-F24-ES-20260128\" class=\"m-em-flash\" data-xtwitter-script=\"\"><figcaption class=\"a-figcaption\">\n<\/figcaption><div class=\"o-em-consent \">\n<div class=\"o-em-consent__content\">\n<p class=\"o-em-consent__content__text\">Para mostrar este contenido de X (Twitter), debe autorizar las cookies de medici\u00f3n de audiencia y publicidad.<\/p>\n<p>        <button class=\"a-master-button a-master-button--dark\" data-action=\"accept\"><\/p>\n<p>            Aceptar<\/p>\n<p>  <svg class=\"a-svg a-svg--icon-check\">\n    <use xlink:href=\"http:\/\/www.france24.com\/build\/images\/svg\/sprite.17415c6ec01e4a8b145df03c806104d3.svg#icon-check\" href=\"http:\/\/www.france24.com\/build\/images\/svg\/sprite.17415c6ec01e4a8b145df03c806104d3.svg#icon-check\"\/>\n  <\/svg><br \/>\n        <\/button><br \/>\n        <button class=\"a-link\" data-action=\"manage\">Gestionar mis opciones<i class=\"a-svg a-svg--icon-edit\"\/><\/button>\n    <\/div>\n<\/div>\n<\/div>\n<p>Ahora, <strong>la zona sigue estando bajo la influencia de varios grupos criminales<\/strong>que se lucran del narcotr\u00e1fico. Entre ellos, los Comandos de Frontera, que aparecieron despu\u00e9s de la firma del acuerdo de paz entre el entonces gobierno colombiano de Juan Manuel Santos y las antiguas FARC, en 2016.<\/p>\n<p>Seg\u00fan una investigaci\u00f3n publicada el pasado diciembre por el diario \u2018The New York Times\u2019, <strong>hasta el 70% del suministro mundial de coca\u00edna ahora pasa por territorio ecuatoriano<\/strong>mientras que varios institutos de investigaciones regionales subrayan que ese pa\u00eds se convirti\u00f3 en un elemento central de la log\u00edstica del tr\u00e1fico internacional del alcaloide, producido en Colombia.<\/p>\n<p class=\"a-read-more\"><span class=\"a-read-more__label\">Leer tambi\u00e9n<\/span>Colombia impone arancel rec\u00edproco del 30% a 20 productos de Ecuador y suspende venta de energ\u00eda<\/p>\n<h2><strong>\u00bfPor qu\u00e9 Daniel Noboa culpa a Colombia de la crisis de seguridad?<\/strong><\/h2>\n<p>Daniel Noboa no duda en considerar a Colombia como el responsable de la crisis de seguridad que vive su pa\u00eds y, por lo tanto, justifica su imposici\u00f3n de aranceles.<\/p>\n<p>Considerado durante muchos a\u00f1os como uno de los pa\u00edses m\u00e1s seguros de la regi\u00f3n, Ecuador se convirti\u00f3 en la naci\u00f3n m\u00e1s violenta de Suram\u00e9rica con una tasa de homicidios del <strong>50,91 por 100.000<\/strong> habitantes en 2025, seg\u00fan datos del Ministerio de Interior de Ecuador.<\/p>\n<blockquote class=\"quote\">\n<p>\u00abNoboa\u00a0no ha sido capaz de contener el desarrollo de las estructuras criminales\u201d<\/p>\n<\/blockquote>\n<p>\u201cDe alguna manera, Ecuador vive una crisis de seguridad indirecta en el sentido de que es, por parte, la consecuencia del postconflicto en Colombia, con la salida de las FARC y la multiplicaci\u00f3n de los grupos delictivos\u201d, analiza Manuel Camilo Gonz\u00e1lez Vides, profesor de relaciones internacionales en la Universidad Javeriana de Bogot\u00e1.<\/p>\n<p>\u201cCiertamente, la pol\u00edtica de paz total de Gustavo Petro ha empoderado los grupos armados en algunas zonas perif\u00e9ricas\u201d, agrega el docente.<\/p>\n<div class=\"m-em-image\">\n<figure class=\"m-item-image m-item-image--original m-item-image--has-caption\">\n<picture class=\"a-picture a-picture--original\"><source type=\"image\/webp\" srcset=\"https:\/\/s.france24.com\/media\/display\/deea3398-fbea-11f0-bc89-005056bf30b7\/w:246\/AP24111698613638.webp 246w,https:\/\/s.france24.com\/media\/display\/deea3398-fbea-11f0-bc89-005056bf30b7\/w:388\/AP24111698613638.webp 388w,https:\/\/s.france24.com\/media\/display\/deea3398-fbea-11f0-bc89-005056bf30b7\/w:720\/AP24111698613638.webp 720w,https:\/\/s.france24.com\/media\/display\/deea3398-fbea-11f0-bc89-005056bf30b7\/w:980\/AP24111698613638.webp 980w\" sizes=\"(max-width: 1023px) calc(100vw - 32px), (min-width: 1024px) 850px\"><img fetchpriority=\"low\" decoding=\"async\" src=\"https:\/\/s.france24.com\/media\/display\/deea3398-fbea-11f0-bc89-005056bf30b7\/w:980\/AP24111698613638.jpg\" srcset=\"https:\/\/s.france24.com\/media\/display\/deea3398-fbea-11f0-bc89-005056bf30b7\/w:246\/AP24111698613638.jpg 246w,https:\/\/s.france24.com\/media\/display\/deea3398-fbea-11f0-bc89-005056bf30b7\/w:388\/AP24111698613638.jpg 388w,https:\/\/s.france24.com\/media\/display\/deea3398-fbea-11f0-bc89-005056bf30b7\/w:720\/AP24111698613638.jpg 720w,https:\/\/s.france24.com\/media\/display\/deea3398-fbea-11f0-bc89-005056bf30b7\/w:980\/AP24111698613638.jpg 980w\" sizes=\"(max-width: 1023px) calc(100vw - 32px), (min-width: 1024px) 850px\" alt=\"Soldados capturan a un hombre en el barrio de Carapungo, en Quito, Ecuador, el 18 de abril de 2024.\" style=\"max-height:567px\" loading=\"lazy\" class=\"a-img \"\/><br \/>\n<\/source><\/picture><figcaption class=\"a-figcaption\">\n                <span>Soldados capturan a un hombre en el barrio de Carapungo, en Quito, Ecuador, el 18 de abril de 2024.<\/span>                <span>\u00a9 Dolores Ochoa \/ AP<\/span>            <\/figcaption><\/figure>\n<\/p><\/div>\n<p>Sin embargo, culpar a Colombia de la crisis de seguridad ecuatoriana puede constituir<strong> una manera de eximir de responsabilidad por parte del Gobierno de Daniel Noboa<\/strong>que, desde su llegada al poder, ha visto ampl\u00edas dificultades para<strong> <\/strong>resolver la crisis de seguridad.<\/p>\n<p>mi<strong>l n\u00famero de homicidios aument\u00f3 en un 32% en Ecuador en 2025.<\/strong> Noboa lleg\u00f3 a la Presidencia en octubre de 2023.<\/p>\n<p>\u201cLa estrategia de militarizaci\u00f3n impulsada por Daniel Noboa no ha funcionado. En el interior, no ha sido capaz de contener el desarrollo de las estructuras criminales\u201d, eval\u00faa Manuel Camilo Gonz\u00e1lez Vides.<\/p>\n<p class=\"a-read-more\"><span class=\"a-read-more__label\">Leer tambi\u00e9n<\/span>Guerra comercial entre Colombia y Ecuador: aranceles, acusaciones y suspensi\u00f3n de venta de energ\u00eda<\/p>\n<h2><strong>\u00bfEst\u00e1 EE. UU. involucrado en la disputa?<\/strong><\/h2>\n<p>Si bien Estados Unidos no est\u00e1 relacionado directamente con la decisi\u00f3n ecuatoriana de imponer aranceles a Colombia, la cercan\u00eda ideol\u00f3gica entre Daniel Noboa y Donald Trump puede explicar parte de la situaci\u00f3n.<\/p>\n<p><strong>\u201cAntes de la llegada de Trump a la Casa Blanca, las relaciones entre Noboa y Petro eran amistosas<\/strong>a pesar de sus diferencias pol\u00edticas\u201d, apunta Manuel Camilo Gonz\u00e1lez Vides.<\/p>\n<blockquote class=\"quote\">\n<p>\u201cUna copia mal hecha\u201d<\/p>\n<\/blockquote>\n<p>Seg\u00fan el profesor, <strong>Donald Trump sirve de \u201cfactor disruptivo\u201d<\/strong> en la manera en la que se relacionan los pa\u00edses con Estados Unidos y tambi\u00e9n entre ellos mismos.<\/p>\n<p><strong>\u201cDaniel Noboa puede buscar demostrar a Donald Trump una cierta lealtad\u201d<\/strong>precisa el especialista en relaciones internacionales, quien insiste en que \u201cTrump espera que sus aliados lleguen a \u00e9l\u201d.<\/p>\n<p>En este escenario, Gustavo Petro, que se opuso de manera p\u00fablica al mandatario estadounidense, es una figura antagonista a la cual se puede enfrentar el presidente ecuatoriano.<\/p>\n<p>El m\u00e9todo usado por Noboa, es decir la guerra arancelaria, tambi\u00e9n se inspira abiertamente en la estrategia de negociaci\u00f3n desplegada por el actual inquilino de la Casa Blanca contra varios pa\u00edses a lo largo de los \u00faltimos meses.<\/p>\n<div class=\"m-em-image\">\n<figure class=\"m-item-image m-item-image--original m-item-image--has-caption\">\n<picture class=\"a-picture a-picture--original\"><source type=\"image\/webp\" srcset=\"https:\/\/s.france24.com\/media\/display\/97d574f4-fbea-11f0-bd90-005056bf30b7\/w:246\/AP25247569413579.webp 246w,https:\/\/s.france24.com\/media\/display\/97d574f4-fbea-11f0-bd90-005056bf30b7\/w:388\/AP25247569413579.webp 388w,https:\/\/s.france24.com\/media\/display\/97d574f4-fbea-11f0-bd90-005056bf30b7\/w:720\/AP25247569413579.webp 720w,https:\/\/s.france24.com\/media\/display\/97d574f4-fbea-11f0-bd90-005056bf30b7\/w:980\/AP25247569413579.webp 980w\" sizes=\"(max-width: 1023px) calc(100vw - 32px), (min-width: 1024px) 850px\"><img fetchpriority=\"low\" decoding=\"async\" src=\"https:\/\/s.france24.com\/media\/display\/97d574f4-fbea-11f0-bd90-005056bf30b7\/w:980\/AP25247569413579.jpg\" srcset=\"https:\/\/s.france24.com\/media\/display\/97d574f4-fbea-11f0-bd90-005056bf30b7\/w:246\/AP25247569413579.jpg 246w,https:\/\/s.france24.com\/media\/display\/97d574f4-fbea-11f0-bd90-005056bf30b7\/w:388\/AP25247569413579.jpg 388w,https:\/\/s.france24.com\/media\/display\/97d574f4-fbea-11f0-bd90-005056bf30b7\/w:720\/AP25247569413579.jpg 720w,https:\/\/s.france24.com\/media\/display\/97d574f4-fbea-11f0-bd90-005056bf30b7\/w:980\/AP25247569413579.jpg 980w\" sizes=\"(max-width: 1023px) calc(100vw - 32px), (min-width: 1024px) 850px\" alt=\"El secretario de Estado estadounidense Marco Rubio y el presidente ecuatoriano Daniel Noboa en Quito, Ecuador, el 4 de septiembre de 2025\" style=\"max-height:567px\" loading=\"lazy\" class=\"a-img \"\/><br \/>\n<\/source><\/picture><figcaption class=\"a-figcaption\">\n                <span>El secretario de Estado estadounidense Marco Rubio y el presidente ecuatoriano Daniel Noboa en Quito, Ecuador, el 4 de septiembre de 2025<\/span>                <span>\u00a9 Jacquelyn Mart\u00edn \/ AP<\/span>            <\/figcaption><\/figure>\n<\/p><\/div>\n<p>Sin embargo, la postura de Daniel Noboa aparece como \u201cuna copia mal hecha\u201d del presidente republicano, considera Manuel Camilo Gonz\u00e1lez Vides, por lo que \u201cel equilibrio en la relaci\u00f3n de Colombia con Estados Unidos o Ecuador es totalmente distinto\u201d.<\/p>\n<p>El experto duda que esta guerra llevada a cabo en el \u00e1mbito econ\u00f3mico produzca efectos positivos sobre la colaboraci\u00f3n entre ambos pa\u00edses en la lucha contra el narcotr\u00e1fico.<\/p>\n<p>Entretanto, el Gobierno colombiano indic\u00f3 el martes que propuso a Ecuador reunirse este mi\u00e9rcoles 28 de enero en Panam\u00e1, donde los presidentes de ambos pa\u00edses participar\u00e1n en el Foro Econ\u00f3mico Internacional Am\u00e9rica Latina y el Caribe, para tratar de solucionar la guerra comercial, pero a\u00fan no ha recibido una respuesta.<\/p>\n<p class=\"a-read-more\"><span class=\"a-read-more__label\">Leer tambi\u00e9n<\/span>Colombia y Ecuador se reunir\u00e1n la pr\u00f3xima semana para tratar la crisis diplom\u00e1tica y arancelaria<\/p>\n<p>Con EFE y medios locales<\/p>\n<\/p><\/div>\n\n","protected":false},"excerpt":{"rendered":"<p>Escala la guerra arancelaria entre Ecuador y Colombia. El martes 27 de enero, el Gobierno colombiano anunci\u00f3 la imposici\u00f3n de aranceles del 30% a otro grupo de productos ecuatorianos, sin precisar cu\u00e1les ser\u00edan. Esta medida se suma a los m\u00e1s de 50 productos \u2013 entre ellos el az\u00facar, el pl\u00e1tano o los neum\u00e1ticos &#8211; que &hellip;<\/p>\n","protected":false},"author":1,"featured_media":57375,"comment_status":"open","ping_status":"open","sticky":false,"template":"","format":"standard","meta":{"fifu_image_url":"https:\/\/s.france24.com\/media\/display\/3f6f747e-f733-11f0-b7c3-005056bf30b7\/w:1280\/p:16x9\/Dise%C3%B1o-sin-t%C3%ADtulo-5.jpg","fifu_image_alt":"","footnotes":""},"categories":[13],"tags":[],"class_list":["post-57373","post","type-post","status-publish","format-standard","has-post-thumbnail","","category-mundo"],"_links":{"self":[{"href":"https:\/\/noticiasveraces.com\/index.php?rest_route=\/wp\/v2\/posts\/57373","targetHints":{"allow":["GET"]}}],"collection":[{"href":"https:\/\/noticiasveraces.com\/index.php?rest_route=\/wp\/v2\/posts"}],"about":[{"href":"https:\/\/noticiasveraces.com\/index.php?rest_route=\/wp\/v2\/types\/post"}],"author":[{"embeddable":true,"href":"https:\/\/noticiasveraces.com\/index.php?rest_route=\/wp\/v2\/users\/1"}],"replies":[{"embeddable":true,"href":"https:\/\/noticiasveraces.com\/index.php?rest_route=%2Fwp%2Fv2%2Fcomments&post=57373"}],"version-history":[{"count":0,"href":"https:\/\/noticiasveraces.com\/index.php?rest_route=\/wp\/v2\/posts\/57373\/revisions"}],"wp:featuredmedia":[{"embeddable":true,"href":"https:\/\/noticiasveraces.com\/index.php?rest_route=\/wp\/v2\/media\/57375"}],"wp:attachment":[{"href":"https:\/\/noticiasveraces.com\/index.php?rest_route=%2Fwp%2Fv2%2Fmedia&parent=57373"}],"wp:term":[{"taxonomy":"category","embeddable":true,"href":"https:\/\/noticiasveraces.com\/index.php?rest_route=%2Fwp%2Fv2%2Fcategories&post=57373"},{"taxonomy":"post_tag","embeddable":true,"href":"https:\/\/noticiasveraces.com\/index.php?rest_route=%2Fwp%2Fv2%2Ftags&post=57373"}],"curies":[{"name":"wp","href":"https:\/\/api.w.org\/{rel}","templated":true}]}}