{"id":57342,"date":"2026-01-28T12:37:48","date_gmt":"2026-01-28T16:37:48","guid":{"rendered":"https:\/\/noticiasveraces.com\/?p=57342"},"modified":"2026-01-28T12:37:48","modified_gmt":"2026-01-28T16:37:48","slug":"river-plate-aprueba-un-estadio-mas-monumental-todavia","status":"publish","type":"post","link":"https:\/\/noticiasveraces.com\/?p=57342","title":{"rendered":"River Plate aprueba un estadio M\u00e2s Monumental todav\u00eda"},"content":{"rendered":"<p> \n<\/p>\n<div>\n<p data-mrf-recirculation=\"Links P\u00e1rrafos\" class=\"ue-c-article__paragraph paragraph ue-c-article--first-letter-highlighted\"><strong>R\u00edo de la Plata<\/strong> lleva meses trabajando para construir uno de los estadios m\u00e1s impresionantes del mundo y, por fin, tendr\u00e1 luz verde para ello. Y es que, tal y como inform\u00f3 el club, la ampliaci\u00f3n aprobada convertir\u00e1 su <strong>Mesa Monumental<\/strong> en el campo con mayor capacidad del planeta&#8230; hasta la remodelaci\u00f3n definitiva del <strong>Camp Nou.<\/strong><\/p>\n<p data-mrf-recirculation=\"Links P\u00e1rrafos\" class=\"ue-c-article__paragraph paragraph\"><em>El <strong>Club Atl\u00e9tico River Plate<\/strong> informa a sus socios, socias, hinchas y a la opini\u00f3n p\u00fablica en general que el club avanzar\u00e1 formalmente hacia la construcci\u00f3n de una nueva bandeja 360\u00b0 y el techado de la totalidad de las tribunas del <strong>Mesa Monumental<\/strong>. La obra llevar\u00e1 la capacidad del estadio a 101.000 personas, transform\u00e1ndolo as\u00ed en el segundo m\u00e1s grande del mundo para un club de f\u00fatbol, <\/em>deslizaba <strong>R\u00edo de la Plata<\/strong> en su comunicado.<\/p>\n<p data-mrf-recirculation=\"Links P\u00e1rrafos\" class=\"ue-c-article__paragraph paragraph\">A d\u00eda de hoy, el <strong>Monumental <\/strong>ya pod\u00eda presumir de ser el mayor estadio de toda <strong>Sudam\u00e9rica<\/strong>. Sus m\u00e1s de 85.000 localidades lo situaban por encima de templos como el <strong>Monumental de Lima<\/strong> (80.093), <strong>Maracan\u00e1<\/strong> (78.838), el <strong>Man\u00e9 Garrincha<\/strong> (72.788) y el <strong>Morumb\u00ed <\/strong>(70.795). En 2025, seg\u00fan <strong>Marca de transferencia<\/strong>fueron el club con mayor media de espectadores (85.018) por encima del <strong>Parque Se\u00f1al Iduna<\/strong> (81.365), el <strong>Estadio Allianz<\/strong> (75.000) a\u00f1os <strong>Old Trafford <\/strong>(73.880)<\/p>\n<p data-mrf-recirculation=\"Links P\u00e1rrafos\" class=\"ue-c-article__paragraph paragraph\"><strong>Los estadios con mayor media de afluencia en 2025:<\/strong><\/p>\n<ol class=\"ue-c-article__list ue-c-article__list--ordered\">\n<li><strong>M\u00e1s Monumental (R\u00edo de la Plata): 85.018<\/strong><\/li>\n<li>Signal Iduna Park (Borussia Dortmund): 81.365<\/li>\n<li>Allianz Arena (Bayern M\u00fanich): 75.000<\/li>\n<li>Old Trafford (Manchester United): 73.880<\/li>\n<li>Santiago Bernab\u00e9u (Real Madrid): 72.973<\/li>\n<\/ol>\n<p data-mrf-recirculation=\"Links P\u00e1rrafos\" class=\"ue-c-article__paragraph paragraph\">Ahora, sin embargo, dar\u00e1n un paso de gigante hasta situarse por encima de los 100.000 espectadores de capacidad gracias a las obras que se llevar\u00e1n a cabo en la cubierta para sumar 16.000 espectadores m\u00e1s. La remodelaci\u00f3n no durar\u00e1 menos de 36 meses y el proyecto fue abordado junto a <strong>Socio de Schlaich Bergermann (SBP)<\/strong>\u00abla compa\u00f1\u00eda alemana l\u00edder mundial en ingenier\u00eda de techos para grandes estadios\u00bb. Una firma de prestigio que tambi\u00e9n ha trabajado en el <strong>Metropolitano<\/strong>el <strong>Estadio del Tottenham Hotspur<\/strong>el <strong>Estadio Allianz<\/strong>, <strong>Maracan\u00e1 <\/strong>o el <strong>Bernab\u00e9u<\/strong>.<\/p>\n<p data-mrf-recirculation=\"Links P\u00e1rrafos\" class=\"ue-c-article__paragraph paragraph\"><em><strong>R\u00edo de la Plata<\/strong> contin\u00faa as\u00ed su camino de modernizaci\u00f3n, crecimiento y liderazgo hist\u00f3rico en materia de infraestructura deportiva, consolidando al estadio que so\u00f1\u00f3 <strong>Antonio V. Liberti<\/strong> como el m\u00e1s grande e importante de <strong>Am\u00e9rica <\/strong>y una referencia a nivel global<\/em>finalizaba el comunicado.<\/p>\n<p data-mrf-recirculation=\"Links P\u00e1rrafos\" class=\"ue-c-article__paragraph paragraph\">Esta perspectiva, desde luego, situar\u00e1 al club de <strong>nu\u00f1ez <\/strong>en una nueva dimensi\u00f3n&#8230; hasta el punto de convertir al <strong>Monumental <\/strong>es el segundo estadio con mayor capacidad del mundo s\u00f3lo por detr\u00e1s del nuevo <strong>Camp Nou<\/strong> (104.600). Por detr\u00e1s, ya quedar\u00e1n el <strong>Bernab\u00e9u <\/strong>(85.000), el <strong>Estadio Rose Bowl<\/strong> (92.800), <strong>Wembley <\/strong>(90.000), <strong>lucail <\/strong>(88.966) y el <strong>azteca<\/strong> (87.523). El coste, eso s\u00ed, superar\u00e1 los 100 millones de euros.<\/p>\n<\/div>\n\n","protected":false},"excerpt":{"rendered":"<p>R\u00edo de la Plata lleva meses trabajando para construir uno de los estadios m\u00e1s impresionantes del mundo y, por fin, tendr\u00e1 luz verde para ello. Y es que, tal y como inform\u00f3 el club, la ampliaci\u00f3n aprobada convertir\u00e1 su Mesa Monumental en el campo con mayor capacidad del planeta&#8230; hasta la remodelaci\u00f3n definitiva del Camp &hellip;<\/p>\n","protected":false},"author":1,"featured_media":57343,"comment_status":"open","ping_status":"open","sticky":false,"template":"","format":"standard","meta":{"fifu_image_url":"https:\/\/objetos-xlk.estaticos-marca.com\/files\/article_main_microformat\/\/uploads\/2026\/01\/28\/697a2ce032e7f.jpeg","fifu_image_alt":"","footnotes":""},"categories":[6],"tags":[],"class_list":["post-57342","post","type-post","status-publish","format-standard","has-post-thumbnail","","category-deportes"],"_links":{"self":[{"href":"https:\/\/noticiasveraces.com\/index.php?rest_route=\/wp\/v2\/posts\/57342","targetHints":{"allow":["GET"]}}],"collection":[{"href":"https:\/\/noticiasveraces.com\/index.php?rest_route=\/wp\/v2\/posts"}],"about":[{"href":"https:\/\/noticiasveraces.com\/index.php?rest_route=\/wp\/v2\/types\/post"}],"author":[{"embeddable":true,"href":"https:\/\/noticiasveraces.com\/index.php?rest_route=\/wp\/v2\/users\/1"}],"replies":[{"embeddable":true,"href":"https:\/\/noticiasveraces.com\/index.php?rest_route=%2Fwp%2Fv2%2Fcomments&post=57342"}],"version-history":[{"count":0,"href":"https:\/\/noticiasveraces.com\/index.php?rest_route=\/wp\/v2\/posts\/57342\/revisions"}],"wp:featuredmedia":[{"embeddable":true,"href":"https:\/\/noticiasveraces.com\/index.php?rest_route=\/wp\/v2\/media\/57343"}],"wp:attachment":[{"href":"https:\/\/noticiasveraces.com\/index.php?rest_route=%2Fwp%2Fv2%2Fmedia&parent=57342"}],"wp:term":[{"taxonomy":"category","embeddable":true,"href":"https:\/\/noticiasveraces.com\/index.php?rest_route=%2Fwp%2Fv2%2Fcategories&post=57342"},{"taxonomy":"post_tag","embeddable":true,"href":"https:\/\/noticiasveraces.com\/index.php?rest_route=%2Fwp%2Fv2%2Ftags&post=57342"}],"curies":[{"name":"wp","href":"https:\/\/api.w.org\/{rel}","templated":true}]}}