{"id":57333,"date":"2026-01-28T12:21:56","date_gmt":"2026-01-28T16:21:56","guid":{"rendered":"https:\/\/noticiasveraces.com\/?p=57333"},"modified":"2026-01-28T12:21:56","modified_gmt":"2026-01-28T16:21:56","slug":"el-flamengo-de-filipe-luis-rompera-la-banca-por-paqueta","status":"publish","type":"post","link":"https:\/\/noticiasveraces.com\/?p=57333","title":{"rendered":"El Flamengo de Filipe Luis \u2018romper\u00e1 la banca\u2019 por Paquet\u00e1"},"content":{"rendered":"<p> \n<\/p>\n<div>\n<p data-mrf-recirculation=\"Links P\u00e1rrafos\" class=\"ue-c-article__paragraph paragraph ue-c-article--first-letter-highlighted\">De un tiempo a esta parte, el <strong>brasile\u00f1o <\/strong>ha emergido como un actor inesperado que est\u00e1 alterando el flujo normal en el mercado de fichajes. Ya no s\u00f3lo venden por cantidades astron\u00f3micas. Tambi\u00e9n est\u00e1n invirtiendo unas cantidades nunca antes vistas que les han convertido en el dominador absoluto de la Libertadores. Ah\u00ed, el <strong>flamenco <\/strong>de <strong>Filipe Luis<\/strong> es el \u2018rey\u2019\u2026 y \u2018romper\u00e1 la banca\u2019 para traer de vuelta a <strong>Lucas Paquet\u00e1<\/strong> desde el <strong>jam\u00f3n del oeste<\/strong>que ya ha dado anunciado que ambos clubes han alcanzando un acuerdo y han dado permiso al brasile\u00f1o para que pase reconocimiento m\u00e9dico.<span\/><\/p>\n<p data-mrf-recirculation=\"Links P\u00e1rrafos\" class=\"ue-c-article__paragraph paragraph\">Hace semanas, <strong>Crucero <\/strong>hab\u00eda convertido a <strong>Gerson <\/strong>\u2014se march\u00f3 de <strong>&#39;fla&#39;<\/strong> en verano por 25 millones\u2014 en el fichaje m\u00e1s caro en la historia del f\u00fatbol brasile\u00f1o tras poner 27 millones encima de la mesa para sacarlo del <strong>Zenit<\/strong>\u2026 desbancado a un <strong>V\u00edctor Roque<\/strong> por el que <strong>palmeras <\/strong>hab\u00eda pagado 25 millones tan s\u00f3lo seis meses antes. Pero, a pesar de venir de conquistar el doblete de <strong>libertadores <\/strong>y <strong>brasile\u00f1o<\/strong>, <strong>flamenco <\/strong>ha destrozado el mercado invirtiendo 41 millones para firmar a un <strong>Paquet\u00e1 <\/strong>que, hace en enero de 2019, sali\u00f3 rumbo al <strong>Mil\u00e1n <\/strong>por 38 \u2018kilos\u2019.<span\/><\/p>\n<p data-mrf-recirculation=\"Links P\u00e1rrafos\" class=\"ue-c-article__paragraph paragraph\">Lo cierto es que supone casi la mitad del precio que, seg\u00fan se inform\u00f3 desde Inglaterra en su momento, estuvo dispuesto a pagar el <strong>ciudad de manchester<\/strong> para ficharlo. Una operaci\u00f3n que, sin embargo, se acab\u00f3 truncando una vez se desataron las acusaciones que se\u00f1alaban a <strong>lucas<\/strong><strong>Paquet\u00e1 <\/strong>como implicado en un caso de apuestas que le ha perseguido durante los \u00faltimos tiempos.<span\/><\/p>\n<p data-mrf-recirculation=\"Links P\u00e1rrafos\" class=\"ue-c-article__paragraph paragraph\"><em><strong>lucas <\/strong>ha dejado claro que, por motivos personales y familiares, desea regresar a su casa en <strong>Brasil <\/strong>y comenzar de nuevo despu\u00e9s de haber sido absuelto en julio de 2025 de los cargos de mala conducta de la <strong>FA <\/strong>que tardaron dos a\u00f1os en resolverse, una situaci\u00f3n que le caus\u00f3 una tensi\u00f3n mental significativa. A pesar de que el Club hizo todo lo posible para convencer a <strong>lucas <\/strong>de que se quedara, este se ha mantenido firme en su deseo de marcharse. Por ello, el entrenador y el Club han accedido, a rega\u00f1adientes, a aceptar su solicitud de traspaso<\/em>deslizaba el comunicado del <strong>West Ham.<\/strong><\/p>\n<p data-mrf-recirculation=\"Links P\u00e1rrafos\" class=\"ue-c-article__paragraph paragraph\">El mediapunta brasile\u00f1o, internacional con la <strong>\u2018Canarinha\u2019<\/strong> en 61 ocasiones, no se ha escondido a la hora de expresar el calvario que ha vivido desde entonces. Por ello, a escasos meses de entrar en su \u00faltimo a\u00f1o de contrato en <strong>Londres<\/strong>, <strong>flamenco <\/strong>puso en marcha la maquinaria para iniciar las negociaciones con un <strong>jam\u00f3n del oeste<\/strong> \u2018condenado\u2019 a venderlo\u2026 a pesar de la delicada situaci\u00f3n que atraviesa en <strong>Primer ministro<\/strong>.<span\/><\/p>\n<p data-mrf-recirculation=\"Links P\u00e1rrafos\" class=\"ue-c-article__paragraph paragraph\">A <strong>flamenco<\/strong>desde luego, supone una incorporaci\u00f3n de muchos quilates que no hace m\u00e1s que reforzar su objetivo por repetir la exitosa campa\u00f1a lograda el curso pasado. Sobre todo, por su polivalencia para desempe\u00f1arse en el doblete pivote, mediapunta, ambos costados e, incluso, como falso &#8216;9&#8217;. Ahora bien, es tal el nivel con el que cuenta <strong>Filipe Luis<\/strong> en todas estas demarcaciones que no va a ser sencillo darle cabida a todos. Bendito problema, dir\u00eda alguno.<span\/><\/p>\n<h2 class=\"ue-c-article__subheadline\">Una realidad que preocupa a Sudam\u00e9rica<\/h2>\n<p data-mrf-recirculation=\"Links P\u00e1rrafos\" class=\"ue-c-article__paragraph paragraph\">El fichaje de <strong>Paquet\u00e1 <\/strong>por <strong>flamenco <\/strong>no es m\u00e1s que la confirmaci\u00f3n de una realidad que lleva a\u00f1os preocupando al f\u00fatbol sudamericano. Y es que, mientras en el resto de ligas se ven obligados a vender a sus mejores activos a precio de saldo, el <strong>brasile\u00f1o <\/strong>es cada vez m\u00e1s poderoso.\u00a0Prueba de ello es que han conquistado las \u00faltimas siete ediciones de la <strong>Copa Libertadores<\/strong> y, durante este per\u00edodo, se han completado los 10 fichajes m\u00e1s caros en la historia del f\u00fatbol brasile\u00f1o.<span\/><\/p>\n<\/div>\n\n","protected":false},"excerpt":{"rendered":"<p>De un tiempo a esta parte, el brasile\u00f1o ha emergido como un actor inesperado que est\u00e1 alterando el flujo normal en el mercado de fichajes. Ya no s\u00f3lo venden por cantidades astron\u00f3micas. Tambi\u00e9n est\u00e1n invirtiendo unas cantidades nunca antes vistas que les han convertido en el dominador absoluto de la Libertadores. Ah\u00ed, el flamenco de &hellip;<\/p>\n","protected":false},"author":1,"featured_media":57334,"comment_status":"open","ping_status":"open","sticky":false,"template":"","format":"standard","meta":{"fifu_image_url":"https:\/\/objetos-xlk.estaticos-marca.com\/files\/article_main_microformat\/\/uploads\/2026\/01\/28\/697a33c6edd89.jpeg","fifu_image_alt":"","footnotes":""},"categories":[6],"tags":[],"class_list":["post-57333","post","type-post","status-publish","format-standard","has-post-thumbnail","","category-deportes"],"_links":{"self":[{"href":"https:\/\/noticiasveraces.com\/index.php?rest_route=\/wp\/v2\/posts\/57333","targetHints":{"allow":["GET"]}}],"collection":[{"href":"https:\/\/noticiasveraces.com\/index.php?rest_route=\/wp\/v2\/posts"}],"about":[{"href":"https:\/\/noticiasveraces.com\/index.php?rest_route=\/wp\/v2\/types\/post"}],"author":[{"embeddable":true,"href":"https:\/\/noticiasveraces.com\/index.php?rest_route=\/wp\/v2\/users\/1"}],"replies":[{"embeddable":true,"href":"https:\/\/noticiasveraces.com\/index.php?rest_route=%2Fwp%2Fv2%2Fcomments&post=57333"}],"version-history":[{"count":0,"href":"https:\/\/noticiasveraces.com\/index.php?rest_route=\/wp\/v2\/posts\/57333\/revisions"}],"wp:featuredmedia":[{"embeddable":true,"href":"https:\/\/noticiasveraces.com\/index.php?rest_route=\/wp\/v2\/media\/57334"}],"wp:attachment":[{"href":"https:\/\/noticiasveraces.com\/index.php?rest_route=%2Fwp%2Fv2%2Fmedia&parent=57333"}],"wp:term":[{"taxonomy":"category","embeddable":true,"href":"https:\/\/noticiasveraces.com\/index.php?rest_route=%2Fwp%2Fv2%2Fcategories&post=57333"},{"taxonomy":"post_tag","embeddable":true,"href":"https:\/\/noticiasveraces.com\/index.php?rest_route=%2Fwp%2Fv2%2Ftags&post=57333"}],"curies":[{"name":"wp","href":"https:\/\/api.w.org\/{rel}","templated":true}]}}