{"id":57325,"date":"2026-01-28T11:53:01","date_gmt":"2026-01-28T15:53:01","guid":{"rendered":"https:\/\/noticiasveraces.com\/?p=57325"},"modified":"2026-01-28T11:53:01","modified_gmt":"2026-01-28T15:53:01","slug":"hidrocapital-culmino-trabajos-de-mantenimiento","status":"publish","type":"post","link":"https:\/\/noticiasveraces.com\/?p=57325","title":{"rendered":"Hidrocapital culmin\u00f3 trabajos de mantenimiento"},"content":{"rendered":"<p> \n<\/p>\n<div>\n<p>La Hidrol\u00f3gica de la Regi\u00f3n Capital (<strong>Hidrocapital<\/strong>) anunci\u00f3 el mi\u00e9rcoles 28 de enero que <strong>la parada programada de mantenimiento preventivo al sistema Tuy III<\/strong> fue finalizada con \u00e9xito. <\/p>\n<p>De acuerdo con la informaci\u00f3n publicada por la empresa estatal en su cuenta de Instagram, <strong>las cuadrillas ejecutaron maniobras para recuperar 107 litros de agua<\/strong> por segundo (L\/S), y se establecieron puntos de atenci\u00f3n en tuber\u00edas, plantas potabilizadoras, estaciones de bombeo y componentes el\u00e9ctricos que necesitaban ser abordados durante el operativo.<\/p>\n<p>Asimismo, se efectuaron <strong>labores correctivas en la aducci\u00f3n principal de 85 pulgadas de di\u00e1metro<\/strong>a la altura del sector Camatag\u00fcita, as\u00ed como tambi\u00e9n se hizo <strong>mantenimiento electromec\u00e1nico en los grupos de bombeo de las estaciones 31, Mamonal, 33 y La Chara<\/strong>.<\/p>\n<p>Por esta situaci\u00f3n se vieron afectados en la distribuci\u00f3n del servicio de agua los habitantes de varias parroquias de<strong> Distrito Capital<\/strong>, <strong>miranda <\/strong>y <strong>La Guaira<\/strong> los d\u00edas lunes 26 y martes 27 de enero.<\/p>\n<h2 class=\"wp-block-heading\" id=\"h-trabajos-realizados-por-hidrocapital\"><strong>Trabajos realizados por Hidrocapital<\/strong><\/h2>\n<figure class=\"wp-block-image size-large is-resized\"><picture fetchpriority=\"high\" decoding=\"async\" class=\"wp-image-529682\" style=\"aspect-ratio:1.5020226662137541;width:805px;height:auto\"><source type=\"image\/webp\" srcset=\"https:\/\/eldiario.com\/wp-content\/uploads\/2023\/06\/water-tap-1933195-1280-760x506.jpg.webp 760w, https:\/\/eldiario.com\/wp-content\/uploads\/2023\/06\/water-tap-1933195-1280-300x200.jpg.webp 300w, https:\/\/eldiario.com\/wp-content\/uploads\/2023\/06\/water-tap-1933195-1280-768x512.jpg.webp 768w, https:\/\/eldiario.com\/wp-content\/uploads\/2023\/06\/water-tap-1933195-1280-150x100.jpg.webp 150w, https:\/\/eldiario.com\/wp-content\/uploads\/2023\/06\/water-tap-1933195-1280.jpg.webp 1280w\" sizes=\"(max-width: 760px) 100vw, 760px\"\/><img fetchpriority=\"high\" decoding=\"async\" width=\"760\" height=\"506\" src=\"https:\/\/eldiario.com\/wp-content\/uploads\/2023\/06\/water-tap-1933195-1280-760x506.jpg\" alt=\"Hidrocapital anunci\u00f3 nuevo corte de agua por mantenimiento en Tuy II: estas son las zonas afectadas \" srcset=\"https:\/\/eldiario.com\/wp-content\/uploads\/2023\/06\/water-tap-1933195-1280-760x506.jpg 760w, https:\/\/eldiario.com\/wp-content\/uploads\/2023\/06\/water-tap-1933195-1280-300x200.jpg 300w, https:\/\/eldiario.com\/wp-content\/uploads\/2023\/06\/water-tap-1933195-1280-768x512.jpg 768w, https:\/\/eldiario.com\/wp-content\/uploads\/2023\/06\/water-tap-1933195-1280-150x100.jpg 150w, https:\/\/eldiario.com\/wp-content\/uploads\/2023\/06\/water-tap-1933195-1280.jpg 1280w\" sizes=\"(max-width: 760px) 100vw, 760px\"\/>\n<\/picture><figcaption class=\"wp-element-caption\">Foto: Pixabay<\/figcaption><\/figure>\n<p>Se trata del <strong>primer mantenimiento anunciado por Hidrocapital<\/strong>aunque sus maniobras de mantenimiento son recurrentes. El 2 de junio de 2025, la empresa anunci\u00f3 otra parada programada, pero en este caso, al sistema Tuy II. <\/p>\n<p>Un equipo conformado por ingenieros, t\u00e9cnicos y personal obrero especializado realiz\u00f3 una serie de trabajos, seg\u00fan informaci\u00f3n publicada por la empresa estatal en su cuenta de Instagram.<\/p>\n<p>En esta oportunidad, las maniobras se ejecutaron en municipios del Distrito Capital y Miranda. <\/p>\n<p>Hidrocapital explic\u00f3 que estos trabajos son para <strong>mejorar el suministro en los ejes de todo el territorio nacional. <\/strong><\/p>\n<p><!-- CONTENT END 1 -->\n<\/div>\n\n","protected":false},"excerpt":{"rendered":"<p>La Hidrol\u00f3gica de la Regi\u00f3n Capital (Hidrocapital) anunci\u00f3 el mi\u00e9rcoles 28 de enero que la parada programada de mantenimiento preventivo al sistema Tuy III fue finalizada con \u00e9xito. De acuerdo con la informaci\u00f3n publicada por la empresa estatal en su cuenta de Instagram, las cuadrillas ejecutaron maniobras para recuperar 107 litros de agua por segundo &hellip;<\/p>\n","protected":false},"author":1,"featured_media":57327,"comment_status":"open","ping_status":"open","sticky":false,"template":"","format":"standard","meta":{"fifu_image_url":"https:\/\/eldiario.com\/wp-content\/uploads\/2025\/10\/Hidrocapital.jpg","fifu_image_alt":"","footnotes":""},"categories":[13],"tags":[],"class_list":["post-57325","post","type-post","status-publish","format-standard","has-post-thumbnail","","category-mundo"],"_links":{"self":[{"href":"https:\/\/noticiasveraces.com\/index.php?rest_route=\/wp\/v2\/posts\/57325","targetHints":{"allow":["GET"]}}],"collection":[{"href":"https:\/\/noticiasveraces.com\/index.php?rest_route=\/wp\/v2\/posts"}],"about":[{"href":"https:\/\/noticiasveraces.com\/index.php?rest_route=\/wp\/v2\/types\/post"}],"author":[{"embeddable":true,"href":"https:\/\/noticiasveraces.com\/index.php?rest_route=\/wp\/v2\/users\/1"}],"replies":[{"embeddable":true,"href":"https:\/\/noticiasveraces.com\/index.php?rest_route=%2Fwp%2Fv2%2Fcomments&post=57325"}],"version-history":[{"count":0,"href":"https:\/\/noticiasveraces.com\/index.php?rest_route=\/wp\/v2\/posts\/57325\/revisions"}],"wp:featuredmedia":[{"embeddable":true,"href":"https:\/\/noticiasveraces.com\/index.php?rest_route=\/wp\/v2\/media\/57327"}],"wp:attachment":[{"href":"https:\/\/noticiasveraces.com\/index.php?rest_route=%2Fwp%2Fv2%2Fmedia&parent=57325"}],"wp:term":[{"taxonomy":"category","embeddable":true,"href":"https:\/\/noticiasveraces.com\/index.php?rest_route=%2Fwp%2Fv2%2Fcategories&post=57325"},{"taxonomy":"post_tag","embeddable":true,"href":"https:\/\/noticiasveraces.com\/index.php?rest_route=%2Fwp%2Fv2%2Ftags&post=57325"}],"curies":[{"name":"wp","href":"https:\/\/api.w.org\/{rel}","templated":true}]}}