{"id":57317,"date":"2026-01-28T08:50:01","date_gmt":"2026-01-28T12:50:01","guid":{"rendered":"https:\/\/noticiasveraces.com\/?p=57317"},"modified":"2026-01-28T08:50:01","modified_gmt":"2026-01-28T12:50:01","slug":"expediente-no-24-109-25-correo-del-caroni","status":"publish","type":"post","link":"https:\/\/noticiasveraces.com\/?p=57317","title":{"rendered":"Expediente N\u00ba 24.109-25 \u2013 Correo del Caron\u00ed"},"content":{"rendered":"<p> \n<\/p>\n<div data-id=\"32b8dfe8\" data-element_type=\"widget\" id=\"texto\" data-widget_type=\"theme-post-content.default\">\n<div class=\"elementor-widget-container\">\n<figure class=\"wp-block-image aligncenter size-full is-resized\"><img fetchpriority=\"high\" decoding=\"async\" width=\"300\" height=\"350\" alt=\"\" class=\"wp-image-94150 ewww_webp\" style=\"width:135px;height:auto\" src-img=\"https:\/\/correodelcaroni.com\/wp-content\/uploads\/2023\/06\/Escudo_TSJ_carteles2.jpg\" src-webp=\"https:\/\/correodelcaroni.com\/wp-content\/uploads\/2023\/06\/Escudo_TSJ_carteles2.jpg.webp\" data-eio=\"j\"\/><img fetchpriority=\"high\" decoding=\"async\" width=\"300\" height=\"350\" src=\"https:\/\/correodelcaroni.com\/wp-content\/uploads\/2023\/06\/Escudo_TSJ_carteles2.jpg\" alt=\"\" class=\"wp-image-94150\" style=\"width:135px;height:auto\"\/><\/figure>\n<p class=\"has-text-align-center has-black-color has-text-color has-link-color wp-elements-abe285bd3211bfadfd347fe5842aa020\"><strong>REP\u00daBLICA BOLIVARIANA DE VENEZUELA<\/strong><\/p>\n<p class=\"has-text-align-center has-black-color has-text-color has-link-color wp-elements-ced9093d4c8a5eb4acf3506bc121d2da\"><strong>TRIBUNAL SEGUNDO DE MUNICIPIO ORDINARIO Y EJECUTOR DE MEDIDAS DEL MUNICIPIO CARON\u00cd DEL SEGUNDO CIRCUITO DE LA CIRCUNSCRIPCI\u00d3N JUDICIAL DEL ESTADO BOL\u00cdVAR<\/strong><\/p>\n<p class=\"has-text-align-right has-black-color has-text-color has-link-color wp-elements-14277a5a74cbe2087166d7b59bbce3d6\">PUERTO ORDAZ, 10 DE DICIEMBRE DEL 2.025<\/p>\n<p class=\"has-text-align-right has-black-color has-text-color has-link-color wp-elements-aab7e24b4b36f1bc5a2297bd947574ac\">A\u00d1OS: 214\u00b0 Y 166\u00b0<\/p>\n<p class=\"has-text-align-right has-black-color has-text-color has-link-color wp-elements-f18de2da0d9cb6d7c4b4e13f3971179e\"><span style=\"text-decoration: underline;\">JURISDICCI\u00d3N CIVIL<\/span><\/p>\n<p class=\"has-text-align-center has-black-color has-text-color has-link-color has-medium-font-size wp-elements-9f0abe07c7617ce32ca386c6f005c8ce\"><strong>CARTEL<\/strong><\/p>\n<p class=\"has-text-align-center has-black-color has-text-color has-link-color wp-elements-487860b9fd2c7777ebcbaa8ddc5ccc38\"><strong><u>SE HACE SABER<\/u><\/strong><strong>:<\/strong><\/p>\n<p class=\"has-black-color has-text-color has-link-color wp-elements-b6c6b7973d1f7f822a2c3c7810b9b044\">A todas las personas que puedan tener inter\u00e9s subjetivo, directo y actual en la solicitud de <strong>ACTA DE RECTIFICACI\u00d3N DE FUNCI\u00d3N<\/strong> presentado por la cludadana: <strong>MARILIN DEL VALLE SUAREZ VILLARROEL<\/strong>venezolana, mayor de edad, titular de la cedula de identidad N\u00b0 V-13.981.210, debidamente asistida por la abogada <strong><u>ANG\u00c9LICA MOLINA<\/u><\/strong>inscrita en el I.P.S.A bajo el N\u00ba 193.333, que por auto dictado en esta misma fecha (10\/12\/2025) este Tribunal, de conformidad con lo establecido en el Art\u00edculo 770 del C\u00f3digo de Procedimiento Civil, orden\u00f3 su Emplazamiento mediante la publicaci\u00f3n de un <strong><u>CARTEL<\/u><\/strong>  en un <strong><u>Diario de los de mayor circulaci\u00f3n nacional en la regi\u00f3n<\/u><\/strong>a los fines de su comparecencia por ante este Juzgado, <strong><u>Alabama<\/u> d\u00e9cimo (10\u00b0) d\u00eda de despacho siguiente<\/strong> a que conste en autos la publicaci\u00f3n y consignaci\u00f3n del presente cartel, a objeto de que manifiesten lo que consideren pertinente con respecto a dicha solicitud, quedando entendido que una vez cumplida dicha formalidad la causa quedar\u00e1 abierta a pruebas por diez (10) d\u00edas, previa citaci\u00f3n y opini\u00f3n favorable del Ministerio P\u00fablico.<\/p>\n<p class=\"has-black-color has-text-color has-link-color wp-elements-4bff50324675e17529ad0dc1bab423da\">Que el Acta de Defunci\u00f3n que se trata de subsanar, pertenece a la ciudadana De Cujus: <strong>DOMELIS DEL VALLE VILLARROEL GUEVARA<\/strong>quien en vida era su madre, venezolana, mayor de edad, titular de la cedula de identidad N\u00b0 V-5.856.261, la cual se encuentra inserta bajo el Acta N\u00ba 73, Libro N\u00ba 1, del a\u00f1o 2012, de los libros de defunci\u00f3n llevados por ante la Oficina de Registro Civil del Municipio Caron\u00ed del Estado Bol\u00edvar. Dicha solicitud de rectificaci\u00f3n consiste en que, por sentencia definitiva, se ordene corregir el error que adolece, en el siguiente t\u00e9rmino: <strong>PRIMERO<\/strong>: al momento del levantamiento del acta, por error involuntario espec\u00edficamente en la l\u00ednea N\u00b0 20, se transcribi\u00f3 en el nombre de uno de los hijos de la causante como: \u201cALEXIS Y ALEXIS ORLANDO SUAREZ VILLARROEL\u201d, lo cual a su decir, es incorrecto, por cuanto se repite dos veces el primer nombre. Siendo lo correcto: <strong><u>\u201cALEXIS ORLANDO SUAREZ VILLARROEL\u201d<\/u><\/strong>.<\/p>\n<p class=\"has-black-color has-text-color has-link-color wp-elements-c234748268ee3d30708042a9276e7d53\"><strong><br \/>LA JUEZA<\/strong><\/p>\n<p class=\"has-black-color has-text-color has-link-color wp-elements-dce35cd9d5513f417cb8b6bca3e5688b\">(FDO. y SELLADO)<\/p>\n<p class=\"has-black-color has-text-color has-link-color wp-elements-f8d10b4af5bccf19d1105bb297acdf85\"><strong>MARIENNYS JOSE SALAZAR NORIEGA<\/strong><\/p>\n<p class=\"has-text-align-right has-black-color has-text-color has-link-color wp-elements-26c9e8eb09cb14b9dfa278312532e99a\"><strong>LA SECRETARIA ACCIDENTAL<\/strong>,<\/p>\n<p class=\"has-text-align-right has-black-color has-text-color has-link-color wp-elements-c4ed7ca6826b4e12a6cf617f7f6f7b43\">(FDO.)<\/p>\n<p class=\"has-text-align-right has-black-color has-text-color has-link-color wp-elements-38a053163c77c180784520338d5cff8a\"><strong>DANIELA ALEJANDRA PALMA MEDINA<\/strong><\/p>\n<p class=\"has-black-color has-text-color has-link-color wp-elements-c91484cbe6e76105379008bae0d032ff\">MJSN\/Dapm\/Blaruth.-<\/p>\n<p class=\"has-black-color has-text-color has-link-color wp-elements-27c139dc081aadba8dacd6c7a68b3f38\">exp. N\u00ba 24.109-25<\/p>\n<p><iframe style=\"border: 0px none #ffffff;\" name=\"myiFrame\" width=\"800px\" height=\"650px\" marginwidth=\"0\" marginheight=\"0\" scrolling=\"no\" data-src=\"https:\/\/correodelcaroni.com\/wp-content\/uploads\/2026\/01\/Cartel_24109-25_Web.pdf\" class=\"lazyload\"><\/iframe><\/p>\n<\/p><\/div>\n<\/p><\/div>\n\n","protected":false},"excerpt":{"rendered":"<p>REP\u00daBLICA BOLIVARIANA DE VENEZUELA TRIBUNAL SEGUNDO DE MUNICIPIO ORDINARIO Y EJECUTOR DE MEDIDAS DEL MUNICIPIO CARON\u00cd DEL SEGUNDO CIRCUITO DE LA CIRCUNSCRIPCI\u00d3N JUDICIAL DEL ESTADO BOL\u00cdVAR PUERTO ORDAZ, 10 DE DICIEMBRE DEL 2.025 A\u00d1OS: 214\u00b0 Y 166\u00b0 JURISDICCI\u00d3N CIVIL CARTEL SE HACE SABER: A todas las personas que puedan tener inter\u00e9s subjetivo, directo y actual &hellip;<\/p>\n","protected":false},"author":1,"featured_media":57319,"comment_status":"open","ping_status":"open","sticky":false,"template":"","format":"standard","meta":{"fifu_image_url":"https:\/\/correodelcaroni.com\/wp-content\/uploads\/2022\/06\/Imagen-Cartel-2.jpg","fifu_image_alt":"","footnotes":""},"categories":[13],"tags":[],"class_list":["post-57317","post","type-post","status-publish","format-standard","has-post-thumbnail","","category-mundo"],"_links":{"self":[{"href":"https:\/\/noticiasveraces.com\/index.php?rest_route=\/wp\/v2\/posts\/57317","targetHints":{"allow":["GET"]}}],"collection":[{"href":"https:\/\/noticiasveraces.com\/index.php?rest_route=\/wp\/v2\/posts"}],"about":[{"href":"https:\/\/noticiasveraces.com\/index.php?rest_route=\/wp\/v2\/types\/post"}],"author":[{"embeddable":true,"href":"https:\/\/noticiasveraces.com\/index.php?rest_route=\/wp\/v2\/users\/1"}],"replies":[{"embeddable":true,"href":"https:\/\/noticiasveraces.com\/index.php?rest_route=%2Fwp%2Fv2%2Fcomments&post=57317"}],"version-history":[{"count":0,"href":"https:\/\/noticiasveraces.com\/index.php?rest_route=\/wp\/v2\/posts\/57317\/revisions"}],"wp:featuredmedia":[{"embeddable":true,"href":"https:\/\/noticiasveraces.com\/index.php?rest_route=\/wp\/v2\/media\/57319"}],"wp:attachment":[{"href":"https:\/\/noticiasveraces.com\/index.php?rest_route=%2Fwp%2Fv2%2Fmedia&parent=57317"}],"wp:term":[{"taxonomy":"category","embeddable":true,"href":"https:\/\/noticiasveraces.com\/index.php?rest_route=%2Fwp%2Fv2%2Fcategories&post=57317"},{"taxonomy":"post_tag","embeddable":true,"href":"https:\/\/noticiasveraces.com\/index.php?rest_route=%2Fwp%2Fv2%2Ftags&post=57317"}],"curies":[{"name":"wp","href":"https:\/\/api.w.org\/{rel}","templated":true}]}}