{"id":57272,"date":"2026-01-28T03:44:49","date_gmt":"2026-01-28T07:44:49","guid":{"rendered":"https:\/\/noticiasveraces.com\/?p=57272"},"modified":"2026-01-28T03:44:49","modified_gmt":"2026-01-28T07:44:49","slug":"el-cambio-sera-inmenso-petro-responde-a-acusacion-de-noboa-con-un-video-del-combate-al-narcotrafico","status":"publish","type":"post","link":"https:\/\/noticiasveraces.com\/?p=57272","title":{"rendered":"\u00abEl cambio ser\u00e1 inmenso\u00bb: Petro responde a acusaci\u00f3n de Noboa con un video del combate al narcotr\u00e1fico"},"content":{"rendered":"<p> \n<\/p>\n<div>\n<p>El presidente de Colombia, Gustavo Petro, respondi\u00f3 con un video de la sustituci\u00f3n voluntaria de cultivos de coca en una zona fronteriza con Ecuador a las acusaciones de su par ecuatoriano,\u00a0Daniel Noboa, de\u00a0supuesta falta de reciprocidad en el combate fronterizo al narcotr\u00e1fico, que decidi\u00f3 combatir con un aumento de aranceles contra la\u00a0naci\u00f3n vecina.<\/p>\n<p>\u00abMire, presidente [de Ecuador Daniel] Noboa, el <strong>cambio que estamos haciendo precisamente en la frontera,<\/strong> dirigido por la Presidencia de la Rep\u00fablica de Colombia.\u00a0Es con el pueblo que estamos transformando la frontera para bien\u00bb, public\u00f3 el mandatario colombiano en su cuenta de X.<\/p>\n<h3>\u00abEl cambio ser\u00e1 inmenso\u00bb<\/h3>\n<p>En las im\u00e1genes se puede ver c\u00f3mo los vecinos del distrito de Tumaco (Nari\u00f1o), ubicado en el suroeste de Colombia y lim\u00edtrofe con Ecuador, erradican una <strong>plantaci\u00f3n de coca<\/strong>.<\/p>\n<p>\u00abEs un cultivo que nos metieron. Fue por medio de la necesidad y la falta de oportunidades de cr\u00e9dito\u00bb, y por la falta de apoyo de los gobiernos anteriores, revel\u00f3 uno de los campesinos.<br \/>Se\u00f1al\u00f3 que, a d\u00eda de hoy, la comunidad\u00a0entiende que \u00ab<strong>no es el camino correcto para seguir<\/strong> por esta mata\u00bb.<\/p>\n<blockquote>\n<p>\u00abLa gente se dio cuenta de que con un buen precio de los cultivos l\u00edcitos se puede salir del problema que tenemos hoy, como es la coca\u00bb, agreg\u00f3.<\/p>\n<\/blockquote>\n<p>Explic\u00f3 que se trataba de<strong> una oportunidad de vida<\/strong>ya que, en vez de sembrar una hect\u00e1rea de coca, podr\u00edan plantar dos o tres hect\u00e1reas de cultivos l\u00edcitos, como cacao o palma, con lo que <strong>sostener su n\u00facleo familiar<\/strong>.<\/p>\n<p>Otra vecina asever\u00f3 que <strong>el cultivo de coca \u00abno vale la pena\u00bb<\/strong>. \u00abNo nos interesa, no queremos, porque sabemos que no tiene ni futuro ni desarrollo para nosotros como territorio\u00bb, a\u00f1adi\u00f3.\u00a0La mujer expres\u00f3 su confianza:\u00a0\u00abSabemos que esta transformaci\u00f3n va a traer cambio, va a evitar desplazamiento\u00bb. \u00abEl cambio ser\u00e1 inmenso\u00bb, concluy\u00f3.<\/p>\n<h3>Ecuador vs Colombia<\/h3>\n<p>La crisis entre las dos naciones latinoamericanas se agrav\u00f3 la semana pasada, despu\u00e9s de que Noboa anunciara\u00a0la aplicaci\u00f3n de un arancel del 30 % a los productos que el pa\u00eds importa desde Colombia.<\/p>\n<p>El mandatario ecuatoriano afirm\u00f3 que Quito hab\u00eda \u00abhecho esfuerzos reales de cooperaci\u00f3n con Colombia, incluso con <strong>un d\u00e9ficit comercial que supera los 1.000 millones de d\u00f3lares anuales<\/strong>\u00ab, pero,\u00a0seg\u00fan \u00e9l, mientras tanto los\u00a0militares ecuatorianos \u00absiguen enfrentando a grupos criminales atados al narcotr\u00e1fico en la frontera sin cooperaci\u00f3n alguna\u00bb.<\/p>\n<div class=\"ReadMore-root Section-root Section-is1to3-xs_is1to1\" data-widgets=\"ReadMore\">\n<div class=\"Section-container Section-isRow-isTop-isWrap\">\n<article class=\"Card-root Card-is1to1 Card-default \">\n<div class=\"Card-imageWrap\">\n<div class=\"Card-picture\">\n<picture class=\"Picture-root Picture-default\"><!--[if IE 9]><video style=\"display: none;\"><![endif]--><source media=\"(-webkit-min-device-pixel-ratio: 2) and (min-resolution: 120dpi)\" data-srcset=\"&#10;                                            https:\/\/mfes.b37m.ru\/actualidad\/public_images\/2026.01\/thumbnail\/6978ce2f59bf5b18fe51510e.jpg 850w,&#10;                                    https:\/\/mfes.b37m.ru\/actualidad\/public_images\/2026.01\/article\/6978ce2f59bf5b18fe51510e.jpg 1960w,            \" srcset=\"&#10;                                    data:image\/png;base64,iVBORw0KGgoAAAANSUhEUgAAABAAAAAJCAQAAACRI2S5AAAAEElEQVR42mNkIAAYRxWAAQAG9gAKqv6+AwAAAABJRU5ErkJggg==&#10;                            \"><source data-srcset=\"&#10;                                            https:\/\/mfes.b37m.ru\/actualidad\/public_images\/2026.01\/thumbnail\/6978ce2f59bf5b18fe51510e.jpg 460,&#10;                                  https:\/\/mfes.b37m.ru\/actualidad\/public_images\/2026.01\/article\/6978ce2f59bf5b18fe51510e.jpg 980w,&#10;            \" srcset=\"&#10;                                    data:image\/png;base64,iVBORw0KGgoAAAANSUhEUgAAABAAAAAJCAQAAACRI2S5AAAAEElEQVR42mNkIAAYRxWAAQAG9gAKqv6+AwAAAABJRU5ErkJggg==&#10;                            \"><!--[if IE 9]><\/video><![endif]--><img decoding=\"async\" data-sizes=\"auto\" src=\"&#10;                                    data:image\/png;base64,iVBORw0KGgoAAAANSUhEUgAAABAAAAAJCAQAAACRI2S5AAAAEElEQVR42mNkIAAYRxWAAQAG9gAKqv6+AwAAAABJRU5ErkJggg==&#10;                            \" class=\"Picture-root Picture-default lazyload\" data-src=\"https:\/\/mfes.b37m.ru\/actualidad\/public_images\/2026.01\/thumbnail\/6978ce2f59bf5b18fe51510e.jpg\" alt=\"Noboa escala la crisis con Colombia al aumentar 900 % la tarifa del oleoducto\"\/><\/source><\/source><\/picture><!-- noscript pattern --><img decoding=\"async\" src=\"https:\/\/mfes.b37m.ru\/actualidad\/public_images\/2026.01\/article\/6978ce2f59bf5b18fe51510e.jpg\" alt=\"Noboa escala la crisis con Colombia al aumentar 900 % la tarifa del oleoducto\"\/>    <\/div>\n<\/p><\/div>\n<\/article><\/div>\n<\/p><\/div>\n<p>\u00abPor eso, ante la\u00a0falta de reciprocidad\u00a0y acciones firmes, el Ecuador aplicar\u00e1 una tasa de seguridad\u00bb, justific\u00f3 la medida, que entrar\u00e1 en vigencia a partir del pr\u00f3ximo 1 de febrero y\u00a0se mantendr\u00e1 hasta que \u00abexista un compromiso real para enfrentar juntos el narcotr\u00e1fico y la miner\u00eda ilegal en la frontera, con la misma seriedad y decisi\u00f3n que hoy el Ecuador asume\u00bb.<\/p>\n<p>Tras este anuncio, Petro\u00a0resolvi\u00f3\u00a0suspender\u00a0temporalmente la <strong data-start=\"636\" data-end=\"693\">venta de energ\u00eda el\u00e9ctrica a Ecuador<\/strong>aunque asegur\u00f3 que\u00a0la medida\u00a0no obedec\u00eda a\u00a0una \u00abrepresalia\u00bb, sino que era una acci\u00f3n coyuntural.<\/p>\n<p>En el cap\u00edtulo m\u00e1s reciente de esta &#8216;guerra comercial&#8217;, Noboa decidi\u00f3<strong> aplicar un incremento del 900 %<\/strong> en el\u00a0precio del transporte de crudo colombiano a trav\u00e9s de su oleoducto.\u00a0El Ministerio de Minas y Energ\u00eda de Colombia\u00a0reaccion\u00f3\u00a0en\u00e9rgicamente a la medida, denunciando la falta de disposici\u00f3n al di\u00e1logo del Gobierno de Noboa.<\/p>\n<\/div>\n\n","protected":false},"excerpt":{"rendered":"<p>El presidente de Colombia, Gustavo Petro, respondi\u00f3 con un video de la sustituci\u00f3n voluntaria de cultivos de coca en una zona fronteriza con Ecuador a las acusaciones de su par ecuatoriano,\u00a0Daniel Noboa, de\u00a0supuesta falta de reciprocidad en el combate fronterizo al narcotr\u00e1fico, que decidi\u00f3 combatir con un aumento de aranceles contra la\u00a0naci\u00f3n vecina. \u00abMire, presidente &hellip;<\/p>\n","protected":false},"author":1,"featured_media":57274,"comment_status":"open","ping_status":"open","sticky":false,"template":"","format":"standard","meta":{"fifu_image_url":"https:\/\/mfes.b37m.ru\/actualidad\/public_images\/2026.01\/article\/6979b4cc59bf5b0952121589.jpg","fifu_image_alt":"","footnotes":""},"categories":[13],"tags":[],"class_list":["post-57272","post","type-post","status-publish","format-standard","has-post-thumbnail","","category-mundo"],"_links":{"self":[{"href":"https:\/\/noticiasveraces.com\/index.php?rest_route=\/wp\/v2\/posts\/57272","targetHints":{"allow":["GET"]}}],"collection":[{"href":"https:\/\/noticiasveraces.com\/index.php?rest_route=\/wp\/v2\/posts"}],"about":[{"href":"https:\/\/noticiasveraces.com\/index.php?rest_route=\/wp\/v2\/types\/post"}],"author":[{"embeddable":true,"href":"https:\/\/noticiasveraces.com\/index.php?rest_route=\/wp\/v2\/users\/1"}],"replies":[{"embeddable":true,"href":"https:\/\/noticiasveraces.com\/index.php?rest_route=%2Fwp%2Fv2%2Fcomments&post=57272"}],"version-history":[{"count":0,"href":"https:\/\/noticiasveraces.com\/index.php?rest_route=\/wp\/v2\/posts\/57272\/revisions"}],"wp:featuredmedia":[{"embeddable":true,"href":"https:\/\/noticiasveraces.com\/index.php?rest_route=\/wp\/v2\/media\/57274"}],"wp:attachment":[{"href":"https:\/\/noticiasveraces.com\/index.php?rest_route=%2Fwp%2Fv2%2Fmedia&parent=57272"}],"wp:term":[{"taxonomy":"category","embeddable":true,"href":"https:\/\/noticiasveraces.com\/index.php?rest_route=%2Fwp%2Fv2%2Fcategories&post=57272"},{"taxonomy":"post_tag","embeddable":true,"href":"https:\/\/noticiasveraces.com\/index.php?rest_route=%2Fwp%2Fv2%2Ftags&post=57272"}],"curies":[{"name":"wp","href":"https:\/\/api.w.org\/{rel}","templated":true}]}}