{"id":57267,"date":"2026-01-28T01:42:08","date_gmt":"2026-01-28T05:42:08","guid":{"rendered":"https:\/\/noticiasveraces.com\/?p=57267"},"modified":"2026-01-28T01:42:08","modified_gmt":"2026-01-28T05:42:08","slug":"petro-exige-devolver-a-maduro-a-venezuela-pero-ee-uu-reafirma-que-respondera-ante-su-justicia","status":"publish","type":"post","link":"https:\/\/noticiasveraces.com\/?p=57267","title":{"rendered":"Petro exige \u00abdevolver\u00bb a Maduro a Venezuela, pero EE. UU. reafirma que responder\u00e1 ante su Justicia"},"content":{"rendered":"<p> \n<\/p>\n<div>\n<p>\u00ab<strong>Tienen que devolverlo<\/strong> (a Nicol\u00e1s Maduro) y que lo juzgue un tribunal venezolano, no estadounidense\u00bb, afirm\u00f3 el mandatario colombiano, Gustavo Petro, en Bogot\u00e1.<\/p>\n<p>Petro, que tiene previsto reunirse con el presidente de Estados Unidos, Donald Trump, <strong>el 3 de febrero en la Casa Blanca<\/strong>critic\u00f3 que \u00abbombardear a Caracas la patria de Bol\u00edvar, eso no es un acto contra Maduro\u00bb sino contra el pa\u00eds.<\/p>\n<p>La subsecretaria de prensa de la Casa Blanca, Anna Kelly, respondi\u00f3 a France 24: \u00abNicol\u00e1s Maduro era un fugitivo de la Justicia estadounidense que fue arrestado por narcoterrorismo y conspiraci\u00f3n en contra de Estados Unidos. El presidente Trump prometi\u00f3 detener el env\u00edo de drogas y criminales a nuestro pa\u00eds por parte del r\u00e9gimen ilegitimo de Maduro y Maduro va a ahora a responder por cr\u00edmenes en contra de ciudadanos estadounidenses\u00bb.<\/p>\n<p>El jefe de Estado colombiano cuestion\u00f3 tambi\u00e9n el uso de la fuerza como mecanismo para resolver disputas pol\u00edticas en la regi\u00f3n.<\/p>\n<p>\u00ab\u00bfC\u00f3mo se les ocurre? Bombardear la patria de Bol\u00edvar. Esa marca no ser\u00e1 contra Maduro, as\u00ed muera en una c\u00e1rcel de los Estados Unidos. Esa marca es hist\u00f3rica, no se olvidar\u00e1 jam\u00e1s\u00bb, dijo.<\/p>\n<p>El presidente colombiano enmarc\u00f3 su pronunciamiento en una cr\u00edtica al actual orden internacional y al papel de Naciones Unidas, al considerar, en l\u00ednea con su hom\u00f3logo de Estados Unidos, que el organismo atraviesa <strong>una \u00abdecadencia\u00bb<\/strong> por su incapacidad para detener conflictos como la guerra en Gaza.<\/p>\n<p>Petro sostuvo que la superaci\u00f3n de ese sistema no debe darse mediante el uso de la fuerza ni de intervenciones militares, sino a partir de una concepci\u00f3n de \u00abhermandad humana\u00bb que, seg\u00fan dijo, est\u00e1 por encima de la l\u00f3gica de los Estados.<\/p>\n<p>El 3 de enero, cuando se produjo el ataque de Estados Unidos a Caracas donde fue capturado Maduro, Petro denunci\u00f3 la incursi\u00f3n ordenada por Trump a territorio venezolano y <strong>calific\u00f3 como \u00absecuestro\u00bb el arresto del mandatario venezolano<\/strong> por parte de fuerzas estadounidenses.<\/p>\n<div class=\"m-em-image\">\n<figure class=\"m-item-image m-item-image--original m-item-image--has-caption\">\n<picture class=\"a-picture a-picture--original\"><source type=\"image\/webp\" srcset=\"https:\/\/s.france24.com\/media\/display\/03f77cf4-fbc8-11f0-8dcf-005056a90284\/w:246\/AP26007842402967.webp 246w,https:\/\/s.france24.com\/media\/display\/03f77cf4-fbc8-11f0-8dcf-005056a90284\/w:388\/AP26007842402967.webp 388w,https:\/\/s.france24.com\/media\/display\/03f77cf4-fbc8-11f0-8dcf-005056a90284\/w:720\/AP26007842402967.webp 720w,https:\/\/s.france24.com\/media\/display\/03f77cf4-fbc8-11f0-8dcf-005056a90284\/w:980\/AP26007842402967.webp 980w\" sizes=\"(max-width: 1023px) calc(100vw - 32px), (min-width: 1024px) 850px\"><img fetchpriority=\"low\" decoding=\"async\" src=\"https:\/\/s.france24.com\/media\/display\/03f77cf4-fbc8-11f0-8dcf-005056a90284\/w:980\/AP26007842402967.jpg\" srcset=\"https:\/\/s.france24.com\/media\/display\/03f77cf4-fbc8-11f0-8dcf-005056a90284\/w:246\/AP26007842402967.jpg 246w,https:\/\/s.france24.com\/media\/display\/03f77cf4-fbc8-11f0-8dcf-005056a90284\/w:388\/AP26007842402967.jpg 388w,https:\/\/s.france24.com\/media\/display\/03f77cf4-fbc8-11f0-8dcf-005056a90284\/w:720\/AP26007842402967.jpg 720w,https:\/\/s.france24.com\/media\/display\/03f77cf4-fbc8-11f0-8dcf-005056a90284\/w:980\/AP26007842402967.jpg 980w\" sizes=\"(max-width: 1023px) calc(100vw - 32px), (min-width: 1024px) 850px\" alt=\"Partidarios del presidente colombiano Gustavo Petro asisten a una manifestaci\u00f3n convocada por \u00e9l para protestar contra los comentarios del presidente estadounidense Donald Trump, en Bogot\u00e1, Colombia, el mi\u00e9rcoles 7 de enero de 2026.\" style=\"max-height:567px\" loading=\"lazy\" class=\"a-img \"\/><br \/>\n<\/source><\/picture><figcaption class=\"a-figcaption\">\n                <span>Partidarios del presidente colombiano Gustavo Petro asisten a una manifestaci\u00f3n convocada por \u00e9l para protestar contra los comentarios del presidente estadounidense Donald Trump, en Bogot\u00e1, Colombia, el mi\u00e9rcoles 7 de enero de 2026.<\/span>                <span>\u00a9 Santiago Saldarriaga \/ AP<\/span>            <\/figcaption><\/figure>\n<\/p><\/div>\n<p>El pronunciamiento de Petro se da a una semana de la reuni\u00f3n que tiene prevista con Trump en la Casa Blanca, tras un a\u00f1o de desencuentros entre ambos mandatarios que iniciaron el 26 de enero de 2025 cuando el presidente colombiano se neg\u00f3 a recibir un vuelo con migrantes proveniente de Estados Unidos al denunciar un \u00abtrato indigno\u00bb para sus connacionales.<\/p>\n<p>El 7 de enero Petro ten\u00eda previsto pronunciar un duro discurso contra Trump en un acto por la soberan\u00eda en la Plaza de Bol\u00edvar, en el centro de Bogot\u00e1, pero la tensi\u00f3n se redujo despu\u00e9s de una llamada entre ambos en la que acordaron reunirse.<\/p>\n<p>\u00abTrump me cambi\u00f3 el discurso, pero est\u00e1 escrito y dos personas lo tienen, alg\u00fan d\u00eda lo publicar\u00e1n, porque era mi convocatoria a c\u00f3mo ten\u00edamos que movernos como jaguar el d\u00eda que Petro cayera en el palacio cuidando la espada de Bol\u00edvar\u00bb, record\u00f3 hoy el mandatario colombiano, que desde hace semanas hab\u00eda guardado silencio sobre la relaci\u00f3n bilateral.<\/p>\n<p>Con EFE.<\/p>\n<\/p><\/div>\n\n","protected":false},"excerpt":{"rendered":"<p>\u00abTienen que devolverlo (a Nicol\u00e1s Maduro) y que lo juzgue un tribunal venezolano, no estadounidense\u00bb, afirm\u00f3 el mandatario colombiano, Gustavo Petro, en Bogot\u00e1. Petro, que tiene previsto reunirse con el presidente de Estados Unidos, Donald Trump, el 3 de febrero en la Casa Blancacritic\u00f3 que \u00abbombardear a Caracas la patria de Bol\u00edvar, eso no es &hellip;<\/p>\n","protected":false},"author":1,"featured_media":57269,"comment_status":"open","ping_status":"open","sticky":false,"template":"","format":"standard","meta":{"fifu_image_url":"https:\/\/s.france24.com\/media\/display\/a68171c8-ec73-11f0-a5e8-005056a97e36\/w:1280\/p:16x9\/a0a1c598165cdc8dadb76740c4169d5c646d1885.jpg","fifu_image_alt":"","footnotes":""},"categories":[13],"tags":[],"class_list":["post-57267","post","type-post","status-publish","format-standard","has-post-thumbnail","","category-mundo"],"_links":{"self":[{"href":"https:\/\/noticiasveraces.com\/index.php?rest_route=\/wp\/v2\/posts\/57267","targetHints":{"allow":["GET"]}}],"collection":[{"href":"https:\/\/noticiasveraces.com\/index.php?rest_route=\/wp\/v2\/posts"}],"about":[{"href":"https:\/\/noticiasveraces.com\/index.php?rest_route=\/wp\/v2\/types\/post"}],"author":[{"embeddable":true,"href":"https:\/\/noticiasveraces.com\/index.php?rest_route=\/wp\/v2\/users\/1"}],"replies":[{"embeddable":true,"href":"https:\/\/noticiasveraces.com\/index.php?rest_route=%2Fwp%2Fv2%2Fcomments&post=57267"}],"version-history":[{"count":0,"href":"https:\/\/noticiasveraces.com\/index.php?rest_route=\/wp\/v2\/posts\/57267\/revisions"}],"wp:featuredmedia":[{"embeddable":true,"href":"https:\/\/noticiasveraces.com\/index.php?rest_route=\/wp\/v2\/media\/57269"}],"wp:attachment":[{"href":"https:\/\/noticiasveraces.com\/index.php?rest_route=%2Fwp%2Fv2%2Fmedia&parent=57267"}],"wp:term":[{"taxonomy":"category","embeddable":true,"href":"https:\/\/noticiasveraces.com\/index.php?rest_route=%2Fwp%2Fv2%2Fcategories&post=57267"},{"taxonomy":"post_tag","embeddable":true,"href":"https:\/\/noticiasveraces.com\/index.php?rest_route=%2Fwp%2Fv2%2Ftags&post=57267"}],"curies":[{"name":"wp","href":"https:\/\/api.w.org\/{rel}","templated":true}]}}