{"id":57250,"date":"2026-01-27T22:31:07","date_gmt":"2026-01-28T02:31:07","guid":{"rendered":"https:\/\/noticiasveraces.com\/?p=57250"},"modified":"2026-01-27T22:31:07","modified_gmt":"2026-01-28T02:31:07","slug":"educacion-en-gaza-menores-migrantes-en-estados-unidos-sarampion-en-espana-las-noticias-del-martes","status":"publish","type":"post","link":"https:\/\/noticiasveraces.com\/?p=57250","title":{"rendered":"Educaci\u00f3n en Gaza, menores migrantes en Estados Unidos, sarampi\u00f3n en Espa\u00f1a&#8230; Las noticias del martes"},"content":{"rendered":"<p> \n<\/p>\n<div>\n<h2>Escolarizar a la mitad de los ni\u00f1os de Gaza cuesta lo mismo que el mundo gasta en caf\u00e9 en una hora<\/h2>\n<p>UNICEF ha anunciado una iniciativa para que cientos de miles de ni\u00f1os de la Franja de Gaza, devastada por la guerra, vuelvan a la escuela.<\/p>\n<p>Desde el inicio de la guerra, casi el 90% de las escuelas de Gaza han sufrido da\u00f1os o han sido destruidas y m\u00e1s de 700.000 ni\u00f1os en edad escolar se han quedado sin acceso a la educaci\u00f3n formal, seg\u00fan la agencia de la ONU para la infancia.<\/p>\n<p>\u201cCasi dos a\u00f1os y medio de ataques contra las escuelas de Gaza han puesto en peligro a toda una generaci\u00f3n\u201d, declar\u00f3 a la prensa en Ginebra el portavoz de la agencia, James Elder.<\/p>\n<p>UNICEF presta actualmente apoyo a m\u00e1s de 135.400 ni\u00f1os que reciben educaci\u00f3n en m\u00e1s de 110 espacios de aprendizaje en Gaza, muchos de ellos en tiendas de campa\u00f1a.<\/p>\n<p>Ahora su objetivo es duplicar con creces esa cifra para incluir a m\u00e1s de 336.000 ni\u00f1os a finales de este a\u00f1o, y conseguir que todos los ni\u00f1os en edad escolar vuelvan a recibir educaci\u00f3n presencial en 2027.<\/p>\n<p>\u201cPara llegar a <strong>336.000 ni\u00f1os este a\u00f1o UNICEF necesita 86 millones de d\u00f3lares este a\u00f1o<\/strong>. Para ponerlo en perspectiva es aproximadamente lo que el mundo gasta en caf\u00e9 en una o dos horas\u201d, se\u00f1al\u00f3 Elder. <\/p>\n<p>UNICEF est\u00e1 trabajando en el proyecto con el Ministerio de Educaci\u00f3n palestino y la agencia de la ONU que apoya a los refugiados palestinos, UNRWA, que antes de la guerra proporcionaba escolarizaci\u00f3n a unos 350.000 ni\u00f1os, de los que actualmente 65.000 reciben educaci\u00f3n b\u00e1sica presencial.<\/p>\n<p><strong>\u201cGaza tiene una de las tradiciones de alfabetizaci\u00f3n m\u00e1s s\u00f3lidas del mundo.<\/strong> Los ingenieros que reconstruir\u00e1n los sistemas de abastecimiento de agua, los m\u00e9dicos que salvar\u00e1n vidas, los profesores que formar\u00e1n a la pr\u00f3xima generaci\u00f3n&#8230; todos ellos provienen de una orgullosa cultura del aprendizaje. Volver a la escuela no es solo una cuesti\u00f3n de supervivencia. Se trata de proteger el motor del futuro de Gaza\u201d, explic\u00f3 Elder. <\/p>\n<h2>Estados Unidos: sin dinero para abogados, los ni\u00f1os migrantes permanecen m\u00e1s tiempo separados<\/h2>\n<div class=\"context-un_news_large_credit type-entermedia_image media media--type-entermedia-image media--view-mode-un-news-large-credit\">\n<div class=\"field field--name-thumbnail field--type-image field--label-hidden field__item\"><picture><source media=\"(max-width: 413px)\" srcset=\"https:\/\/global.unitednations.entermediadb.net\/assets\/mediadb\/services\/module\/asset\/downloads\/preset\/Libraries\/Production%20Library\/15-11-21_Mex_UN030734.jpg\/image350x235cropped.jpg\"><source media=\"(max-width: 767px)\" srcset=\"https:\/\/global.unitednations.entermediadb.net\/assets\/mediadb\/services\/module\/asset\/downloads\/preset\/Libraries\/Production%20Library\/15-11-21_Mex_UN030734.jpg\/image560x340cropped.jpg\"><source media=\"(max-width: 991px)\" srcset=\"https:\/\/global.unitednations.entermediadb.net\/assets\/mediadb\/services\/module\/asset\/downloads\/preset\/Libraries\/Production%20Library\/15-11-21_Mex_UN030734.jpg\/image770x420cropped.jpg\"><source media=\"(max-width: 1199px)\" srcset=\"https:\/\/global.unitednations.entermediadb.net\/assets\/mediadb\/services\/module\/asset\/downloads\/preset\/Libraries\/Production%20Library\/15-11-21_Mex_UN030734.jpg\/image1024x768.jpg\"><source media=\"(min-width: 1200px)\" srcset=\"https:\/\/global.unitednations.entermediadb.net\/assets\/mediadb\/services\/module\/asset\/downloads\/preset\/Libraries\/Production%20Library\/15-11-21_Mex_UN030734.jpg\/image1024x768.jpg\"><img decoding=\"async\" src=\"https:\/\/global.unitednations.entermediadb.net\/assets\/mediadb\/services\/module\/asset\/downloads\/preset\/Libraries\/Production%20Library\/15-11-21_Mex_UN030734.jpg\/image770x420cropped.jpg\" width=\"770\" height=\"420\" alt=\"Migrantes centroamericanos en la estaci\u00f3n ubicada entre Reynosa, M\u00e9xico, y McAllen, Texas, 2016. \" loading=\"lazy\"\/><\/p>\n<p><\/source><\/source><\/source><\/source><\/source><\/picture>\n<\/div>\n<div class=\"field field--name-field-authors field--type-entity-reference field--label-hidden field__items\">\n<p>\u00a9 UNICEF\/Adriana Zehbrauskas<\/p>\n<\/p><\/div>\n<\/div>\n<p>Expertos de la ONU alertan del impacto de la suspensi\u00f3n de la financiaci\u00f3n federal destinada a abogados para menores no acompa\u00f1ados en procesos de inmigraci\u00f3n en Estados Unidos.<\/p>\n<p>El 18 de febrero de 2025, el Departamento del Interior de los Estados Unidos orden\u00f3 a los proveedores de servicios jur\u00eddicos sin \u00e1nimo de lucro que cesaran su labor y puso fin a la financiaci\u00f3n de los abogados que representaban a los ni\u00f1os no acompa\u00f1ados.<\/p>\n<p>Muchos de los 26 000 ni\u00f1os afectados perdieron la asistencia letrada y siguen corriendo el riesgo de ser expulsados por la fuerza a pesar de tener derecho a recibir ayuda. Los informes indican que los ni\u00f1os est\u00e1n recluidos en celdas sin ventanas, se les niega la atenci\u00f3n m\u00e9dica adecuada y se les separa de sus padres o cuidadores durante largos per\u00edodos. Entre enero y agosto de 2025, el tiempo medio de custodia aument\u00f3 de aproximadamente un mes a seis meses, mientras que las liberaciones a cuidadores familiares se redujeron de aproximadamente el 95 % al 45 %.<\/p>\n<p>\u201cNegar a los menores su derecho a la representaci\u00f3n legal y obligarlos a enfrentarse a complejos procesos de inmigraci\u00f3n sin asistencia letrada constituye una grave violaci\u00f3n de los derechos de los ni\u00f1os\u201d, afirmaron los expertos.<\/p>\n<h2>Espa\u00f1a, Reino Unidos y otros cuatro pa\u00edses europeos pierden el estatus de libres de sarampi\u00f3n<\/h2>\n<div class=\"context-un_news_large_credit type-entermedia_image media media--type-entermedia-image media--view-mode-un-news-large-credit\">\n<div class=\"field field--name-thumbnail field--type-image field--label-hidden field__item\"><picture><source media=\"(max-width: 413px)\" srcset=\"https:\/\/global.unitednations.entermediadb.net\/assets\/mediadb\/services\/module\/asset\/downloads\/preset\/Libraries\/Production%20Library\/24-1-2024_WHO_Kazakhstan.jpg\/image350x235cropped.jpg\"><source media=\"(max-width: 767px)\" srcset=\"https:\/\/global.unitednations.entermediadb.net\/assets\/mediadb\/services\/module\/asset\/downloads\/preset\/Libraries\/Production%20Library\/24-1-2024_WHO_Kazakhstan.jpg\/image560x340cropped.jpg\"><source media=\"(max-width: 991px)\" srcset=\"https:\/\/global.unitednations.entermediadb.net\/assets\/mediadb\/services\/module\/asset\/downloads\/preset\/Libraries\/Production%20Library\/24-1-2024_WHO_Kazakhstan.jpg\/image770x420cropped.jpg\"><source media=\"(max-width: 1199px)\" srcset=\"https:\/\/global.unitednations.entermediadb.net\/assets\/mediadb\/services\/module\/asset\/downloads\/preset\/Libraries\/Production%20Library\/24-1-2024_WHO_Kazakhstan.jpg\/image1024x768.jpg\"><source media=\"(min-width: 1200px)\" srcset=\"https:\/\/global.unitednations.entermediadb.net\/assets\/mediadb\/services\/module\/asset\/downloads\/preset\/Libraries\/Production%20Library\/24-1-2024_WHO_Kazakhstan.jpg\/image1024x768.jpg\"><img decoding=\"async\" src=\"https:\/\/global.unitednations.entermediadb.net\/assets\/mediadb\/services\/module\/asset\/downloads\/preset\/Libraries\/Production%20Library\/24-1-2024_WHO_Kazakhstan.jpg\/image770x420cropped.jpg\" width=\"770\" height=\"420\" alt=\"Kazajst\u00e1n responde a la r\u00e1pida escalada de casos de sarampi\u00f3n.\" loading=\"lazy\"\/><\/p>\n<p><\/source><\/source><\/source><\/source><\/source><\/picture>\n<\/div>\n<\/div>\n<p>Espa\u00f1a, Reino Unidos y otros cuatro pa\u00edses europeos han perdido el estatus de pa\u00edses libres de sarampi\u00f3n, alert\u00f3 la Comisi\u00f3n Regional Europea de Verificaci\u00f3n para la Eliminaci\u00f3n del Sarampi\u00f3n y la Rub\u00e9ola (RVC)<\/p>\n<p>\u201cLa situaci\u00f3n en 2024 puso de relieve la urgente necesidad de un mayor compromiso pol\u00edtico y financiero por parte de los pa\u00edses y las organizaciones internacionales\u201d, dijo este comit\u00e9 independiente de la OMS.<\/p>\n<p>Los otros cuatro pa\u00edses son <strong>Armenia, Austria, Azerbaiy\u00e1n y Uzbekist\u00e1n. <\/strong><\/p>\n<p>Teniendo en cuenta que la gran mayor\u00eda de los casos notificados se dieron entre personas no inmunizadas, el RVC reiter\u00f3 que, para lograr la eliminaci\u00f3n del sarampi\u00f3n y la rub\u00e9ola, tal y como recomienda la OMS, es necesaria una cobertura sostenida de al menos el 95 % con dos dosis de vacunas. <\/p>\n<p>En total, el sarampi\u00f3n presenta una circulaci\u00f3n persistente en trece pa\u00edses europeos. Entre ellos, Francia, Alemania e Italia han evolucionado desde un escenario de interrupci\u00f3n de la transmisi\u00f3n a una situaci\u00f3n de transmisi\u00f3n sostenida.<\/p>\n<h2>\u00abEl Holocausto no es solo historia. Es una adventencia\u00bb<\/h2>\n<div class=\"context-un_news_large_credit type-entermedia_image media media--type-entermedia-image media--view-mode-un-news-large-credit\">\n<div class=\"field field--name-thumbnail field--type-image field--label-hidden field__item\"><picture><source media=\"(max-width: 413px)\" srcset=\"https:\/\/global.unitednations.entermediadb.net\/assets\/mediadb\/services\/module\/asset\/downloads\/preset\/Libraries\/Production%20Library\/27-01-2021_Unsplash_Auschwitz-02.jpg\/image350x235cropped.jpg\"><source media=\"(max-width: 767px)\" srcset=\"https:\/\/global.unitednations.entermediadb.net\/assets\/mediadb\/services\/module\/asset\/downloads\/preset\/Libraries\/Production%20Library\/27-01-2021_Unsplash_Auschwitz-02.jpg\/image560x340cropped.jpg\"><source media=\"(max-width: 991px)\" srcset=\"https:\/\/global.unitednations.entermediadb.net\/assets\/mediadb\/services\/module\/asset\/downloads\/preset\/Libraries\/Production%20Library\/27-01-2021_Unsplash_Auschwitz-02.jpg\/image770x420cropped.jpg\"><source media=\"(max-width: 1199px)\" srcset=\"https:\/\/global.unitednations.entermediadb.net\/assets\/mediadb\/services\/module\/asset\/downloads\/preset\/Libraries\/Production%20Library\/27-01-2021_Unsplash_Auschwitz-02.jpg\/image1024x768.jpg\"><source media=\"(min-width: 1200px)\" srcset=\"https:\/\/global.unitednations.entermediadb.net\/assets\/mediadb\/services\/module\/asset\/downloads\/preset\/Libraries\/Production%20Library\/27-01-2021_Unsplash_Auschwitz-02.jpg\/image1024x768.jpg\"><img decoding=\"async\" src=\"https:\/\/global.unitednations.entermediadb.net\/assets\/mediadb\/services\/module\/asset\/downloads\/preset\/Libraries\/Production%20Library\/27-01-2021_Unsplash_Auschwitz-02.jpg\/image770x420cropped.jpg\" width=\"770\" height=\"420\" alt=\"Un monumento conmemorativo en el antiguo campo de concentraci\u00f3n de Auschwitz-Birkenau, en Polonia.\" loading=\"lazy\"\/><\/p>\n<p><\/source><\/source><\/source><\/source><\/source><\/picture>\n<\/div>\n<\/div>\n<p>La ONU ha recordado a las v\u00edctimas del Holocausto en una ceremonia en la Asamblea General.<\/p>\n<p>El Secretario General dijo que \u201crecordar es m\u00e1s que honrar el pasado\u201d.<\/p>\n<p><em>\u201cDespu\u00e9s de todo, el Holocausto no es solo historia. Es una advertencia. <strong>Una advertencia de que el odio, una vez desatado, puede consumirlo todo\u201d<\/strong><\/em><\/p>\n<p>Ant\u00f3nio Guterres dijo que es \u201cnuestro deber mantener vivo el esp\u00edritu de actuar con un prop\u00f3sito com\u00fan, a trav\u00e9s del multilateralismo, para garantizar que las fuerzas de la humanidad siempre triunfen sobre las fuerzas de la inhumanidad\u201d.<\/p>\n<p><em>\u201cEs nuestro deber no solo volver a comprometernos con la promesa de \u00abNunca m\u00e1s\u00bb &#8211; Una promesa grabada en el propio ADN de las Naciones Unidas, su Carta y su Declaraci\u00f3n Universal de los Derechos Humanos- <strong>Pero tambi\u00e9n es nuestro deber alzar la voz, a\u00fan m\u00e1s alto que antes, cuando surgen signos de deshumanizaci\u00f3n. El Holocausto no comenz\u00f3 con c\u00e1maras de gas\u201d<\/strong>,<\/em> record\u00f3 a presidenta de la Asamblea General, Annalena Baerbock. <\/p>\n<\/div>\n\n","protected":false},"excerpt":{"rendered":"<p>Escolarizar a la mitad de los ni\u00f1os de Gaza cuesta lo mismo que el mundo gasta en caf\u00e9 en una hora UNICEF ha anunciado una iniciativa para que cientos de miles de ni\u00f1os de la Franja de Gaza, devastada por la guerra, vuelvan a la escuela. Desde el inicio de la guerra, casi el 90% &hellip;<\/p>\n","protected":false},"author":1,"featured_media":57252,"comment_status":"open","ping_status":"open","sticky":false,"template":"","format":"standard","meta":{"fifu_image_url":"https:\/\/global.unitednations.entermediadb.net\/assets\/mediadb\/services\/module\/asset\/downloads\/preset\/Collections\/Production%20Library\/27-01-2026-UNICEF-Gaza-02.jpg\/image770x420cropped.jpg","fifu_image_alt":"","footnotes":""},"categories":[3],"tags":[],"class_list":["post-57250","post","type-post","status-publish","format-standard","has-post-thumbnail","","category-negocio"],"_links":{"self":[{"href":"https:\/\/noticiasveraces.com\/index.php?rest_route=\/wp\/v2\/posts\/57250","targetHints":{"allow":["GET"]}}],"collection":[{"href":"https:\/\/noticiasveraces.com\/index.php?rest_route=\/wp\/v2\/posts"}],"about":[{"href":"https:\/\/noticiasveraces.com\/index.php?rest_route=\/wp\/v2\/types\/post"}],"author":[{"embeddable":true,"href":"https:\/\/noticiasveraces.com\/index.php?rest_route=\/wp\/v2\/users\/1"}],"replies":[{"embeddable":true,"href":"https:\/\/noticiasveraces.com\/index.php?rest_route=%2Fwp%2Fv2%2Fcomments&post=57250"}],"version-history":[{"count":0,"href":"https:\/\/noticiasveraces.com\/index.php?rest_route=\/wp\/v2\/posts\/57250\/revisions"}],"wp:featuredmedia":[{"embeddable":true,"href":"https:\/\/noticiasveraces.com\/index.php?rest_route=\/wp\/v2\/media\/57252"}],"wp:attachment":[{"href":"https:\/\/noticiasveraces.com\/index.php?rest_route=%2Fwp%2Fv2%2Fmedia&parent=57250"}],"wp:term":[{"taxonomy":"category","embeddable":true,"href":"https:\/\/noticiasveraces.com\/index.php?rest_route=%2Fwp%2Fv2%2Fcategories&post=57250"},{"taxonomy":"post_tag","embeddable":true,"href":"https:\/\/noticiasveraces.com\/index.php?rest_route=%2Fwp%2Fv2%2Ftags&post=57250"}],"curies":[{"name":"wp","href":"https:\/\/api.w.org\/{rel}","templated":true}]}}