{"id":57233,"date":"2026-01-27T21:37:41","date_gmt":"2026-01-28T01:37:41","guid":{"rendered":"https:\/\/noticiasveraces.com\/?p=57233"},"modified":"2026-01-27T21:37:41","modified_gmt":"2026-01-28T01:37:41","slug":"presidente-de-la-fcu-ucv-confronto-a-delcy-rodriguez-para-exigir-la-libertad-de-los-presos-politicos","status":"publish","type":"post","link":"https:\/\/noticiasveraces.com\/?p=57233","title":{"rendered":"Presidente de la FCU-UCV confront\u00f3 a Delcy Rodr\u00edguez para exigir la libertad de los presos pol\u00edticos"},"content":{"rendered":"<p> \n<\/p>\n<div>\n<p>Miguelangel Su\u00e1rez, presidente de la Federaci\u00f3n de Centro Universitario (FCU) de la Universidad Central de Venezuela (UCV), abord\u00f3 a la presidenta encargada, Delcy Rodr\u00edguez, para<strong> exigir la liberaci\u00f3n de todos los presos pol\u00edticos que permanecen detenidos en el pa\u00eds. <\/strong><\/p>\n<p> \u201cEn torno a la liberaci\u00f3n de los presos pol\u00edticos (\u2026) <strong>hay m\u00e1s de 200 j\u00f3venes presos pol\u00edticos en este pa\u00eds\u201d, <\/strong>dijo Su\u00e1rez a Rodr\u00edguez, durante la visita de la mandataria en la UCV. El hecho qued\u00f3 registrado en varios videos que fueron difundidos en las redes sociales. <\/p>\n<p>Ante las declaraciones del l\u00edder estudiantil, Rodr\u00edguez enfatiz\u00f3 que desd<strong>e su gobierno se est\u00e1 trabajando por la \u201cconvivencia democr\u00e1tica\u201d <\/strong>e inst\u00f3 a los pol\u00edticos del pa\u00eds a ser responsables. <\/p>\n<p>Su\u00e1rez insisti\u00f3 en que los familiares de los detenidos por causas pol\u00edtica<strong>s \u201ctambi\u00e9n est\u00e1n sufriendo\u201d, <\/strong>haciendo referencia a las personas que permanecen en las afueras de las c\u00e1rceles en espera de informaci\u00f3n de sus parientes detenidos. <\/p>\n<p>Ante ello, la presidenta respondi\u00f3 que presuntamente organizaciones no gubernamentales (ONG) estar\u00edan cobrando a los familiares de los presos pol\u00edticos. <\/p>\n<p>\u201cEs importante no manipular. <strong>Hay ONG que est\u00e1n cobrando a los familiares, eso debe acabar.<\/strong> Los pol\u00edticos deben tener un ejercicio responsable. Ya basta de manipulaci\u00f3n, le cost\u00f3 muy caro a este pa\u00eds, le cost\u00f3 una agresi\u00f3n militar\u201d, agreg\u00f3 Rodr\u00edguez. <\/p>\n<blockquote data-service=\"instagram\" data-category=\"marketing\" data-placeholder-image=\"https:\/\/eldiario.com\/wp-content\/plugins\/complianz-gdpr-premium\/assets\/images\/placeholders\/instagram-minimal.jpg\" class=\"cmplz-placeholder-element instagram-media\" data-instgrm-captioned=\"\" data-instgrm-permalink=\"https:\/\/www.instagram.com\/reel\/DUB-coDjn4C\/?utm_source=ig_embed&amp;utm_campaign=loading\" data-instgrm-version=\"14\" style=\"background:#FFF;border:0;border-radius:3px;margin: 1px;max-width:540px;min-width:326px;padding:0;width:99.375%;width:-webkit-calc(100% - 2px);width:calc(100% - 2px)\"\/>\n<h2 class=\"wp-block-heading\" id=\"h-excarcelaciones-de-presos-politicos\"><strong>Excarcelaciones de presos pol\u00edticos<\/strong><\/h2>\n<p>Hasta el 26 de enero,<strong> la ONG Foro Penal inform\u00f3 que ha podido validar la excarcelaci\u00f3n de 266 presos pol\u00edticos, <\/strong>desde el 8 de enero, cuando se anunciaron las liberaciones. <\/p>\n<p>Sin embargo, el gobierno de Delcy Rodr\u00edguez ha asegurado que en total se han llevado a cabo 808 excarcelaciones, seg\u00fan declaraciones de Diosdado Cabello, vicepresidente Sectorial de Pol\u00edtica, Seguridad Ciudadana y Paz, el 26 de enero. <\/p>\n<figure class=\"wp-block-image size-large\"><img fetchpriority=\"high\" decoding=\"async\" width=\"1200\" height=\"800\" src=\"https:\/\/eldiario.com\/wp-content\/uploads\/2026\/01\/Diseno-sin-titulo-19-1-1200x800.jpg\" alt=\"Familiares de presos pol\u00edticos escribieron en el suelo los nombres de los detenidos durante la vigilia\" class=\"wp-image-840595\" srcset=\"https:\/\/eldiario.com\/wp-content\/uploads\/2026\/01\/Diseno-sin-titulo-19-1-1200x800.jpg 1200w, https:\/\/eldiario.com\/wp-content\/uploads\/2026\/01\/Diseno-sin-titulo-19-1-300x200.jpg 300w, https:\/\/eldiario.com\/wp-content\/uploads\/2026\/01\/Diseno-sin-titulo-19-1-768x512.jpg 768w, https:\/\/eldiario.com\/wp-content\/uploads\/2026\/01\/Diseno-sin-titulo-19-1-1536x1024.jpg 1536w, https:\/\/eldiario.com\/wp-content\/uploads\/2026\/01\/Diseno-sin-titulo-19-1-330x220.jpg 330w, https:\/\/eldiario.com\/wp-content\/uploads\/2026\/01\/Diseno-sin-titulo-19-1-420x280.jpg 420w, https:\/\/eldiario.com\/wp-content\/uploads\/2026\/01\/Diseno-sin-titulo-19-1-615x410.jpg 615w, https:\/\/eldiario.com\/wp-content\/uploads\/2026\/01\/Diseno-sin-titulo-19-1-860x574.jpg 860w, https:\/\/eldiario.com\/wp-content\/uploads\/2026\/01\/Diseno-sin-titulo-19-1-150x100.jpg 150w, https:\/\/eldiario.com\/wp-content\/uploads\/2026\/01\/Diseno-sin-titulo-19-1.jpg 1600w\" sizes=\"(max-width: 1200px) 100vw, 1200px\"\/><figcaption class=\"wp-element-caption\">Foto: @RHelicoide<\/figcaption><\/figure>\n<p>Familiares y diferentes ONG han reiterado en varias ocasione<strong>s la necesidad de que haya \u201ctransparencia\u201d en el proceso de excarcelaciones. <\/strong>De acuerdo con una publicaci\u00f3n del Comit\u00e9 por la Libertad de los Presos Pol\u00edticos (Clippve) el 26 de enero, a\u00fan no se ha hecho p\u00fablica la lista de las excarcelaciones, lo genera duda sobre el procedimiento.<\/p>\n<p>\u201cNo se ha honrado el compromiso del presidente de la Asamblea Nacional de liberaci\u00f3n masiva y hacer p\u00fablica dicha lista, lo que mantiene dudas leg\u00edtimas sobre si se actuar\u00e1 con verdad y justicia o si se insiste en una estrategia propagand\u00edstica. M\u00e1s de 1.000 siguen detenidas por motivos pol\u00edticos en Venezuela\u201d, dice la publicaci\u00f3n del Clippve.<\/p>\n<p><!-- CONTENT END 1 -->\n<\/div>\n<p><script async src=\"\/\/www.instagram.com\/embed.js\"><\/script><br \/>\n<br \/>\n","protected":false},"excerpt":{"rendered":"<p>Miguelangel Su\u00e1rez, presidente de la Federaci\u00f3n de Centro Universitario (FCU) de la Universidad Central de Venezuela (UCV), abord\u00f3 a la presidenta encargada, Delcy Rodr\u00edguez, para exigir la liberaci\u00f3n de todos los presos pol\u00edticos que permanecen detenidos en el pa\u00eds. \u201cEn torno a la liberaci\u00f3n de los presos pol\u00edticos (\u2026) hay m\u00e1s de 200 j\u00f3venes presos &hellip;<\/p>\n","protected":false},"author":1,"featured_media":57235,"comment_status":"open","ping_status":"open","sticky":false,"template":"","format":"standard","meta":{"fifu_image_url":"https:\/\/eldiario.com\/wp-content\/uploads\/2026\/01\/8a968aeff9244bc8f171bca503d17b1784ce5002.jpg","fifu_image_alt":"","footnotes":""},"categories":[13],"tags":[],"class_list":["post-57233","post","type-post","status-publish","format-standard","has-post-thumbnail","","category-mundo"],"_links":{"self":[{"href":"https:\/\/noticiasveraces.com\/index.php?rest_route=\/wp\/v2\/posts\/57233","targetHints":{"allow":["GET"]}}],"collection":[{"href":"https:\/\/noticiasveraces.com\/index.php?rest_route=\/wp\/v2\/posts"}],"about":[{"href":"https:\/\/noticiasveraces.com\/index.php?rest_route=\/wp\/v2\/types\/post"}],"author":[{"embeddable":true,"href":"https:\/\/noticiasveraces.com\/index.php?rest_route=\/wp\/v2\/users\/1"}],"replies":[{"embeddable":true,"href":"https:\/\/noticiasveraces.com\/index.php?rest_route=%2Fwp%2Fv2%2Fcomments&post=57233"}],"version-history":[{"count":0,"href":"https:\/\/noticiasveraces.com\/index.php?rest_route=\/wp\/v2\/posts\/57233\/revisions"}],"wp:featuredmedia":[{"embeddable":true,"href":"https:\/\/noticiasveraces.com\/index.php?rest_route=\/wp\/v2\/media\/57235"}],"wp:attachment":[{"href":"https:\/\/noticiasveraces.com\/index.php?rest_route=%2Fwp%2Fv2%2Fmedia&parent=57233"}],"wp:term":[{"taxonomy":"category","embeddable":true,"href":"https:\/\/noticiasveraces.com\/index.php?rest_route=%2Fwp%2Fv2%2Fcategories&post=57233"},{"taxonomy":"post_tag","embeddable":true,"href":"https:\/\/noticiasveraces.com\/index.php?rest_route=%2Fwp%2Fv2%2Ftags&post=57233"}],"curies":[{"name":"wp","href":"https:\/\/api.w.org\/{rel}","templated":true}]}}