{"id":57230,"date":"2026-01-27T20:36:27","date_gmt":"2026-01-28T00:36:27","guid":{"rendered":"https:\/\/noticiasveraces.com\/?p=57230"},"modified":"2026-01-27T20:36:27","modified_gmt":"2026-01-28T00:36:27","slug":"ucevistas-confrontan-a-delcy-rodriguez-y-piden-libertad-para-los-presos-politicos","status":"publish","type":"post","link":"https:\/\/noticiasveraces.com\/?p=57230","title":{"rendered":"Ucevistas confrontan a Delcy Rodr\u00edguez y piden libertad para los presos pol\u00edticos"},"content":{"rendered":"<p> \n<\/p>\n<div id=\"\">\n<div class=\"image-featured\">\n<img src=\"data:image\/png;base64,iVBORw0KGgoAAAANSUhEUgAABQAAAAPAAQAAAABCp+nUAAAAAnRSTlMAAHaTzTgAAACsSURBVHja7cExAQAAAMKg9U\/tbwagAAAAAAAAAAAAAAAAAAAAAAAAAAAAAAAAAAAAAAAAAAAAAAAAAAAAAAAAAAAAAAAAAAAAAAAAAAAAAAAAAAAAAAAAAAAAAAAAAAAAAAAAAAAAAAAAAAAAAAAAAAAAAAAAAAAAAAAAAAAAAAAAAAAAAAAAAAAAAAAAAAAAAAAAAAAAAAAAAAAAAAAAAAAAAAAAAAAAAACAN1veAAErnkntAAAAAElFTkSuQmCC\" alt=\"IMG-20260127-WA0069\" data-src=\"https:\/\/elnacional-uploads.nyc3.digitaloceanspaces.com\/wp-content\/uploads\/2026\/01\/27193952\/IMG-20260127-WA0069-1280x960.jpg\" decoding=\"async\" class=\"lazyload\" data-eio-rwidth=\"1280\" data-eio-rheight=\"960\"\/><img decoding=\"async\" src=\"https:\/\/elnacional-uploads.nyc3.digitaloceanspaces.com\/wp-content\/uploads\/2026\/01\/27193952\/IMG-20260127-WA0069-1280x960.jpg\" alt=\"IMG-20260127-WA0069\" data-eio=\"l\"\/><figcaption>Estudiantes de la UCV confrontan a la presidenta encargada Delcy Rodr\u00edguez. Exigen la liberaci\u00f3n de todos lo presos pol\u00edticos. Foto: Cortes\u00eda<\/figcaption><\/div>\n<p>El presidente de la Federaci\u00f3n de Centros Universitarios (FCU) de la Universidad Central de Venezuela (UCV), Miguel\u00e1ngel Su\u00e1rez, exigi\u00f3 a la presidenta encargada, Delcy Rodr\u00edguez, que acelere la liberaci\u00f3n de los presos pol\u00edticos en el pa\u00eds, con especial \u00e9nfasis en los m\u00e1s de 200 j\u00f3venes y docentes universitarios detenidos por motivos pol\u00edticos.<\/p>\n<p>La exigencia tuvo lugar durante la visita oficial de Rodr\u00edguez al campus, donde Su\u00e1rez y un grupo de estudiantes interrumpieron la agenda de la funcionaria con reclamos directos. En su intervenci\u00f3n, el dirigente estudiantil apel\u00f3 a la formaci\u00f3n compartida que, a su juicio, les une: \u201cPresidenta, hay una oportunidad que le da a todo un pa\u00eds en torno a la liberaci\u00f3n de los presos pol\u00edticos. Usted que es ucevista, como el profesor Jes\u00fas Armas\u201d, afirm\u00f3 Su\u00e1rez, en referencia a una figura emblem\u00e1tica para la comunidad universitaria.<\/p>\n<blockquote class=\"instagram-media\" data-instgrm-permalink=\"https:\/\/www.instagram.com\/reel\/DUB5pgCjM7L\/?igsh=MXNlZmF2dGN0a2drbw==\" data-instgrm-version=\"14\" style=\"max-width: 500px\"\/>\n<p>Rodr\u00edguez respondi\u00f3 con un llamado a la responsabilidad de todos los actores pol\u00edticos y mencion\u00f3 que su administraci\u00f3n trabaja en un \u201cprograma de convivencia democr\u00e1tica\u201d e inst\u00f3 a mantener \u201cresponsabilidad\u201d en el ejercicio de la pol\u00edtica, y critic\u00f3 a algunas organizaciones no gubernamentales por \u201ccobrarle a los familiares de los detenidos\u00bb, lo cual \u2014afirm\u00f3\u2014 \u00abdebe acabar\u201d.<\/p>\n<h2 class=\"wp-block-heading\" id=\"h-presion-academica-busca-libertades-y-claridad-sobre-excarcelaciones\">Presi\u00f3n acad\u00e9mica busca libertades y claridad sobre excarcelaciones<\/h2>\n<p>El tono del di\u00e1logo se torn\u00f3 m\u00e1s tenso cuando Su\u00e1rez volvi\u00f3 a reclamar por la situaci\u00f3n de los familiares que desde hace semanas permanecen fuera de centros penitenciarios a la espera de noticias sobre sus seres queridos. Su petici\u00f3n se centr\u00f3 no solo en la liberaci\u00f3n de estudiantes, sino tambi\u00e9n de profesores universitarios que contin\u00faan detenidos, un tema que ha sido destacado por diversas organizaciones y familiares frente a la falta de transparencia en las listas de excarcelaciones.<\/p>\n<p>\u201cEsta gente est\u00e1 sufriendo. Y nuestros profesores sufren. Est\u00e1n sufriendo much\u00edsimo\u201d, denunci\u00f3 Su\u00e1rez mientras un grupo de estudiantes que lo acompa\u00f1aban coreaba consignas como: \u201cUsted es de aqu\u00ed, profe. Usted es de aqu\u00ed, es ucevista como nosotros. De verdad deber\u00eda ponerse la mano en el coraz\u00f3n. Por la libertad de todos los presos pol\u00edticos\u201d.<\/p>\n<p>La reuni\u00f3n se torn\u00f3 m\u00e1s confrontativa cuando Rodr\u00edguez trat\u00f3 de retomar su intervenci\u00f3n y fue interrumpida por Su\u00e1rez. \u201cPero d\u00e9jame hablar, d\u00e9jame hablar. Yo te escuch\u00e9. El problema es que si no escuchas\u2026 ya basta de manipulaci\u00f3n. Le cost\u00f3 muy caro a este pa\u00eds. Le toc\u00f3 una agresi\u00f3n militar. Ya basta\u201d, replic\u00f3 la presidenta encargada, visiblemente molesta.<\/p>\n<p>Al cierre de su intervenci\u00f3n, Su\u00e1rez puso el foco en la comunidad docente venezolana, denunciando que la persecuci\u00f3n pol\u00edtica no se limita a estudiantes: \u201cHay una lista de docentes\u201d, y de \u201c800 personas\u201d, afirm\u00f3, en referencia a profesores universitarios que tambi\u00e9n han sido afectados por detenciones arbitrarias y despidos en el contexto de la crisis pol\u00edtica y las tensiones en torno al proceso de excarcelaciones.<\/p>\n<p>El episodio subraya la creciente presi\u00f3n de los universitarios venezolanos sobre las autoridades, en un momento en que familiares y activistas han intensificado las demandas por la liberaci\u00f3n de presos pol\u00edticos mientras contin\u00faan las excarcelaciones, que seg\u00fan distintas fuentes a\u00fan generan discrepancias en cifras oficiales y de organizaciones civiles.<\/p>\n<\/div>\n<p><script async src=\"\/\/www.instagram.com\/embed.js\"><\/script><br \/>\n<br \/>\n","protected":false},"excerpt":{"rendered":"<p>Estudiantes de la UCV confrontan a la presidenta encargada Delcy Rodr\u00edguez. Exigen la liberaci\u00f3n de todos lo presos pol\u00edticos. Foto: Cortes\u00eda El presidente de la Federaci\u00f3n de Centros Universitarios (FCU) de la Universidad Central de Venezuela (UCV), Miguel\u00e1ngel Su\u00e1rez, exigi\u00f3 a la presidenta encargada, Delcy Rodr\u00edguez, que acelere la liberaci\u00f3n de los presos pol\u00edticos en &hellip;<\/p>\n","protected":false},"author":1,"featured_media":57232,"comment_status":"open","ping_status":"open","sticky":false,"template":"","format":"standard","meta":{"fifu_image_url":"https:\/\/elnacional-uploads.nyc3.digitaloceanspaces.com\/wp-content\/uploads\/2026\/01\/27193952\/IMG-20260127-WA0069.jpg","fifu_image_alt":"","footnotes":""},"categories":[13],"tags":[],"class_list":["post-57230","post","type-post","status-publish","format-standard","has-post-thumbnail","","category-mundo"],"_links":{"self":[{"href":"https:\/\/noticiasveraces.com\/index.php?rest_route=\/wp\/v2\/posts\/57230","targetHints":{"allow":["GET"]}}],"collection":[{"href":"https:\/\/noticiasveraces.com\/index.php?rest_route=\/wp\/v2\/posts"}],"about":[{"href":"https:\/\/noticiasveraces.com\/index.php?rest_route=\/wp\/v2\/types\/post"}],"author":[{"embeddable":true,"href":"https:\/\/noticiasveraces.com\/index.php?rest_route=\/wp\/v2\/users\/1"}],"replies":[{"embeddable":true,"href":"https:\/\/noticiasveraces.com\/index.php?rest_route=%2Fwp%2Fv2%2Fcomments&post=57230"}],"version-history":[{"count":0,"href":"https:\/\/noticiasveraces.com\/index.php?rest_route=\/wp\/v2\/posts\/57230\/revisions"}],"wp:featuredmedia":[{"embeddable":true,"href":"https:\/\/noticiasveraces.com\/index.php?rest_route=\/wp\/v2\/media\/57232"}],"wp:attachment":[{"href":"https:\/\/noticiasveraces.com\/index.php?rest_route=%2Fwp%2Fv2%2Fmedia&parent=57230"}],"wp:term":[{"taxonomy":"category","embeddable":true,"href":"https:\/\/noticiasveraces.com\/index.php?rest_route=%2Fwp%2Fv2%2Fcategories&post=57230"},{"taxonomy":"post_tag","embeddable":true,"href":"https:\/\/noticiasveraces.com\/index.php?rest_route=%2Fwp%2Fv2%2Ftags&post=57230"}],"curies":[{"name":"wp","href":"https:\/\/api.w.org\/{rel}","templated":true}]}}