{"id":57214,"date":"2026-01-27T18:00:09","date_gmt":"2026-01-27T22:00:09","guid":{"rendered":"https:\/\/noticiasveraces.com\/?p=57214"},"modified":"2026-01-27T18:00:09","modified_gmt":"2026-01-27T22:00:09","slug":"la-justicia-da-la-razon-a-una-estudiante-de-la-rioja-a-la-que-su-instituto-prohibia-llevar-el-velo-islamico-educacion","status":"publish","type":"post","link":"https:\/\/noticiasveraces.com\/?p=57214","title":{"rendered":"La justicia da la raz\u00f3n a una estudiante de La Rioja a la que su instituto prohib\u00eda llevar el velo isl\u00e1mico\u00a0 | Educaci\u00f3n"},"content":{"rendered":"<p> \n<br \/><img decoding=\"async\" src=\"https:\/\/imagenes.elpais.com\/resizer\/v2\/36W737SKONPGFOKTN3URL7IIFM.jpg?auth=c6abe56f8ca94e41794e8120bae19dc4ebfe064dc3313d7ad535c8739236c85d\" \/><\/p>\n<div data-dtm-region=\"articulo_cuerpo\">\n<p class=\"\">El Juzgado de lo Contencioso 2 de Logro\u00f1o ha dado la raz\u00f3n a la estudiante de Bachillerato Internacional del IES Sagasta, Eman Akram, a la que el centro ha prohibido llevar el velo isl\u00e1mico en clase. La sentencia deja claro que la medida vulnera \u201cel derecho fundamental a la libertad religiosa\u201d y obliga a indemnizar con 2.000 euros a esta alumna de 17 a\u00f1os por da\u00f1os morales. Un fallo que estima de forma parcial la demanda de la alumna, que reclamaba una compensaci\u00f3n econ\u00f3mica de 45.000 euros, y contra el que cabe recurso. <\/p>\n<p class=\"\">El centro manten\u00eda esta prohibici\u00f3n desde el comienzo de este curso acad\u00e9mico en aplicaci\u00f3n de su reglamento interno que no permite \u201cel uso de gorros, gorras, viseras, capuchas, boinas y similares\u201d. Una medida ante la que Akram se opuso desde el principio. \u201cEs una forma de identidad\u201d, asegur\u00f3 entonces a Radio Rioja Cadena SER. S\u00f3lo la advertencia de la direcci\u00f3n del centro de que si persist\u00eda en su comportamiento acabar\u00eda expulsada, le hizo desistir en su actitud, mientras abr\u00eda la v\u00eda legal y reun\u00eda m\u00e1s de 11.000 firmas de apoyo a trav\u00e9s de Change.org. Una lucha que congreg\u00f3 tambi\u00e9n a muchos de sus compa\u00f1eros en las concentraciones convocadas a las puertas de centro en se\u00f1al de protesta. <\/p>\n<p class=\"\">La abogada de esta estudiante, Henar Moreno, ha celebrado esta sentencia. \u201cEs evidente que en el IES Sagasta hay otras personas que han acudido al centro con otros s\u00edmbolos religiosos. Es un tema que tiene que ver m\u00e1s con la islamofobia que con otro tipo de cuestiones\u201d, ha concluido. <\/p>\n<p class=\"\">Akram admite a EL PA\u00cdS sentirse \u201csuper feliz\u201d. Sostiene que esta decisi\u00f3n es fruto del \u201cenorme apoyo\u201d que ha recibido de su familia, amigos y de muchos compa\u00f1eros y asociaciones que han acudido a las concentraciones a las puertas del instituto. Conf\u00eda en que pronto pueda volver a llevar el pa\u00f1uelo isl\u00e1mico. \u201cNo lo har\u00e9 hasta ver la reacci\u00f3n en el instituto\u201d, sostiene. \u201cLa lucha no ha acabado todav\u00eda\u201d porque cuatro centros educativos en La Rioja siguen prohibiendo el uso del velo isl\u00e1mico. Un curso muy agitado, que, sin embargo, no ha afectado a su rendimiento. \u201cMe ha salido muy bien el primer trimestre y estoy muy contenta con mis estudios\u201d, afirma con orgullo.<\/p>\n<p class=\"\">La sentencia deja claro que \u201cno existen razones de orden p\u00fablico previstas legalmente que justifiquen tal restricci\u00f3n\u201d. \u201cAsimila un elemento religioso, como puede ser un pa\u00f1uelo isl\u00e1mico, a otros elementos, que, de forma ordinaria, se usan como complementos y responden a razones meramente est\u00e9ticas\u201d. De seguir el reglamento al pie de la letra, \u201cse llegar\u00eda al impensable absurdo de que un pa\u00f1uelo en la cabeza por razones m\u00e9dicas no estar\u00eda permitido\u201d. <\/p>\n<p class=\"\">La directora del centro educativo, Rosario Cuartero, ha asegurado a Radio Rioja Cadena SER que \u201cno hay nada que objetar\u201d. \u201cLa comunidad educativa acata la sentencia y no vamos a poner ning\u00fan impedimento\u201d si la estudiante decide utilizar el pa\u00f1uelo isl\u00e1mico. Una decisi\u00f3n que tambi\u00e9n se aplicar\u00e1 al resto de estudiantes musulmanas que hab\u00edan decidido quitarse el hiyab. \u201cLo \u00fanico que hemos hecho hasta ahora es aplicar un reglamento del centro, siguiendo todos los cauces pertinentes\u201d, puntualiza. <\/p>\n<p class=\"\">La prohibici\u00f3n del velo isl\u00e1mico cont\u00f3 con el respaldo del consejero de Educaci\u00f3n, Alberto Galiana, que justific\u00f3 la medida en \u201cla autonom\u00eda de los centros y de su democracia interna\u201d, c\u00f3mo asegur\u00f3 en el Parlamento. Educaci\u00f3n prefiere por ahora no hacer valoraciones hasta conocer los detalles de la sentencia. <\/p>\n<\/div>\n\n","protected":false},"excerpt":{"rendered":"<p>El Juzgado de lo Contencioso 2 de Logro\u00f1o ha dado la raz\u00f3n a la estudiante de Bachillerato Internacional del IES Sagasta, Eman Akram, a la que el centro ha prohibido llevar el velo isl\u00e1mico en clase. La sentencia deja claro que la medida vulnera \u201cel derecho fundamental a la libertad religiosa\u201d y obliga a indemnizar &hellip;<\/p>\n","protected":false},"author":1,"featured_media":57216,"comment_status":"open","ping_status":"open","sticky":false,"template":"","format":"standard","meta":{"fifu_image_url":"https:\/\/imagenes.elpais.com\/resizer\/v2\/36W737SKONPGFOKTN3URL7IIFM.jpg?auth=c6abe56f8ca94e41794e8120bae19dc4ebfe064dc3313d7ad535c8739236c85d&width=1200","fifu_image_alt":"","footnotes":""},"categories":[11],"tags":[],"class_list":["post-57214","post","type-post","status-publish","format-standard","has-post-thumbnail","","category-viaje"],"_links":{"self":[{"href":"https:\/\/noticiasveraces.com\/index.php?rest_route=\/wp\/v2\/posts\/57214","targetHints":{"allow":["GET"]}}],"collection":[{"href":"https:\/\/noticiasveraces.com\/index.php?rest_route=\/wp\/v2\/posts"}],"about":[{"href":"https:\/\/noticiasveraces.com\/index.php?rest_route=\/wp\/v2\/types\/post"}],"author":[{"embeddable":true,"href":"https:\/\/noticiasveraces.com\/index.php?rest_route=\/wp\/v2\/users\/1"}],"replies":[{"embeddable":true,"href":"https:\/\/noticiasveraces.com\/index.php?rest_route=%2Fwp%2Fv2%2Fcomments&post=57214"}],"version-history":[{"count":0,"href":"https:\/\/noticiasveraces.com\/index.php?rest_route=\/wp\/v2\/posts\/57214\/revisions"}],"wp:featuredmedia":[{"embeddable":true,"href":"https:\/\/noticiasveraces.com\/index.php?rest_route=\/wp\/v2\/media\/57216"}],"wp:attachment":[{"href":"https:\/\/noticiasveraces.com\/index.php?rest_route=%2Fwp%2Fv2%2Fmedia&parent=57214"}],"wp:term":[{"taxonomy":"category","embeddable":true,"href":"https:\/\/noticiasveraces.com\/index.php?rest_route=%2Fwp%2Fv2%2Fcategories&post=57214"},{"taxonomy":"post_tag","embeddable":true,"href":"https:\/\/noticiasveraces.com\/index.php?rest_route=%2Fwp%2Fv2%2Ftags&post=57214"}],"curies":[{"name":"wp","href":"https:\/\/api.w.org\/{rel}","templated":true}]}}