{"id":57207,"date":"2026-01-27T16:31:11","date_gmt":"2026-01-27T20:31:11","guid":{"rendered":"https:\/\/noticiasveraces.com\/?p=57207"},"modified":"2026-01-27T16:31:11","modified_gmt":"2026-01-27T20:31:11","slug":"joven-de-19-anos-sigue-a-las-afueras-de-el-rodeo-i-reclamando-la-liberacion-de-todos-sus-familiares","status":"publish","type":"post","link":"https:\/\/noticiasveraces.com\/?p=57207","title":{"rendered":"Joven de 19 a\u00f1os sigue a las afueras de El Rodeo I reclamando la liberaci\u00f3n de todos sus familiares"},"content":{"rendered":"<p> \n<\/p>\n<p>&nbsp;<\/p>\n<figure id=\"attachment_5874785\" aria-describedby=\"caption-attachment-5874785\" style=\"width: 698px\" class=\"wp-caption alignnone\"><img loading=\"lazy\" decoding=\"async\" class=\"size-full wp-image-5874785\" src=\"https:\/\/sandia.datanubex.uk\/wp-content\/uploads\/2026\/01\/Lorealbert-Garcia.jpg\" alt=\"\" width=\"698\" height=\"490\" \/><figcaption id=\"caption-attachment-5874785\" class=\"wp-caption-text\">Foto: Cortes\u00eda<\/figcaption><\/figure>\n<p>&nbsp;<\/p>\n<p>Con una fotograf\u00eda en las manos y el cansancio marcado en el rostro, Lorealbert Garc\u00eda lleg\u00f3 desde el estado Sucre hasta las afueras del Centro Penitenciario de El Rodeo I, en el estado Miranda, para unirse al campamento donde familiares de presos pol\u00edticos mantienen m\u00e1s de 18 d\u00edas y noches de vigilia permanente exigiendo la liberaci\u00f3n plena de sus seres queridos.<\/p>\n<p><strong>Por: lapatilla.com<\/strong><\/p>\n<p>Garc\u00eda, madre de uno de los detenidos por razones pol\u00edticas, emprendi\u00f3 el viaje dejando atr\u00e1s su hogar, su trabajo y a sus beb\u00e9s, impulsada por la desesperaci\u00f3n y la esperanza de obtener respuestas.<\/p>\n<p>&nbsp;<\/p>\n<p>&nbsp;<\/p>\n<blockquote>\n<p>LEE TAMBI\u00c9N: <strong>Lorealbert Guti\u00e9rrez: Historia de una joven madre que exige libertad de familiares presos en El Rodeo I<\/strong><\/p>\n<\/blockquote>\n<p>&nbsp;<\/p>\n<p>&nbsp;<\/p>\n<p>Su presencia se suma a la de decenas de familiares que, desde hace casi tres semanas, permanecen en condiciones precarias a las afueras del penal, denunciando retardos procesales, violaciones al debido proceso y tratos inhumanos contra los presos pol\u00edticos recluidos en El Rodeo I.<\/p>\n<p>Seg\u00fan relataron los manifestantes, la vigilia se mantiene de forma pac\u00edfica, pero firme. \u201cNo nos vamos a mover hasta que haya una liberaci\u00f3n real y sin condiciones\u201d, insisten los familiares, quienes aseguran que ninguna autoridad penitenciaria ni judicial ha ofrecido informaci\u00f3n clara sobre la situaci\u00f3n de los detenidos.<\/p>\n<p>&nbsp;<\/p>\n<p>&nbsp;<\/p>\n<blockquote>\n<p>LEE TAMBI\u00c9N: <strong>Promesas vac\u00edas: familias cumplen 16 noches durmiendo afuera de El Rodeo I esperando excarcelaciones<\/strong><\/p>\n<\/blockquote>\n<p>&nbsp;<\/p>\n<p>&nbsp;<\/p>\n<p>En el caso de Lorealbert Garc\u00eda, el impacto de la detenci\u00f3n se ha extendido a toda su familia. Su hermana tuvo que abandonar los estudios para ayudarla, mientras otros parientes \u2014madre, t\u00eda, prima, hermano y pareja\u2014 se han turnado para apoyarla emocional y econ\u00f3micamente. \u201cEsto no es solo una c\u00e1rcel, es una condena para toda la familia\u201d, expres\u00f3 una de las manifestantes presentes en el campamento.<\/p>\n<p>Organizaciones de derechos humanos han alertado sobre el uso sistem\u00e1tico de la prisi\u00f3n como herramienta de persecuci\u00f3n pol\u00edtica en Venezuela, y han exigido al r\u00e9gimen chavista liderado por Delcy Rodr\u00edguez, garantizar la libertad inmediata de todos los presos pol\u00edticos, as\u00ed como condiciones dignas para sus familiares.<\/p>\n<p>Mientras tanto, el campamento frente a El Rodeo I contin\u00faa creciendo. Cada historia, como la de esta madre que cruz\u00f3 medio pa\u00eds, refuerza el clamor colectivo: libertad plena para todos los presos pol\u00edticos en Venezuela.<\/p>\n<p>&nbsp;<\/p>\n<p><img loading=\"lazy\" decoding=\"async\" class=\"alignnone size-full wp-image-5874782\" src=\"https:\/\/sandia.datanubex.uk\/wp-content\/uploads\/2026\/01\/familiar-de-presos-en-Rodeo-I.jpg\" alt=\"\" width=\"590\" height=\"582\" \/><\/p>\n\n","protected":false},"excerpt":{"rendered":"<p>&nbsp; Foto: Cortes\u00eda &nbsp; Con una fotograf\u00eda en las manos y el cansancio marcado en el rostro, Lorealbert Garc\u00eda lleg\u00f3 desde el estado Sucre hasta las afueras del Centro Penitenciario de El Rodeo I, en el estado Miranda, para unirse al campamento donde familiares de presos pol\u00edticos mantienen m\u00e1s de 18 d\u00edas y noches de &hellip;<\/p>\n","protected":false},"author":1,"featured_media":57209,"comment_status":"open","ping_status":"open","sticky":false,"template":"","format":"standard","meta":{"fifu_image_url":"https:\/\/sandia.datanubex.uk\/wp-content\/uploads\/2026\/01\/Lorealbert-Garcia.jpg","fifu_image_alt":"","footnotes":""},"categories":[13],"tags":[],"class_list":["post-57207","post","type-post","status-publish","format-standard","has-post-thumbnail","","category-mundo"],"_links":{"self":[{"href":"https:\/\/noticiasveraces.com\/index.php?rest_route=\/wp\/v2\/posts\/57207","targetHints":{"allow":["GET"]}}],"collection":[{"href":"https:\/\/noticiasveraces.com\/index.php?rest_route=\/wp\/v2\/posts"}],"about":[{"href":"https:\/\/noticiasveraces.com\/index.php?rest_route=\/wp\/v2\/types\/post"}],"author":[{"embeddable":true,"href":"https:\/\/noticiasveraces.com\/index.php?rest_route=\/wp\/v2\/users\/1"}],"replies":[{"embeddable":true,"href":"https:\/\/noticiasveraces.com\/index.php?rest_route=%2Fwp%2Fv2%2Fcomments&post=57207"}],"version-history":[{"count":0,"href":"https:\/\/noticiasveraces.com\/index.php?rest_route=\/wp\/v2\/posts\/57207\/revisions"}],"wp:featuredmedia":[{"embeddable":true,"href":"https:\/\/noticiasveraces.com\/index.php?rest_route=\/wp\/v2\/media\/57209"}],"wp:attachment":[{"href":"https:\/\/noticiasveraces.com\/index.php?rest_route=%2Fwp%2Fv2%2Fmedia&parent=57207"}],"wp:term":[{"taxonomy":"category","embeddable":true,"href":"https:\/\/noticiasveraces.com\/index.php?rest_route=%2Fwp%2Fv2%2Fcategories&post=57207"},{"taxonomy":"post_tag","embeddable":true,"href":"https:\/\/noticiasveraces.com\/index.php?rest_route=%2Fwp%2Fv2%2Ftags&post=57207"}],"curies":[{"name":"wp","href":"https:\/\/api.w.org\/{rel}","templated":true}]}}