{"id":57194,"date":"2026-01-27T14:14:38","date_gmt":"2026-01-27T18:14:38","guid":{"rendered":"https:\/\/noticiasveraces.com\/?p=57194"},"modified":"2026-01-27T14:14:38","modified_gmt":"2026-01-27T18:14:38","slug":"los-trastornos-psiquiatricos-comparten-influencias-geneticas-segun-un-importante-estudio","status":"publish","type":"post","link":"https:\/\/noticiasveraces.com\/?p=57194","title":{"rendered":"Los trastornos psiqui\u00e1tricos comparten influencias gen\u00e9ticas, seg\u00fan un importante estudio"},"content":{"rendered":"<p> \n<\/p>\n<div>\n<div id=\"beyondwords-wrapper\" class=\"beyondwords-wrapper\">\n<p><span class=\"label-bg\">NUEVO<\/span>\u00a1Ahora puedes escuchar los art\u00edculos de Fox News!\n  <\/p>\n<\/div>\n<p class=\"speakable\">Los trastornos psiqui\u00e1tricos pueden compartir influencias gen\u00e9ticas comunes, lo que significa que partes del ADN pueden estar en la ra\u00edz de m\u00e1s de una afecci\u00f3n mental, seg\u00fan ha descubierto una nueva investigaci\u00f3n.<\/p>\n<p class=\"speakable\">El estudio, dirigido por investigadores de la Universidad Texas A&#038;M y publicado en Nature, podr\u00eda explicar por qu\u00e9 muchas enfermedades mentales ocurren juntas, seg\u00fan un comunicado de prensa.<\/p>\n<p>Los investigadores examinaron datos de ADN de m\u00e1s de 1 mill\u00f3n de personas que ten\u00edan cualquiera de los 14 trastornos psiqui\u00e1tricos de inicio en la ni\u00f1ez y la edad adulta, y luego los compararon con datos de 5 millones de personas sin ninguno de los trastornos.<\/p>\n<p><strong>La FDA APRUEBA EL PRIMER DISPOSITIVO CEREBRAL DOMICILIARIO PARA LA DEPRESI\u00d3N<\/strong><\/p>\n<p>Los trastornos se clasificaron en cinco grupos: trastornos compulsivos (como TOC y anorexia), esquizofrenia y trastorno bipolar, trastornos del desarrollo neurol\u00f3gico (como autismo y TDAH), trastornos internalizantes (depresi\u00f3n, ansiedad, trastorno de estr\u00e9s postraum\u00e1tico) y trastornos por uso de sustancias.<\/p>\n<div class=\"image-ct inline\">\n<div class=\"m\"><picture><source media=\"(max-width: 767px)\" srcset=\"https:\/\/static.foxnews.com\/foxnews.com\/content\/uploads\/2026\/01\/woman-talking-to-therapist-mental-health-1.gif, https:\/\/static.foxnews.com\/foxnews.com\/content\/uploads\/2026\/01\/woman-talking-to-therapist-mental-health-1.gif 2x\" height=\"192\" width=\"343\"><source media=\"(min-width: 768px) and (max-width: 1023px)\" srcset=\"https:\/\/static.foxnews.com\/foxnews.com\/content\/uploads\/2026\/01\/woman-talking-to-therapist-mental-health-1.gif, https:\/\/static.foxnews.com\/foxnews.com\/content\/uploads\/2026\/01\/woman-talking-to-therapist-mental-health-1.gif 2x\" height=\"378\" width=\"672\"><source media=\"(min-width: 1024px) and (max-width: 1279px)\" srcset=\"https:\/\/static.foxnews.com\/foxnews.com\/content\/uploads\/2026\/01\/woman-talking-to-therapist-mental-health-1.gif, https:\/\/static.foxnews.com\/foxnews.com\/content\/uploads\/2026\/01\/woman-talking-to-therapist-mental-health-1.gif 2x\" height=\"523\" width=\"931\"><source media=\"(min-width: 1280px)\" srcset=\"https:\/\/static.foxnews.com\/foxnews.com\/content\/uploads\/2026\/01\/woman-talking-to-therapist-mental-health-1.gif, https:\/\/static.foxnews.com\/foxnews.com\/content\/uploads\/2026\/01\/woman-talking-to-therapist-mental-health-1.gif 2x\" height=\"405\" width=\"720\"><img loading=\"lazy\" decoding=\"async\" src=\"https:\/\/static.foxnews.com\/foxnews.com\/content\/uploads\/2026\/01\/woman-talking-to-therapist-mental-health-1.gif\" alt=\"Mujer hablando con terapeuta\" width=\"2026\" height=\"01\"\/><\/source><\/source><\/source><\/source><\/picture><\/div>\n<div class=\"info\">\n<div class=\"caption\">\n<p><span>Una nueva investigaci\u00f3n sugiere que muchas afecciones de salud mental comparten las mismas ra\u00edces gen\u00e9ticas en lugar de actuar como trastornos aislados.<\/span> <span>(iStock)<\/span><\/p>\n<\/div>\n<\/div>\n<\/div>\n<p>Cada patr\u00f3n est\u00e1 vinculado a 238 peque\u00f1as diferencias que influyen en el funcionamiento del cerebro y ofrecen pistas sobre por qu\u00e9 algunas condiciones se superponen mientras que otras difieren. Algunos rasgos, como los pensamientos suicidas y la soledad, se vincularon con los cinco patrones.<\/p>\n<p>Para el grupo con esquizofrenia-bipolar, los v\u00ednculos gen\u00e9ticos m\u00e1s fuertes se encontraron en las c\u00e9lulas cerebrales que env\u00edan se\u00f1ales de \u00abir\u00bb y ayudan a permitir la comunicaci\u00f3n entre diferentes regiones.<\/p>\n<p><strong>\u00bfSE SIENTE SOLEDAD? LA SIMPLE REGLA 5-3-1 PODR\u00cdA AYUDARTE A HACER M\u00c1S CONEXIONES<\/strong><\/p>\n<p>Por el contrario, los investigadores encontraron que los trastornos internalizantes (como la depresi\u00f3n, la ansiedad y el trastorno de estr\u00e9s postraum\u00e1tico) est\u00e1n m\u00e1s fuertemente vinculados a las c\u00e9lulas que ayudan a que las se\u00f1ales cerebrales viajen m\u00e1s r\u00e1pido.<\/p>\n<p>\u00abAl descubrir ra\u00edces gen\u00e9ticas compartidas, podemos empezar a pensar en tratamientos dirigidos a m\u00faltiples trastornos en lugar de tratar cada uno de forma aislada\u00bb, dijo el coautor John Hettema, MD, Ph.D., en el comunicado.<\/p>\n<div class=\"image-ct inline\">\n<div class=\"m\"><picture><source media=\"(max-width: 767px)\" srcset=\"https:\/\/a57.foxnews.com\/static.foxnews.com\/foxnews.com\/content\/uploads\/2026\/01\/343\/192\/dna-analysis.jpg?ve=1&amp;tl=1, https:\/\/a57.foxnews.com\/static.foxnews.com\/foxnews.com\/content\/uploads\/2026\/01\/686\/384\/dna-analysis.jpg?ve=1&amp;tl=1 2x\" height=\"192\" width=\"343\"><source media=\"(min-width: 768px) and (max-width: 1023px)\" srcset=\"https:\/\/a57.foxnews.com\/static.foxnews.com\/foxnews.com\/content\/uploads\/2026\/01\/672\/378\/dna-analysis.jpg?ve=1&amp;tl=1, https:\/\/a57.foxnews.com\/static.foxnews.com\/foxnews.com\/content\/uploads\/2026\/01\/1344\/756\/dna-analysis.jpg?ve=1&amp;tl=1 2x\" height=\"378\" width=\"672\"><source media=\"(min-width: 1024px) and (max-width: 1279px)\" srcset=\"https:\/\/a57.foxnews.com\/static.foxnews.com\/foxnews.com\/content\/uploads\/2026\/01\/931\/523\/dna-analysis.jpg?ve=1&amp;tl=1, https:\/\/a57.foxnews.com\/static.foxnews.com\/foxnews.com\/content\/uploads\/2026\/01\/1862\/1046\/dna-analysis.jpg?ve=1&amp;tl=1 2x\" height=\"523\" width=\"931\"><source media=\"(min-width: 1280px)\" srcset=\"https:\/\/a57.foxnews.com\/static.foxnews.com\/foxnews.com\/content\/uploads\/2026\/01\/720\/405\/dna-analysis.jpg?ve=1&amp;tl=1, https:\/\/a57.foxnews.com\/static.foxnews.com\/foxnews.com\/content\/uploads\/2026\/01\/1440\/810\/dna-analysis.jpg?ve=1&amp;tl=1 2x\" height=\"405\" width=\"720\"><img loading=\"lazy\" decoding=\"async\" src=\"https:\/\/a57.foxnews.com\/static.foxnews.com\/foxnews.com\/content\/uploads\/2026\/01\/1200\/675\/dna-analysis.jpg?ve=1&amp;tl=1\" alt=\"Personal m\u00e9dico examinando las muestras bajo un microscopio para detectar y prevenir\" width=\"1200\" height=\"675\"\/><\/source><\/source><\/source><\/source><\/picture><\/div>\n<div class=\"info\">\n<div class=\"caption\">\n<p><span>Los trastornos se clasificaron en cinco grupos: trastornos compulsivos (como TOC y anorexia), esquizofrenia y trastorno bipolar, trastornos del desarrollo neurol\u00f3gico (como autismo y TDAH), trastornos internalizantes (depresi\u00f3n, ansiedad, trastorno de estr\u00e9s postraum\u00e1tico) y trastornos por uso de sustancias.<\/span> <span>(iStock)<\/span><\/p>\n<\/div>\n<\/div>\n<\/div>\n<p>El equipo se bas\u00f3 en estudios de asociaci\u00f3n de todo el genoma, o GWAS, que comparan el ADN de grandes grupos de personas con y sin una determinada afecci\u00f3n. Estos estudios analizan millones de marcadores gen\u00e9ticos comunes para encontrar peque\u00f1as diferencias que son m\u00e1s comunes en las personas que padecen el trastorno.<\/p>\n<p><strong><u>HAGA CLIC AQU\u00cd PARA SUSCRIBIRSE A NUESTRO BOLET\u00cdN DE SALUD<\/u><\/strong><\/p>\n<p>Luego, los investigadores compararon cada trastorno entre s\u00ed para ver en qu\u00e9 medida se superpon\u00edan sus riesgos gen\u00e9ticos. Lo hicieron utilizando una t\u00e9cnica llamada correlaci\u00f3n gen\u00e9tica, que revela si las mismas variantes gen\u00e9ticas contribuyen a m\u00faltiples afecciones.<\/p>\n<h2>&#39;Otra capa de conocimiento&#39;<\/h2>\n<p>El Dr. Daniel Amen, psiquiatra, m\u00e9dico de im\u00e1genes cerebrales y fundador de Amen Clinics en California, dijo que la conclusi\u00f3n m\u00e1s importante del estudio es que el m\u00e9todo actual de diagnosticar enfermedades mentales est\u00e1 \u00abfallido porque no se basa en la biolog\u00eda\u00bb.<\/p>\n<p><strong><u>HAGA CLIC AQU\u00cd PARA M\u00c1S HISTORIAS DE SALUD<\/u><\/strong><\/p>\n<p>\u00abEste nuevo estudio confirma que los trastornos de salud mental comparten conexiones gen\u00e9ticas profundas, especialmente las que involucran el desarrollo del cerebro y la funci\u00f3n sin\u00e1ptica\u00bb, dijo Amen, que no particip\u00f3 en el estudio, a Fox News Digital.<\/p>\n<p>\u00abLo que esto significa es que afecciones como la depresi\u00f3n, el trastorno bipolar, la esquizofrenia y el TDAH no son silos aislados: son parte de sistemas biol\u00f3gicos superpuestos que comienzan en el cerebro, a menudo ya en el \u00fatero\u00bb.<\/p>\n<div class=\"image-ct inline\">\n<div class=\"m\"><picture><source media=\"(max-width: 767px)\" srcset=\"https:\/\/a57.foxnews.com\/static.foxnews.com\/foxnews.com\/content\/uploads\/2026\/01\/343\/192\/mental-health.jpg?ve=1&amp;tl=1, https:\/\/a57.foxnews.com\/static.foxnews.com\/foxnews.com\/content\/uploads\/2026\/01\/686\/384\/mental-health.jpg?ve=1&amp;tl=1 2x\" height=\"192\" width=\"343\"><source media=\"(min-width: 768px) and (max-width: 1023px)\" srcset=\"https:\/\/a57.foxnews.com\/static.foxnews.com\/foxnews.com\/content\/uploads\/2026\/01\/672\/378\/mental-health.jpg?ve=1&amp;tl=1, https:\/\/a57.foxnews.com\/static.foxnews.com\/foxnews.com\/content\/uploads\/2026\/01\/1344\/756\/mental-health.jpg?ve=1&amp;tl=1 2x\" height=\"378\" width=\"672\"><source media=\"(min-width: 1024px) and (max-width: 1279px)\" srcset=\"https:\/\/a57.foxnews.com\/static.foxnews.com\/foxnews.com\/content\/uploads\/2026\/01\/931\/523\/mental-health.jpg?ve=1&amp;tl=1, https:\/\/a57.foxnews.com\/static.foxnews.com\/foxnews.com\/content\/uploads\/2026\/01\/1862\/1046\/mental-health.jpg?ve=1&amp;tl=1 2x\" height=\"523\" width=\"931\"><source media=\"(min-width: 1280px)\" srcset=\"https:\/\/a57.foxnews.com\/static.foxnews.com\/foxnews.com\/content\/uploads\/2026\/01\/720\/405\/mental-health.jpg?ve=1&amp;tl=1, https:\/\/a57.foxnews.com\/static.foxnews.com\/foxnews.com\/content\/uploads\/2026\/01\/1440\/810\/mental-health.jpg?ve=1&amp;tl=1 2x\" height=\"405\" width=\"720\"><img loading=\"lazy\" decoding=\"async\" src=\"https:\/\/a57.foxnews.com\/static.foxnews.com\/foxnews.com\/content\/uploads\/2026\/01\/1200\/675\/mental-health.jpg?ve=1&amp;tl=1\" alt=\"El terapeuta anima al hombre emocionalmente angustiado.\" width=\"1200\" height=\"675\"\/><\/source><\/source><\/source><\/source><\/picture><\/div>\n<div class=\"info\">\n<div class=\"caption\">\n<p><span>Si bien la gen\u00e9tica \u00abprepara el escenario\u00bb para el riesgo, los factores ambientales como el estr\u00e9s pueden desencadenar la aparici\u00f3n real de una afecci\u00f3n, anot\u00f3 un experto.<\/span> <span>(iStock)<\/span><\/p>\n<\/div>\n<\/div>\n<\/div>\n<p>Amen enfatiz\u00f3 que las enfermedades mentales deben considerarse como un problema de salud cerebral y no como un conjunto de s\u00edntomas psicol\u00f3gicos.<\/p>\n<p>\u00abLo que este estudio a\u00f1ade es otra capa de conocimiento biol\u00f3gico, especialmente para las personas en riesgo\u00bb, afirm\u00f3. \u00abCon el tiempo, podr\u00eda conducir a herramientas de detecci\u00f3n que identifiquen vulnerabilidades en la infancia, permitiendo intervenciones tempranas antes de que los s\u00edntomas se agraven\u00bb.<\/p>\n<p><strong>HAGA CLIC AQU\u00cd PARA DESCARGAR LA APLICACI\u00d3N FOX NEWS<\/strong><\/p>\n<h2><strong>Limitaciones potenciales<\/strong> <\/h2>\n<p>Los investigadores enfatizaron que la gen\u00e9tica por s\u00ed sola no determina si alguien tendr\u00e1 estos trastornos, del mismo modo que no determina condiciones m\u00e9dicas como la hipertensi\u00f3n y la diabetes.<\/p>\n<p>En cambio, los rasgos gen\u00e9ticos \u00abpreparan el escenario\u00bb al aumentar o disminuir el riesgo inherente, dicen los autores, que luego puede ser desencadenado por otros factores, como el estr\u00e9s.<\/p>\n<blockquote class=\"pull-quote\">\n<p class=\"quote-text\">\u00abEl hecho de que un gen est\u00e9 relacionado con un trastorno no significa que lo cause\u00bb.<\/p>\n<p> <!----><\/p><\/blockquote>\n<p>Amen estuvo de acuerdo en que \u00abla asociaci\u00f3n no es causalidad\u00bb y que \u00abtodav\u00eda no estamos en el punto en el que los m\u00e9dicos puedan prescribir bas\u00e1ndose \u00fanicamente en perfiles gen\u00e9ticos\u00bb.<\/p>\n<p>\u00abEl hecho de que un gen est\u00e9 relacionado con un trastorno no significa que lo cause, o que cambiarlo cambie el resultado\u00bb, dijo. \u00abEl medio ambiente todav\u00eda importa. La gen\u00e9tica carga el arma, pero el estr\u00e9s, el trauma, la dieta, las infecciones, las toxinas y las lesiones en la cabeza aprietan el gatillo\u00bb.<\/p>\n<p><strong><u>PRUEBA CON NUESTRO \u00daLTIMO QUIZ DE ESTILO DE VIDA<\/u><\/strong><\/p>\n<p>El experto en cerebro tambi\u00e9n enfatiz\u00f3 la importancia de combinar el cribado gen\u00e9tico con im\u00e1genes cerebrales.<\/p>\n<p>\u00abSi hacemos esto bien, y combinamos la investigaci\u00f3n gen\u00e9tica con im\u00e1genes cerebrales, fenotipado digital y neurociencia cl\u00ednica, todo el panorama de la atenci\u00f3n de salud mental cambiar\u00e1\u00bb, predijo. \u00abYa no diagnosticaremos bas\u00e1ndonos \u00fanicamente en los s\u00edntomas. Lo haremos en base a datos biol\u00f3gicos objetivos\u00bb.<\/p>\n<p> <!----> <\/p>\n<div class=\"article-meta\">\n<div class=\"author-bio\">\n<p>Khloe Quill es asistente de producci\u00f3n de estilo de vida en Fox News Digital. Ella y el equipo de estilo de vida cubren una variedad de temas que incluyen comida y bebida, viajes y salud. <\/p>\n<\/div>\n<\/div>\n<\/div>\n\n","protected":false},"excerpt":{"rendered":"<p>NUEVO\u00a1Ahora puedes escuchar los art\u00edculos de Fox News! Los trastornos psiqui\u00e1tricos pueden compartir influencias gen\u00e9ticas comunes, lo que significa que partes del ADN pueden estar en la ra\u00edz de m\u00e1s de una afecci\u00f3n mental, seg\u00fan ha descubierto una nueva investigaci\u00f3n. El estudio, dirigido por investigadores de la Universidad Texas A&#038;M y publicado en Nature, podr\u00eda &hellip;<\/p>\n","protected":false},"author":1,"featured_media":57196,"comment_status":"open","ping_status":"open","sticky":false,"template":"","format":"standard","meta":{"fifu_image_url":"https:\/\/static.foxnews.com\/foxnews.com\/content\/uploads\/2026\/01\/woman-talking-to-therapist-mental-health-1.gif","fifu_image_alt":"","footnotes":""},"categories":[8],"tags":[],"class_list":["post-57194","post","type-post","status-publish","format-standard","has-post-thumbnail","","category-salud"],"_links":{"self":[{"href":"https:\/\/noticiasveraces.com\/index.php?rest_route=\/wp\/v2\/posts\/57194","targetHints":{"allow":["GET"]}}],"collection":[{"href":"https:\/\/noticiasveraces.com\/index.php?rest_route=\/wp\/v2\/posts"}],"about":[{"href":"https:\/\/noticiasveraces.com\/index.php?rest_route=\/wp\/v2\/types\/post"}],"author":[{"embeddable":true,"href":"https:\/\/noticiasveraces.com\/index.php?rest_route=\/wp\/v2\/users\/1"}],"replies":[{"embeddable":true,"href":"https:\/\/noticiasveraces.com\/index.php?rest_route=%2Fwp%2Fv2%2Fcomments&post=57194"}],"version-history":[{"count":0,"href":"https:\/\/noticiasveraces.com\/index.php?rest_route=\/wp\/v2\/posts\/57194\/revisions"}],"wp:featuredmedia":[{"embeddable":true,"href":"https:\/\/noticiasveraces.com\/index.php?rest_route=\/wp\/v2\/media\/57196"}],"wp:attachment":[{"href":"https:\/\/noticiasveraces.com\/index.php?rest_route=%2Fwp%2Fv2%2Fmedia&parent=57194"}],"wp:term":[{"taxonomy":"category","embeddable":true,"href":"https:\/\/noticiasveraces.com\/index.php?rest_route=%2Fwp%2Fv2%2Fcategories&post=57194"},{"taxonomy":"post_tag","embeddable":true,"href":"https:\/\/noticiasveraces.com\/index.php?rest_route=%2Fwp%2Fv2%2Ftags&post=57194"}],"curies":[{"name":"wp","href":"https:\/\/api.w.org\/{rel}","templated":true}]}}