{"id":57186,"date":"2026-01-27T13:27:05","date_gmt":"2026-01-27T17:27:05","guid":{"rendered":"https:\/\/noticiasveraces.com\/?p=57186"},"modified":"2026-01-27T13:27:05","modified_gmt":"2026-01-27T17:27:05","slug":"espana-aprueba-regularizacion-masiva-de-inmigrantes-en-que-consiste","status":"publish","type":"post","link":"https:\/\/noticiasveraces.com\/?p=57186","title":{"rendered":"Espa\u00f1a aprueba regularizaci\u00f3n masiva de inmigrantes: \u00bfen qu\u00e9 consiste?"},"content":{"rendered":"<p> \n<\/p>\n<div>\n<p>El Consejo de Ministros de Espa\u00f1a aprob\u00f3 este martes la\u00a0regularizaci\u00f3n\u00a0masiva de inmigrantes\u00a0que viven en\u00a0el pa\u00eds europeo\u00a0sin permiso de residencia ni trabajo.<\/p>\n<p>\u00abSe trata de la tramitaci\u00f3n urgente de un Real Decreto con el que iniciamos un <strong>proceso de regularizaci\u00f3n extraordinaria para miles de personas extranjeras<\/strong> que se encuentran en nuestro pa\u00eds\u00bb, dijo\u00a0la ministra de Inclusi\u00f3n, Seguridad Social y Migraciones y portavoz del Gobierno, Elma Saiz, en rueda de prensa posterior a la reuni\u00f3n del Ejecutivo.<\/p>\n<div class=\"EmbedBlock-root EmbedBlock-twitter\">\n<div class=\"TwitterEmbed\">\n<blockquote class=\"twitter-tweet lazyload\" data-twitter=\"twitter-tweet\" data-media-max-width=\"560\">\n<p lang=\"es\" dir=\"ltr\">La ministra de <a href=\"https:\/\/twitter.com\/inclusiongob?ref_src=twsrc%5Etfw\">@inclusiongob<\/a>Elma Saiz, explica el proceso de regularizaci\u00f3n extraordinaria.\ud83d\udc49\ud83c\udffcUna medida largamente trabajada, dialogada y necesaria para dar respuesta a una realidad que existe en nuestras calles y que tiene un impacto en la convivencia y la econom\u00eda. <a href=\"https:\/\/t.co\/LYDtqGLq7T\">pic.twitter.com\/LYDtqGLq7T<\/a><\/p>\n<p>\u2014 La Moncloa (@desdelamoncloa) <a href=\"https:\/\/twitter.com\/desdelamoncloa\/status\/2016120362581303730?ref_src=twsrc%5Etfw\">27 de enero de 2026<\/a><\/p><\/blockquote>\n<\/div>\n<\/div>\n<p>Se\u00f1al\u00f3 que la medida,<strong> impulsada por el Gobierno en acuerdo con Podemos,<\/strong> es \u00abnecesaria\u00bb para \u00abdar respuesta a una realidad que existe\u00bb en las calles de Espa\u00f1a; y busca dar oportunidad a la gente de vivir con \u00abigualdad de derechos y oportunidades\u00bb.<\/p>\n<p>Agreg\u00f3 que el Gobierno, para aprobar esta medida, ha retomado \u00abel esp\u00edritu\u00bb de\u00a0una Iniciativa Legislativa Popular (ILP) en la materia \u00abque fue respaldada por m\u00e1s de 700.000 firmas y tomada en consideraci\u00f3n por una ampl\u00edsima mayor\u00eda del Congreso, pero que ha permanecido bloqueada demasiados meses\u00bb.<\/p>\n<h3>Beneficios y aplicantes<\/h3>\n<p>Desde la cartera que dirige Saiz explicaron que el objetivo es \u00ab<strong>dar permisos de residencia y trabajo<\/strong> a personas migrantes que ya viven en Espa\u00f1a\u00bb. Los beneficiarios obtendr\u00e1n una autorizaci\u00f3n inicial de un a\u00f1o de vigencia y, transcurrido este plazo, podr\u00e1n incorporarse a las figuras previstas en el reglamento de extranjer\u00eda.<\/p>\n<div class=\"EmbedBlock-root EmbedBlock-twitter\">\n<div class=\"TwitterEmbed\">\n<blockquote class=\"twitter-tweet lazyload\" data-twitter=\"twitter-tweet\">\n<p lang=\"es\" dir=\"ltr\">\u2705 El Gobierno ha iniciado los tr\u00e1mites para un proceso de regularizaci\u00f3n extraordinario para personas extranjeras.\ud83c\udfaf El objetivo es garantizar derechos y dar seguridad jur\u00eddica.\ud83d\udc47 Te contamos todos los detalles: <a href=\"https:\/\/t.co\/4NJvAtzGwe\">pic.twitter.com\/4NJvAtzGwe<\/a><\/p>\n<p>\u2014 Ministerio Inclusi\u00f3n Seguridad Social Migraciones (@inclusiongob) <a href=\"https:\/\/twitter.com\/inclusiongob\/status\/2016152662496920000?ref_src=twsrc%5Etfw\">27 de enero de 2026<\/a><\/p><\/blockquote>\n<\/div>\n<\/div>\n<p>Se estima, seg\u00fan publica la estatal RTVE, que esta regularizaci\u00f3n <strong>beneficiar\u00e1 a alrededor de 500.000 inmigrantes<\/strong>una cifra que se aproxima a la de un proceso en 2005, cuando se legalizaron m\u00e1s 576.000 extranjeros, durante la administraci\u00f3n de Jos\u00e9 Luis Rodr\u00edguez Zapatero.<\/p>\n<p>Seg\u00fan detall\u00f3 Saiz en la rueda de prensa, el proceso est\u00e1 dirigido a extranjeros con <strong>al menos cinco meses de estancia en Espa\u00f1a hasta el pasado 31 de diciembre de 2025<\/strong>.<\/p>\n<div class=\"ReadMore-root Section-root Section-is1to3-xs_is1to1\" data-widgets=\"ReadMore\">\n<div class=\"Section-container Section-isRow-isTop-isWrap\">\n<article class=\"Card-root Card-is1to1 Card-default \">\n<div class=\"Card-imageWrap\">\n<div class=\"Card-picture\">\n<picture class=\"Picture-root Picture-default\"><!--[if IE 9]><video style=\"display: none;\"><![endif]--><source media=\"(-webkit-min-device-pixel-ratio: 2) and (min-resolution: 120dpi)\" data-srcset=\"&#10;                                            https:\/\/mfes.b37m.ru\/actualidad\/public_images\/2026.01\/thumbnail\/6967b220e9ff715cb54d9a08.jpg 850w,&#10;                                    https:\/\/mfes.b37m.ru\/actualidad\/public_images\/2026.01\/article\/6967b220e9ff715cb54d9a08.jpg 1960w,            \" srcset=\"&#10;                                    data:image\/png;base64,iVBORw0KGgoAAAANSUhEUgAAABAAAAAJCAQAAACRI2S5AAAAEElEQVR42mNkIAAYRxWAAQAG9gAKqv6+AwAAAABJRU5ErkJggg==&#10;                            \"><source data-srcset=\"&#10;                                            https:\/\/mfes.b37m.ru\/actualidad\/public_images\/2026.01\/thumbnail\/6967b220e9ff715cb54d9a08.jpg 460,&#10;                                  https:\/\/mfes.b37m.ru\/actualidad\/public_images\/2026.01\/article\/6967b220e9ff715cb54d9a08.jpg 980w,&#10;            \" srcset=\"&#10;                                    data:image\/png;base64,iVBORw0KGgoAAAANSUhEUgAAABAAAAAJCAQAAACRI2S5AAAAEElEQVR42mNkIAAYRxWAAQAG9gAKqv6+AwAAAABJRU5ErkJggg==&#10;                            \"><!--[if IE 9]><\/video><![endif]--><img decoding=\"async\" data-sizes=\"auto\" src=\"&#10;                                    data:image\/png;base64,iVBORw0KGgoAAAANSUhEUgAAABAAAAAJCAQAAACRI2S5AAAAEElEQVR42mNkIAAYRxWAAQAG9gAKqv6+AwAAAABJRU5ErkJggg==&#10;                            \" class=\"Picture-root Picture-default lazyload\" data-src=\"https:\/\/mfes.b37m.ru\/actualidad\/public_images\/2026.01\/thumbnail\/6967b220e9ff715cb54d9a08.jpg\" alt=\"Desmantelan red de explotaci\u00f3n en Espa\u00f1a que captaba inmigrantes sudamericanos con 'app' de citas\"\/><\/source><\/source><\/picture><!-- noscript pattern --><img decoding=\"async\" src=\"https:\/\/mfes.b37m.ru\/actualidad\/public_images\/2026.01\/article\/6967b220e9ff715cb54d9a08.jpg\" alt=\"Desmantelan red de explotaci\u00f3n en Espa\u00f1a que captaba inmigrantes sudamericanos con 'app' de citas\"\/>    <\/div>\n<\/p><\/div>\n<\/article><\/div>\n<\/p><\/div>\n<p><strong>\u00abPodr\u00e1n cogerse tambi\u00e9n los solicitantes de protecci\u00f3n internacional\u00bb<\/strong> que hubieran presentado dicha solicitud hasta esa misma fecha, explic\u00f3. Se\u00f1al\u00f3 como requisito \u00abindispensable\u00bb el \u00abcarecer de antecedentes penales\u00bb.<\/p>\n<p>La solicitud para obtener los beneficios se podr\u00e1 presentar desde principios de abril hasta el 30 de junio de 2026.<\/p>\n<p><strong>\u00abHoy es un d\u00eda hist\u00f3rico\u00bb<\/strong>ha celebrado Saiz durante la rueda de prensa.<\/p>\n<\/div>\n<p><script async src=\"https:\/\/platform.twitter.com\/widgets.js\" charset=\"utf-8\"><\/script><br \/>\n<br \/>\n","protected":false},"excerpt":{"rendered":"<p>El Consejo de Ministros de Espa\u00f1a aprob\u00f3 este martes la\u00a0regularizaci\u00f3n\u00a0masiva de inmigrantes\u00a0que viven en\u00a0el pa\u00eds europeo\u00a0sin permiso de residencia ni trabajo. \u00abSe trata de la tramitaci\u00f3n urgente de un Real Decreto con el que iniciamos un proceso de regularizaci\u00f3n extraordinaria para miles de personas extranjeras que se encuentran en nuestro pa\u00eds\u00bb, dijo\u00a0la ministra de Inclusi\u00f3n, &hellip;<\/p>\n","protected":false},"author":1,"featured_media":57188,"comment_status":"open","ping_status":"open","sticky":false,"template":"","format":"standard","meta":{"fifu_image_url":"https:\/\/mfes.b37m.ru\/actualidad\/public_images\/2026.01\/article\/6978dbb5e9ff71602e00b8a3.jpg","fifu_image_alt":"","footnotes":""},"categories":[13],"tags":[],"class_list":["post-57186","post","type-post","status-publish","format-standard","has-post-thumbnail","","category-mundo"],"_links":{"self":[{"href":"https:\/\/noticiasveraces.com\/index.php?rest_route=\/wp\/v2\/posts\/57186","targetHints":{"allow":["GET"]}}],"collection":[{"href":"https:\/\/noticiasveraces.com\/index.php?rest_route=\/wp\/v2\/posts"}],"about":[{"href":"https:\/\/noticiasveraces.com\/index.php?rest_route=\/wp\/v2\/types\/post"}],"author":[{"embeddable":true,"href":"https:\/\/noticiasveraces.com\/index.php?rest_route=\/wp\/v2\/users\/1"}],"replies":[{"embeddable":true,"href":"https:\/\/noticiasveraces.com\/index.php?rest_route=%2Fwp%2Fv2%2Fcomments&post=57186"}],"version-history":[{"count":0,"href":"https:\/\/noticiasveraces.com\/index.php?rest_route=\/wp\/v2\/posts\/57186\/revisions"}],"wp:featuredmedia":[{"embeddable":true,"href":"https:\/\/noticiasveraces.com\/index.php?rest_route=\/wp\/v2\/media\/57188"}],"wp:attachment":[{"href":"https:\/\/noticiasveraces.com\/index.php?rest_route=%2Fwp%2Fv2%2Fmedia&parent=57186"}],"wp:term":[{"taxonomy":"category","embeddable":true,"href":"https:\/\/noticiasveraces.com\/index.php?rest_route=%2Fwp%2Fv2%2Fcategories&post=57186"},{"taxonomy":"post_tag","embeddable":true,"href":"https:\/\/noticiasveraces.com\/index.php?rest_route=%2Fwp%2Fv2%2Ftags&post=57186"}],"curies":[{"name":"wp","href":"https:\/\/api.w.org\/{rel}","templated":true}]}}