{"id":57184,"date":"2026-01-27T12:26:06","date_gmt":"2026-01-27T16:26:06","guid":{"rendered":"https:\/\/noticiasveraces.com\/?p=57184"},"modified":"2026-01-27T12:26:06","modified_gmt":"2026-01-27T16:26:06","slug":"dani-dayan-presidente-del-centro-de-la-memoria-del-holocausto-yad-vashem-el-antisemitismo-es-lo-unico-que-une-a-todos-los-extremistas","status":"publish","type":"post","link":"https:\/\/noticiasveraces.com\/?p=57184","title":{"rendered":"Dani Dayan, presidente del Centro de la Memoria del Holocausto Yad Vashem: \u00abEl antisemitismo es lo \u00fanico que une a todos los extremistas\u00bb"},"content":{"rendered":"<p> \n<\/p>\n<div>\n<div class=\"ue-c-article__bar-footer\">\n<p><span>Actualizado <\/span><time datetime=\"2026-01-27T15:23:42Z\">  Martes,<br \/>\n27<br \/>\nenero<br \/>\n2026<br \/>\n&#8211;<br \/>\n<span>16:23<\/span><\/time><\/p>\n<\/div>\n<\/div>\n<div data-section=\"articleBody\">\n<p class=\"ue-c-article__paragraph\">\u00abLos nazis trataron de convertir a los jud\u00edos en seres subhumanos convirti\u00e9ndoles en un n\u00famero tatuado en el brazo antes de matarlos. Tenemos el deber de hacer todo lo posible para <strong>devolverles la dignidad humana<\/strong> y <strong>eso empieza con el nombre<\/strong>\u00ab, explica el presidente del directorio ejecutivo de Yad Vashem, Dani Dayan, en Jerusal\u00e9n.<\/p>\n<p class=\"ue-c-article__paragraph\">La prestigiosa instituci\u00f3n, destinada al recuerdo, documentaci\u00f3n, investigaci\u00f3n y estudio del Holocausto, complet\u00f3 hace dos meses la <strong>identificaci\u00f3n<\/strong> de los nombres y apellidos de <strong>cinco millones de las v\u00edctimas jud\u00edas<\/strong> llegando as\u00ed a m\u00e1s del <strong>80% de los jud\u00edos asesinados por los nazis y sus aliados<\/strong>.<\/p>\n<p class=\"ue-c-article__paragraph\">En una entrevista con motivo del D\u00eda Internacional en Memoria de las V\u00edctimas del Holocausto que se conmemora este martes, Dayan recuerda lo que dijo un superviviente jud\u00edo holand\u00e9s: \u00abLa <i>Sho\u00e1 <\/i>no es el asesinato de seis millones de jud\u00edos sino <strong>seis millones de asesinatos<\/strong>en los que en cada uno de ellos fue matado un jud\u00edo o una jud\u00eda\u00bb.<\/p>\n<h2 class=\"ue-c-article__subheadline\"\/>\n<dl class=\"ue-c-article__interview\">\n<dt>Cada vez hay menos supervivientes, lo que puede contribuir al olvido e incluso negaci\u00f3n del Holocausto. \u00bfC\u00f3mo luchan contra el tiempo?<\/dt>\n<dd>Estamos en un punto cr\u00edtico en la memoria de la <i>Sho\u00e1.<\/i> Escuchar a supervivientes en tu casa, colegio o lugar de trabajo es como estar en un puente en el que tus pies est\u00e1n en un lado y Auschwitz en el otro. <strong>No tiene reemplazo<\/strong>pero precisamente <strong>por eso tenemos que hacer mucho m\u00e1s<\/strong>. Estamos trabajando en nuevas herramientas para llevar nuestro mensaje. <strong>Cuando no haya supervivientes, ser\u00e1 el <\/strong><i><strong>hora feliz<\/strong><\/i><strong>  de los negacionistas<\/strong> y los que distorsionan la <i>Sho\u00e1<\/i>.<\/dd>\n<dt>Desde el 7 de octubre del 2023 \u00bfhay menos demanda en el mundo para participar en los cursos de educaci\u00f3n en Yad Vashem?<\/dt>\n<dd>No, pero por razones obvias hay menos posibilidades que antes del coronavirus y la guerra, cuando ven\u00edan educadores por una o dos semanas. Mucho tuvo que pasar a ser <i>en l\u00ednea<\/i> y fuimos al extranjero para dar las clases. <strong>El inter\u00e9s por la <\/strong><i><strong>Sho\u00e1 <\/strong><\/i><strong>crece<\/strong>.<\/dd>\n<dt>Este a\u00f1o est\u00e1 marcado por el auge del antisemitismo&#8230;<\/dt>\n<dd>El crecimiento es tremendo y es un fen\u00f3meno que cruza fronteras. Lo vimos en S\u00eddney, Manchester, Estados Unidos, en pr\u00e1cticamente toda Europa y Norteam\u00e9rica. <strong>La masacre en S\u00eddney pod\u00eda haber pasado en otros lugares<\/strong> y, si no tomamos las medidas necesarias, lamentablemente ocurrir\u00e1. En los \u00faltimos a\u00f1os, el antisemitismo se convirti\u00f3 en el <strong>denominador com\u00fan de todos los extremistas<\/strong>sean de extrema derecha, extrema izquierda o extremo islamismo. Es lo \u00fanico que los une. En las otras cosas son rivales y quiz\u00e1s enemigos, pero <strong>est\u00e1n unidos en el odio a los jud\u00edos<\/strong> y al Estado jud\u00edo creando una sinergia peligrosa.<\/dd>\n<dt>Hay un claro repunte del antisemitismo desde el 7-O, pero \u00bfcu\u00e1l es la l\u00ednea entre la cr\u00edtica a Israel y el antisemitismo?<\/dt>\n<dd>Tras la <i>Sho\u00e1<\/i>el antisemitismo se renov\u00f3 despu\u00e9s de una breve pausa. No es solo en los \u00faltimos dos a\u00f1os y medio cuando hubo un aumento enorme. Al llegar a Nueva York como c\u00f3nsul general en 2016, pens\u00e9 que iba a estar en un lugar relativamente de perfil bajo en mi agenda. Pero en cuatro a\u00f1os all\u00ed, 15 jud\u00edos fueron asesinados en ataques antisemitas suelo estadounidense. Hoy ya no atacan solo a los jud\u00edos sino a los aliados de los jud\u00edos. Hace unas semanas fue atacada la casa privada del comisionado para la lucha contra el antisemitismo en Brandeburgo en Alemania.<\/dd>\n<dt>Podemos ir a la definici\u00f3n de antisemitismo&#8230;<\/dt>\n<dd>si lo eres <strong>divulgando una mentira<\/strong> seg\u00fan la cual la definici\u00f3n del <strong>antisemitismo<\/strong> de la IHRA (Alianza Internacional de Recuerdo del Holocausto) proh\u00edbe la <strong>cr\u00edtica a Israel<\/strong>. Criticar a Israel y a su Gobierno <strong>es algo que hacemos todos los d\u00edas en Israel <\/strong>y es totalmente leg\u00edtimo. Lo que no es leg\u00edtimo y s\u00ed es antisemitismo es negar a los jud\u00edos el derecho de autodeterminaci\u00f3n. O decir que los jud\u00edos no tenemos ninguna relaci\u00f3n hist\u00f3rica con nuestra tierra o <strong>acusar a todos los jud\u00edos por actos de Israel o de un jud\u00edo<\/strong>. En Alemania de los a\u00f1os 30, el antisemitismo ven\u00eda de la poblaci\u00f3n y el Gobierno. Esto no sucede hoy. Por eso, lo que sucede en Nueva York es alarmante, ya que el antisemitismo no es solo de masas sino tambi\u00e9n que reciben aliento de las autoridades.<\/dd>\n<dt>Antisionistas, entre ellos jud\u00edos, alegan que no son antisemitas&#8230;<\/dt>\n<dd><strong>Mamdani<\/strong> [el nuevo alcalde de Nueva York]  dijo que <strong>no cree en el derecho de existir de Israel como Estado<\/strong> jud\u00edo. <strong>Eso es antisemitismo<\/strong>. Es la raz\u00f3n por la cual \u00e9l anul\u00f3 las \u00f3rdenes ejecutivas de su predecesor Adams a favor de adoptar la definici\u00f3n de antisemitismo de IHRA, que es la m\u00e1s aceptable y clara, y contra el boicot a Israel.<\/dd>\n<dt>\u00bfPedir boicot a Israel es antisemitismo?<\/dt>\n<dd>La lucha que se lleva a cabo en universidades en muchos pa\u00edses occidentales no es contra la pol\u00edtica de un Gobierno israel\u00ed sino por la existencia de Israel. <strong>No es que est\u00e9n a favor de la soluci\u00f3n de dos Estados<\/strong>. Desde hace a\u00f1os, se desarrolla en sectores pseudointelectuales una teor\u00eda pseudoacad\u00e9mica que invent\u00f3 su propio vocabulario para deslegitimizar la existencia de Israel, de un Estado jud\u00edo. No se trata de criticar unas fronteras determinadas de Israel sino de su existencia. Lo dicen muy claramente. <strong>Negar a los jud\u00edos el derecho a un Estado es antisemitismo<\/strong>.<\/dd>\n<dt>Se realizan dos comparaciones con la <i>Sho\u00e1<\/i>. Una en Israel sobre lo sufrido el 7-O cuando jud\u00edos tuvieron que volver a esconderse y sobre el cautiverio de los secuestrados seg\u00fan sus testimonios.<\/dt>\n<dd>Cuando Biden estuvo aqu\u00ed en 2022, le dije que si quiere entender a los israel\u00edes tiene que saber que <strong>la <\/strong><i><strong>Sho\u00e1<\/strong><\/i><strong>  est\u00e1 omnipresente en nuestra cabeza<\/strong>inconscientemente muchas veces. Cuando en el 7-O escuchamos sobre madres que tapan la boca a los ni\u00f1os para que no hagan ruido y no los asesinen, instintivamente nos acordamos de la <i>Sho\u00e1<\/i> y de tantas historias similares en Ucrania, \u00c1msterdam y en toda Europa. Pero <strong>el 7-0 no es <\/strong><i><strong>Sho\u00e1<\/strong><\/i><strong>  2.0<\/strong>. Rechazo esta comparaci\u00f3n. La principal raz\u00f3n de que es diferente es que <strong>tenemos un Estado jud\u00edo independiente<\/strong>. Entonces, lo m\u00e1ximo que pod\u00edamos hacer era rogar a Roosevelt y Churchill que bombardeen las v\u00edas de tren que conduc\u00edan a Auschwitz y no lo hicieron. Hoy hacemos lo que creemos necesario para nuestra defensa.<\/dd>\n<dt>La otra, en algunos sectores fuera de Israel, es compararle con los nazis tras la ofensiva en Gaza&#8230;<\/dt>\n<dd>Se trata de propaganda y mentira. El que hace esa comparaci\u00f3n es ignorante o malvado. No sabe o no quiere saber, no entiende o no quiere entender qu\u00e9 es la <i>Sho\u00e1. <\/i><strong>Fue algo completamente diferente<\/strong>una <strong>masacre<\/strong> determinada de <strong>todo un pueblo por el pecado de ser una raza inferior<\/strong>. En el Holocausto fue asesinado un tercio del pueblo jud\u00edo en todo el mundo. No hay ninguna similitud, pero lo hacen para hacernos da\u00f1o porque saben que nada nos causa m\u00e1s dolor que escuchar eso.<\/dd>\n<dt>En el Congreso espa\u00f1ol, un diputado compar\u00f3 Gaza con Auschwitz. Demuestra ignorancia hist\u00f3rica, pero su opini\u00f3n aunque no de forma tan rotunda est\u00e1 presente en otros foros&#8230;<\/dt>\n<dd>Ignorancia o malicia. Yo <strong>culpo al Gobierno espa\u00f1ol de fomentar esa malicia<\/strong> y ese antisemitismo. Que la vicepresidenta repitiera el lema <strong>\u00abDesde el r\u00edo hasta el mar&#8230;\u00bb<\/strong>, <strong>negando as\u00ed a los jud\u00edos un Estado independiente<\/strong> es antisemitismo. En Europa los gobiernos de Espa\u00f1a e Irlanda son los que m\u00e1s calumnian a Israel y a los jud\u00edos.<\/dd>\n<\/dl>\n<hr class=\"mid-script\" data-ue-cxid=\"cx_83a9b88a949e8d5637b6e6fe389963468546b555\" data-ue-is-premium=\"false\" data-ue-is-basic=\"true\" data-ue-is-mobile=\"false\" style=\"display:none\"\/><\/div>\n\n","protected":false},"excerpt":{"rendered":"<p>Actualizado Martes, 27 enero 2026 &#8211; 16:23 \u00abLos nazis trataron de convertir a los jud\u00edos en seres subhumanos convirti\u00e9ndoles en un n\u00famero tatuado en el brazo antes de matarlos. Tenemos el deber de hacer todo lo posible para devolverles la dignidad humana y eso empieza con el nombre\u00ab, explica el presidente del directorio ejecutivo de &hellip;<\/p>\n","protected":false},"author":1,"featured_media":57185,"comment_status":"open","ping_status":"open","sticky":false,"template":"","format":"standard","meta":{"fifu_image_url":"https:\/\/e01-phantom-elmundo.uecdn.es\/c96ffa0d0a84329eb4a754317e7a8d82\/crop\/105x137\/2890x1993\/resize\/1200\/f\/webp\/assets\/multimedia\/imagenes\/2026\/01\/26\/17694367573241.jpg","fifu_image_alt":"","footnotes":""},"categories":[13],"tags":[],"class_list":["post-57184","post","type-post","status-publish","format-standard","has-post-thumbnail","","category-mundo"],"_links":{"self":[{"href":"https:\/\/noticiasveraces.com\/index.php?rest_route=\/wp\/v2\/posts\/57184","targetHints":{"allow":["GET"]}}],"collection":[{"href":"https:\/\/noticiasveraces.com\/index.php?rest_route=\/wp\/v2\/posts"}],"about":[{"href":"https:\/\/noticiasveraces.com\/index.php?rest_route=\/wp\/v2\/types\/post"}],"author":[{"embeddable":true,"href":"https:\/\/noticiasveraces.com\/index.php?rest_route=\/wp\/v2\/users\/1"}],"replies":[{"embeddable":true,"href":"https:\/\/noticiasveraces.com\/index.php?rest_route=%2Fwp%2Fv2%2Fcomments&post=57184"}],"version-history":[{"count":0,"href":"https:\/\/noticiasveraces.com\/index.php?rest_route=\/wp\/v2\/posts\/57184\/revisions"}],"wp:featuredmedia":[{"embeddable":true,"href":"https:\/\/noticiasveraces.com\/index.php?rest_route=\/wp\/v2\/media\/57185"}],"wp:attachment":[{"href":"https:\/\/noticiasveraces.com\/index.php?rest_route=%2Fwp%2Fv2%2Fmedia&parent=57184"}],"wp:term":[{"taxonomy":"category","embeddable":true,"href":"https:\/\/noticiasveraces.com\/index.php?rest_route=%2Fwp%2Fv2%2Fcategories&post=57184"},{"taxonomy":"post_tag","embeddable":true,"href":"https:\/\/noticiasveraces.com\/index.php?rest_route=%2Fwp%2Fv2%2Ftags&post=57184"}],"curies":[{"name":"wp","href":"https:\/\/api.w.org\/{rel}","templated":true}]}}