{"id":57173,"date":"2026-01-27T11:24:38","date_gmt":"2026-01-27T15:24:38","guid":{"rendered":"https:\/\/noticiasveraces.com\/?p=57173"},"modified":"2026-01-27T11:24:38","modified_gmt":"2026-01-27T15:24:38","slug":"ecuador-sube-un-900-la-tarifa-de-transporte-del-crudo-colombiano-y-crece-la-guerra-arancelaria","status":"publish","type":"post","link":"https:\/\/noticiasveraces.com\/?p=57173","title":{"rendered":"Ecuador sube un 900% la tarifa de transporte del crudo colombiano y crece la guerra arancelaria"},"content":{"rendered":"<p> \n<\/p>\n<div>\n<p>Ecuador sube de 3 a 30 d\u00f3lares la tarifa de transporte de crudo colombiano.<\/p>\n<p>Adem\u00e1s, la ministra de Ambiente y Energ\u00eda ecuatoriana, In\u00e9s Manzano, confirm\u00f3 que el gravamen de 30% que Quito impuso a las importaciones desde el vecino Colombia, empez\u00f3 a regir desde el domingo 25 de enero.<\/p>\n<p>\u00abHicimos un cambio en el valor de la tarifa\u00bb aplicada a la estatal colombiana Ecopetrol por el uso del Sistema del Oleoducto Transecuatoriano (SOTE), de propiedad de Ecuador, se\u00f1al\u00f3 la ministra de Ambiente y Energ\u00eda, In\u00e9s Manzano, y agreg\u00f3 que \u00aben vez de tres d\u00f3lares son 30\u00bb por barril.<\/p>\n<p>La ministra sostuvo que la medida se da en \u00abreciprocidad\u00bb a la decisi\u00f3n de Colombia, del pasado 22 de enero, de suspender la venta de energ\u00eda al territorio ecuatoriano y un arancel del 30% a 20 productos de Ecuador.<\/p>\n<h2><strong>\u00bfC\u00f3mo se desat\u00f3 la guerra arancelaria entre Ecuador y Colombia?<\/strong><\/h2>\n<p>La disputa fue iniciada por el presidente de Ecuador, Daniel Noboa, ya que las medidas de Bogot\u00e1 llegaron despu\u00e9s de que el mandatario de 38 a\u00f1os anunciara la imposici\u00f3n de un arancel del 30 % a las importaciones colombianas, argumentando una supuesta falta de apoyo del Gobierno de Gustavo Petro en la lucha contra el narcotr\u00e1fico.<\/p>\n<p>Fue as\u00ed como en respuesta, la semana pasada Bogot\u00e1 impuso un arancel para una veintena de productos ecuatorianos y la suspensi\u00f3n del suministro de electricidad, del cual Ecuador es deficitario.<\/p>\n<p>El SOTE transport\u00f3 casi 10.300 barriles por d\u00eda (bd) de petr\u00f3leo colombiano, de empresas privadas y Ecopetrol, en noviembre pasado, de acuerdo con el portal electr\u00f3nico Primicias.<\/p>\n<div class=\"m-em-image\">\n<figure class=\"m-item-image m-item-image--original m-item-image--has-caption\">\n<picture class=\"a-picture a-picture--original\"><source type=\"image\/webp\" srcset=\"https:\/\/s.france24.com\/media\/display\/2c6c7792-f054-11e9-abd6-005056a964fe\/w:246\/estacion-servicio-gasolina-ecuador-reuters.webp 246w,https:\/\/s.france24.com\/media\/display\/2c6c7792-f054-11e9-abd6-005056a964fe\/w:388\/estacion-servicio-gasolina-ecuador-reuters.webp 388w,https:\/\/s.france24.com\/media\/display\/2c6c7792-f054-11e9-abd6-005056a964fe\/w:720\/estacion-servicio-gasolina-ecuador-reuters.webp 720w,https:\/\/s.france24.com\/media\/display\/2c6c7792-f054-11e9-abd6-005056a964fe\/w:980\/estacion-servicio-gasolina-ecuador-reuters.webp 980w\" sizes=\"(max-width: 1023px) calc(100vw - 32px), (min-width: 1024px) 850px\"><img fetchpriority=\"low\" decoding=\"async\" src=\"https:\/\/s.france24.com\/media\/display\/2c6c7792-f054-11e9-abd6-005056a964fe\/w:980\/estacion-servicio-gasolina-ecuador-reuters.jpg\" srcset=\"https:\/\/s.france24.com\/media\/display\/2c6c7792-f054-11e9-abd6-005056a964fe\/w:246\/estacion-servicio-gasolina-ecuador-reuters.jpg 246w,https:\/\/s.france24.com\/media\/display\/2c6c7792-f054-11e9-abd6-005056a964fe\/w:388\/estacion-servicio-gasolina-ecuador-reuters.jpg 388w,https:\/\/s.france24.com\/media\/display\/2c6c7792-f054-11e9-abd6-005056a964fe\/w:720\/estacion-servicio-gasolina-ecuador-reuters.jpg 720w,https:\/\/s.france24.com\/media\/display\/2c6c7792-f054-11e9-abd6-005056a964fe\/w:980\/estacion-servicio-gasolina-ecuador-reuters.jpg 980w\" sizes=\"(max-width: 1023px) calc(100vw - 32px), (min-width: 1024px) 850px\" alt=\"Archivo: automovilistas hacen fila para obtener combustible en una estaci\u00f3n de servicio en Quito, Ecuador, el 15 de octubre de 2019.\" style=\"max-height:478px\" loading=\"lazy\" class=\"a-img \"\/><br \/>\n<\/source><\/picture><figcaption class=\"a-figcaption\">\n                <span>Archivo: automovilistas hacen fila para obtener combustible en una estaci\u00f3n de servicio en Quito, Ecuador, el 15 de octubre de 2019.<\/span>                <span>\u00a9 Ivan Alvarado\/Reuters<\/span>            <\/figcaption><\/figure>\n<\/p><\/div>\n<p>El jueves pasado, Manzano anunci\u00f3 que su pa\u00eds impondr\u00eda nuevas tarifas al transporte de crudo colombiano por el Oleoducto de Crudos Pesados (OCP) en \u00abreciprocidad\u00bb a la decisi\u00f3n de Bogot\u00e1 de suspender la venta de electricidad.<\/p>\n<p>Sin embargo, para el lunes 26 de enero, la ministra precis\u00f3 que el transporte por ese ducto es un acuerdo entre privados, sin precisar si habr\u00e1 aumentos o no.<\/p>\n<p>El OCP, de propiedad privada, pero administrado por el Estado ecuatoriano, tiene capacidad para llevar 450.000 bd desde la selva de la Amazonia hasta el Pac\u00edfico, mientras que el SOTE tiene capacidad para 360.000 bd.<\/p>\n<p>La producci\u00f3n del pa\u00eds se ubic\u00f3 en 469.000 bd en noviembre, seg\u00fan los datos m\u00e1s recientes del Banco Central.<\/p>\n<p>Desde 2013, cuando Colombia empez\u00f3 a usar el OCP, ese ducto ha transportado 46 millones de barriles de crudo colombiano.<\/p>\n<p class=\"a-read-more\"><span class=\"a-read-more__label\">Leer tambi\u00e9n<\/span>Colombia impone arancel rec\u00edproco del 30% a 20 productos de Ecuador y suspende venta de energ\u00eda<\/p>\n<h2><strong>\u00bfSe vislumbra una soluci\u00f3n entre los dos pa\u00edses vecinos?<\/strong><\/h2>\n<p>El presidente de Ecuador asegur\u00f3 que las medidas arancelarias de su Gobierno hacia Colombia se mantendr\u00e1n \u00abhasta que exista un compromiso real\u00bb por parte del Gobierno de Gustavo Petro \u00abpara enfrentar juntos el narcotr\u00e1fico y la miner\u00eda ilegal en la frontera\u00bb.<\/p>\n<p>No obstante, el pasado viernes 23 de enero, la ministra de Relaciones Exteriores y Movilidad Humana de Ecuador, Gabriela Sommerfeld, indic\u00f3 que hab\u00edan recibido una propuesta de Colombia para reunirse el pr\u00f3ximo 25 de febrero.<\/p>\n<div class=\"m-em-image\">\n<figure class=\"m-item-image m-item-image--original m-item-image--has-caption\">\n<picture class=\"a-picture a-picture--original\"><source type=\"image\/webp\" srcset=\"https:\/\/s.france24.com\/media\/display\/3f6f747e-f733-11f0-b7c3-005056bf30b7\/w:246\/Dise%C3%B1o-sin-t%C3%ADtulo-5.webp 246w,https:\/\/s.france24.com\/media\/display\/3f6f747e-f733-11f0-b7c3-005056bf30b7\/w:388\/Dise%C3%B1o-sin-t%C3%ADtulo-5.webp 388w,https:\/\/s.france24.com\/media\/display\/3f6f747e-f733-11f0-b7c3-005056bf30b7\/w:720\/Dise%C3%B1o-sin-t%C3%ADtulo-5.webp 720w,https:\/\/s.france24.com\/media\/display\/3f6f747e-f733-11f0-b7c3-005056bf30b7\/w:980\/Dise%C3%B1o-sin-t%C3%ADtulo-5.webp 980w\" sizes=\"(max-width: 1023px) calc(100vw - 32px), (min-width: 1024px) 850px\"><img fetchpriority=\"low\" decoding=\"async\" src=\"https:\/\/s.france24.com\/media\/display\/3f6f747e-f733-11f0-b7c3-005056bf30b7\/w:980\/Dise%C3%B1o-sin-t%C3%ADtulo-5.png\" srcset=\"https:\/\/s.france24.com\/media\/display\/3f6f747e-f733-11f0-b7c3-005056bf30b7\/w:246\/Dise%C3%B1o-sin-t%C3%ADtulo-5.png 246w,https:\/\/s.france24.com\/media\/display\/3f6f747e-f733-11f0-b7c3-005056bf30b7\/w:388\/Dise%C3%B1o-sin-t%C3%ADtulo-5.png 388w,https:\/\/s.france24.com\/media\/display\/3f6f747e-f733-11f0-b7c3-005056bf30b7\/w:720\/Dise%C3%B1o-sin-t%C3%ADtulo-5.png 720w,https:\/\/s.france24.com\/media\/display\/3f6f747e-f733-11f0-b7c3-005056bf30b7\/w:980\/Dise%C3%B1o-sin-t%C3%ADtulo-5.png 980w\" sizes=\"(max-width: 1023px) calc(100vw - 32px), (min-width: 1024px) 850px\" alt=\"El presidente Daniel Noboa pronuncia un discurso durante la ceremonia de cambio de mando de las fuerzas armadas en Quito, Ecuador, el mi\u00e9rcoles 26 de noviembre de 2025. \/ El presidente colombiano Gustavo Petro asiste a una ceremonia que conmemora el noveno aniversario de la firma de un acuerdo de paz entre el Estado y las Fuerzas Armadas Revolucionarias de Colombia (FARC), en Bogot\u00e1, Colombia, el mi\u00e9rcoles 26 de noviembre de 2025.\" style=\"max-height:478px\" loading=\"lazy\" class=\"a-img \"\/><br \/>\n<\/source><\/picture><figcaption class=\"a-figcaption\">\n                <span>El presidente Daniel Noboa pronuncia un discurso durante la ceremonia de cambio de mando de las fuerzas armadas en Quito, Ecuador, el mi\u00e9rcoles 26 de noviembre de 2025. \/ El presidente colombiano Gustavo Petro asiste a una ceremonia que conmemora el noveno aniversario de la firma de un acuerdo de paz entre el Estado y las Fuerzas Armadas Revolucionarias de Colombia (FARC), en Bogot\u00e1, Colombia, el mi\u00e9rcoles 26 de noviembre de 2025.<\/span>                <span>\u00a9 AP\/Dolores Ochoa y AP\/Fernando Vergara<\/span>            <\/figcaption><\/figure>\n<\/p><\/div>\n<p>Pero\u00a0 desde el Gobierno ecuatoriano plantearon que la cita se realice esta semana y Quito a\u00fan no ha confirmado p\u00fablicamente finalmente cu\u00e1ndo se realizar\u00e1.<\/p>\n<p>Para esa cita, est\u00e1 previsto que las dos partes aborden la imposici\u00f3n de aranceles.<\/p>\n<p class=\"a-read-more\"><span class=\"a-read-more__label\">Leer tambi\u00e9n<\/span>Colombia y Ecuador se reunir\u00e1n la pr\u00f3xima semana para tratar la crisis diplom\u00e1tica y arancelaria<\/p>\n<p>Con AFP y EFE<\/p>\n<\/p><\/div>\n\n","protected":false},"excerpt":{"rendered":"<p>Ecuador sube de 3 a 30 d\u00f3lares la tarifa de transporte de crudo colombiano. Adem\u00e1s, la ministra de Ambiente y Energ\u00eda ecuatoriana, In\u00e9s Manzano, confirm\u00f3 que el gravamen de 30% que Quito impuso a las importaciones desde el vecino Colombia, empez\u00f3 a regir desde el domingo 25 de enero. \u00abHicimos un cambio en el valor &hellip;<\/p>\n","protected":false},"author":1,"featured_media":57175,"comment_status":"open","ping_status":"open","sticky":false,"template":"","format":"standard","meta":{"fifu_image_url":"https:\/\/s.france24.com\/media\/display\/c2ca74a4-2e53-11ef-ac0e-005056a97e36\/w:1280\/p:16x9\/AP19288683536322%20%282%29.jpg","fifu_image_alt":"","footnotes":""},"categories":[13],"tags":[],"class_list":["post-57173","post","type-post","status-publish","format-standard","has-post-thumbnail","","category-mundo"],"_links":{"self":[{"href":"https:\/\/noticiasveraces.com\/index.php?rest_route=\/wp\/v2\/posts\/57173","targetHints":{"allow":["GET"]}}],"collection":[{"href":"https:\/\/noticiasveraces.com\/index.php?rest_route=\/wp\/v2\/posts"}],"about":[{"href":"https:\/\/noticiasveraces.com\/index.php?rest_route=\/wp\/v2\/types\/post"}],"author":[{"embeddable":true,"href":"https:\/\/noticiasveraces.com\/index.php?rest_route=\/wp\/v2\/users\/1"}],"replies":[{"embeddable":true,"href":"https:\/\/noticiasveraces.com\/index.php?rest_route=%2Fwp%2Fv2%2Fcomments&post=57173"}],"version-history":[{"count":0,"href":"https:\/\/noticiasveraces.com\/index.php?rest_route=\/wp\/v2\/posts\/57173\/revisions"}],"wp:featuredmedia":[{"embeddable":true,"href":"https:\/\/noticiasveraces.com\/index.php?rest_route=\/wp\/v2\/media\/57175"}],"wp:attachment":[{"href":"https:\/\/noticiasveraces.com\/index.php?rest_route=%2Fwp%2Fv2%2Fmedia&parent=57173"}],"wp:term":[{"taxonomy":"category","embeddable":true,"href":"https:\/\/noticiasveraces.com\/index.php?rest_route=%2Fwp%2Fv2%2Fcategories&post=57173"},{"taxonomy":"post_tag","embeddable":true,"href":"https:\/\/noticiasveraces.com\/index.php?rest_route=%2Fwp%2Fv2%2Ftags&post=57173"}],"curies":[{"name":"wp","href":"https:\/\/api.w.org\/{rel}","templated":true}]}}