{"id":57107,"date":"2026-01-26T23:09:10","date_gmt":"2026-01-27T03:09:10","guid":{"rendered":"https:\/\/noticiasveraces.com\/?p=57107"},"modified":"2026-01-26T23:09:10","modified_gmt":"2026-01-27T03:09:10","slug":"fue-al-navegar-un-viaje-por-colombia-a-traves-de-sus-rios-escala-en-paris","status":"publish","type":"post","link":"https:\/\/noticiasveraces.com\/?p=57107","title":{"rendered":"&#8216;Fue al navegar&#8217;: un viaje por Colombia a trav\u00e9s de sus r\u00edos &#8211; Escala en Par\u00eds"},"content":{"rendered":"<p> \n<br \/><img decoding=\"async\" src=\"https:\/\/s.france24.com\/media\/display\/60e9261c-fae0-11f0-84b1-005056bf30b7\/w:1024\/p:16x9\/Captura-de-Pantalla-2026-01-26-a-la-s-12-54-49-p-m.png\" \/><\/p>\n<p>                                                A los 21 a\u00f1os, Felipe Morris debuta en la literatura con &#8216;Fue al navegar. El pa\u00eds que descubr\u00ed en los r\u00edos&#8217;, un libro que propone un recorrido \u00edntimo por Colombia siguiendo el curso de sus r\u00edos. Su mirada joven y personal sorprendi\u00f3 a la cr\u00edtica y lo convirti\u00f3 en el autor m\u00e1s joven de la \u00faltima Feria del Libro de Bogot\u00e1, una de las m\u00e1s importantes de Am\u00e9rica Latina.                    <\/p>\n<div>\n<p>Bogotano y formado en el Liceo Franc\u00e9s, con estudios en Cambridge y Washington, Felipe Morris es consciente de su condici\u00f3n de privilegio en un pa\u00eds marcado por profundas desigualdades. Ese punto de partida atraviesa &#8216;Fue al navegar. El pa\u00eds que descubr\u00ed en los r\u00edos&#8217;, su debut literario a los 21 a\u00f1os, un libro nacido de los viajes realizados junto a su padre, el periodista Hollman Morris, por regiones de Colombia que no conoc\u00eda.<\/p>\n<p>Publicado por la editorial \u00cdcono e ilustrado por el caricaturista Matador, el libro re\u00fane 14 cr\u00f3nicas que funcionan como un diario de viaje a lo largo de cuatro a\u00f1os. El primer recorrido, en diciembre de 2020, lo lleva al Choc\u00f3, a Bah\u00eda Solano, donde se enfrenta por primera vez al drama del desplazamiento forzado de comunidades ind\u00edgenas. A trav\u00e9s de la historia de Lisandro, un adolescente de 16 a\u00f1os, Morris comprende que ese viaje marca un antes y un despu\u00e9s en su forma de mirar el pa\u00eds.<\/p>\n<p>La Guajira, Barranquilla, Santa Cruz de Mompox y Cali completan un itinerario en el que el autor va transform\u00e1ndose p\u00e1gina a p\u00e1gina. El viaje a Cali, durante el paro nacional de 2021, resulta decisivo: \u00abFue una ruptura total entre ser un privilegiado y ver una realidad que todav\u00eda me genera reflexiones y angustias\u00bb, afirma. Esa experiencia consolid\u00f3 una idea que atraviesa el libro: viajar como forma de aprendizaje pol\u00edtico y humano.<\/p>\n<p>Cada cr\u00f3nica est\u00e1 acompa\u00f1ada por una banda sonora personal, pensada como un recurso para intensificar la memoria y la experiencia del viaje. Con este libro, este joven escritor propone una lectura inmersiva y anuncia nuevos proyectos: una obra biling\u00fce que seguir\u00e1 los pasos de Sim\u00f3n Bol\u00edvar, \u00abhistorias que van desde Colombia, Venezuela, M\u00e9xico, Estados Unidos, Europa y muy pronto en \u00c1frica\u00bb.<\/p>\n<p>Un programa coordinado por Florence Vald\u00e9s, realizado por Souheil Khedir y Venice Loiseau.<\/p>\n<p>\ud83d\udcf2<em><u>Suscr\u00edbete aqu\u00ed al canal de France 24 en WhatsApp y accede a todo el contenido para entender lo que acontece en el mundo.<\/u><\/em><\/p>\n<\/p><\/div>\n\n","protected":false},"excerpt":{"rendered":"<p>A los 21 a\u00f1os, Felipe Morris debuta en la literatura con &#8216;Fue al navegar. El pa\u00eds que descubr\u00ed en los r\u00edos&#8217;, un libro que propone un recorrido \u00edntimo por Colombia siguiendo el curso de sus r\u00edos. Su mirada joven y personal sorprendi\u00f3 a la cr\u00edtica y lo convirti\u00f3 en el autor m\u00e1s joven de la &hellip;<\/p>\n","protected":false},"author":1,"featured_media":57109,"comment_status":"open","ping_status":"open","sticky":false,"template":"","format":"standard","meta":{"fifu_image_url":"https:\/\/s.france24.com\/media\/display\/60e9261c-fae0-11f0-84b1-005056bf30b7\/w:1280\/p:16x9\/Captura-de-Pantalla-2026-01-26-a-la-s-12-54-49-p-m.jpg","fifu_image_alt":"","footnotes":""},"categories":[13],"tags":[],"class_list":["post-57107","post","type-post","status-publish","format-standard","has-post-thumbnail","","category-mundo"],"_links":{"self":[{"href":"https:\/\/noticiasveraces.com\/index.php?rest_route=\/wp\/v2\/posts\/57107","targetHints":{"allow":["GET"]}}],"collection":[{"href":"https:\/\/noticiasveraces.com\/index.php?rest_route=\/wp\/v2\/posts"}],"about":[{"href":"https:\/\/noticiasveraces.com\/index.php?rest_route=\/wp\/v2\/types\/post"}],"author":[{"embeddable":true,"href":"https:\/\/noticiasveraces.com\/index.php?rest_route=\/wp\/v2\/users\/1"}],"replies":[{"embeddable":true,"href":"https:\/\/noticiasveraces.com\/index.php?rest_route=%2Fwp%2Fv2%2Fcomments&post=57107"}],"version-history":[{"count":0,"href":"https:\/\/noticiasveraces.com\/index.php?rest_route=\/wp\/v2\/posts\/57107\/revisions"}],"wp:featuredmedia":[{"embeddable":true,"href":"https:\/\/noticiasveraces.com\/index.php?rest_route=\/wp\/v2\/media\/57109"}],"wp:attachment":[{"href":"https:\/\/noticiasveraces.com\/index.php?rest_route=%2Fwp%2Fv2%2Fmedia&parent=57107"}],"wp:term":[{"taxonomy":"category","embeddable":true,"href":"https:\/\/noticiasveraces.com\/index.php?rest_route=%2Fwp%2Fv2%2Fcategories&post=57107"},{"taxonomy":"post_tag","embeddable":true,"href":"https:\/\/noticiasveraces.com\/index.php?rest_route=%2Fwp%2Fv2%2Ftags&post=57107"}],"curies":[{"name":"wp","href":"https:\/\/api.w.org\/{rel}","templated":true}]}}