{"id":57104,"date":"2026-01-26T22:24:51","date_gmt":"2026-01-27T02:24:51","guid":{"rendered":"https:\/\/noticiasveraces.com\/?p=57104"},"modified":"2026-01-26T22:24:51","modified_gmt":"2026-01-27T02:24:51","slug":"el-presidente-trump-aumenta-los-aranceles-de-corea-del-sur-al-25-sobre-importaciones-clave","status":"publish","type":"post","link":"https:\/\/noticiasveraces.com\/?p=57104","title":{"rendered":"El presidente Trump aumenta los aranceles de Corea del Sur al 25% sobre importaciones clave"},"content":{"rendered":"<p> \n<\/p>\n<div><!----> <!----> <\/p>\n<div class=\"featured featured-video video-ct\">\n<div class=\"contain\">\n<div class=\"info\">\n<div class=\"caption\">\n<p> El presidente del Consejo Nacional de Comercio Exterior, Jake Colvin, analiza las relaciones exteriores bajo la administraci\u00f3n Trump en &#39;The Claman Countdown&#39;.<\/p>\n<\/div>\n<\/div>\n<\/div>\n<\/div>\n<p>Presidente <u>Donald Trump<\/u> dijo el lunes que iba a aumentar los aranceles sobre las importaciones surcoreanas de autom\u00f3viles, madera y productos farmac\u00e9uticos al 25%, acusando a Se\u00fal de \u00abno estar a la altura\u00bb de su acuerdo comercial. <\/p>\n<p>\u00abNuestros acuerdos comerciales son muy importantes para Estados Unidos. En cada uno de estos acuerdos, hemos actuado r\u00e1pidamente para reducir nuestros ARANCELES de acuerdo con la transacci\u00f3n acordada\u00bb, escribi\u00f3 Trump en una publicaci\u00f3n de Truth Social.<\/p>\n<p>\u00abPor supuesto, esperamos que nuestros socios comerciales hagan lo mismo\u00bb, a\u00f1adi\u00f3, diciendo que la legislatura de Corea del Sur no hab\u00eda aprobado el acuerdo comercial. <\/p>\n<p><strong><u>COREA DEL SUR INVERTIR\u00c1 350 MIL MILLONES DE D\u00d3LARES EN EE.UU. BAJO EL NUEVO ACUERDO COMERCIAL DE TRUMP<\/u><\/strong><\/p>\n<div class=\"inline image-ct\">\n<div class=\"m\"><picture><source media=\"(max-width: 767px)\" srcset=\"https:\/\/a57.foxnews.com\/static.foxbusiness.com\/foxbusiness.com\/content\/uploads\/2026\/01\/343\/192\/trump-south-korea.png?ve=1&amp;tl=1, https:\/\/a57.foxnews.com\/static.foxbusiness.com\/foxbusiness.com\/content\/uploads\/2026\/01\/686\/384\/trump-south-korea.png?ve=1&amp;tl=1 2x\"><source media=\"(min-width: 768px) and (max-width: 1023px)\" srcset=\"https:\/\/a57.foxnews.com\/static.foxbusiness.com\/foxbusiness.com\/content\/uploads\/2026\/01\/672\/378\/trump-south-korea.png?ve=1&amp;tl=1, https:\/\/a57.foxnews.com\/static.foxbusiness.com\/foxbusiness.com\/content\/uploads\/2026\/01\/1344\/756\/trump-south-korea.png?ve=1&amp;tl=1 2x\"><source media=\"(min-width: 1024px) and (max-width: 1279px)\" srcset=\"https:\/\/a57.foxnews.com\/static.foxbusiness.com\/foxbusiness.com\/content\/uploads\/2026\/01\/931\/523\/trump-south-korea.png?ve=1&amp;tl=1, https:\/\/a57.foxnews.com\/static.foxbusiness.com\/foxbusiness.com\/content\/uploads\/2026\/01\/1862\/1046\/trump-south-korea.png?ve=1&amp;tl=1 2x\"><source media=\"(min-width: 1280px)\" srcset=\"https:\/\/a57.foxnews.com\/static.foxbusiness.com\/foxbusiness.com\/content\/uploads\/2026\/01\/720\/405\/trump-south-korea.png?ve=1&amp;tl=1, https:\/\/a57.foxnews.com\/static.foxbusiness.com\/foxbusiness.com\/content\/uploads\/2026\/01\/1440\/810\/trump-south-korea.png?ve=1&amp;tl=1 2x\"><img decoding=\"async\" src=\"https:\/\/a57.foxnews.com\/static.foxbusiness.com\/foxbusiness.com\/content\/uploads\/2026\/01\/931\/523\/trump-south-korea.png?ve=1&amp;tl=1\" alt=\"El presidente de Estados Unidos, Donald Trump, hace un gesto mientras habla durante la Cooperaci\u00f3n Econ\u00f3mica Asia-Pac\u00edfico en Gyeongju el 29 de octubre de 2025.\"\/><\/source><\/source><\/source><\/source><\/picture><\/div>\n<div class=\"caption\">\n<p><span>El presidente Donald Trump dijo que volver\u00eda a aumentar los aranceles hasta un 25% sobre Corea del Sur tras los retrasos en un acuerdo comercial acordado.<\/span><span>  (Anthony Wallace\/AFP\/Getty Images)<\/span><\/p>\n<\/div>\n<\/div>\n<p>\u00abDebido a que la Legislatura coreana no ha promulgado nuestro hist\u00f3rico acuerdo comercial, que es su prerrogativa, por la presente aumento los ARANCELES de Corea del Sur sobre autom\u00f3viles, madera, productos farmac\u00e9uticos y todos los dem\u00e1s ARANCELES rec\u00edprocos, del 15% al \u200b\u200b25%\u00bb, a\u00f1adi\u00f3 Trump.<\/p>\n<p>La Embajada de Corea del Sur en Washington, DC, no respondi\u00f3 de inmediato a la solicitud de comentarios de Fox News Digital.<\/p>\n<p><strong>CRONOGRAMA COMPLETO DE LA ESTRATEGIA DE IMPLEMENTACI\u00d3N ARANCELARIA DE TRUMP EN TODO EL MUNDO<\/strong><\/p>\n<div class=\"inline image-ct\">\n<div class=\"m\"><picture><source media=\"(max-width: 767px)\" srcset=\"https:\/\/a57.foxnews.com\/static.foxbusiness.com\/foxbusiness.com\/content\/uploads\/2026\/01\/343\/192\/south-korea-car-tariffs.png?ve=1&amp;tl=1, https:\/\/a57.foxnews.com\/static.foxbusiness.com\/foxbusiness.com\/content\/uploads\/2026\/01\/686\/384\/south-korea-car-tariffs.png?ve=1&amp;tl=1 2x\"><source media=\"(min-width: 768px) and (max-width: 1023px)\" srcset=\"https:\/\/a57.foxnews.com\/static.foxbusiness.com\/foxbusiness.com\/content\/uploads\/2026\/01\/672\/378\/south-korea-car-tariffs.png?ve=1&amp;tl=1, https:\/\/a57.foxnews.com\/static.foxbusiness.com\/foxbusiness.com\/content\/uploads\/2026\/01\/1344\/756\/south-korea-car-tariffs.png?ve=1&amp;tl=1 2x\"><source media=\"(min-width: 1024px) and (max-width: 1279px)\" srcset=\"https:\/\/a57.foxnews.com\/static.foxbusiness.com\/foxbusiness.com\/content\/uploads\/2026\/01\/931\/523\/south-korea-car-tariffs.png?ve=1&amp;tl=1, https:\/\/a57.foxnews.com\/static.foxbusiness.com\/foxbusiness.com\/content\/uploads\/2026\/01\/1862\/1046\/south-korea-car-tariffs.png?ve=1&amp;tl=1 2x\"><source media=\"(min-width: 1280px)\" srcset=\"https:\/\/a57.foxnews.com\/static.foxbusiness.com\/foxbusiness.com\/content\/uploads\/2026\/01\/720\/405\/south-korea-car-tariffs.png?ve=1&amp;tl=1, https:\/\/a57.foxnews.com\/static.foxbusiness.com\/foxbusiness.com\/content\/uploads\/2026\/01\/1440\/810\/south-korea-car-tariffs.png?ve=1&amp;tl=1 2x\"><img decoding=\"async\" src=\"https:\/\/a57.foxnews.com\/static.foxbusiness.com\/foxbusiness.com\/content\/uploads\/2026\/01\/931\/523\/south-korea-car-tariffs.png?ve=1&amp;tl=1\" alt=\"Los veh\u00edculos de Hyundai Motor Co. chocan contra un buque de carga para veh\u00edculos en un puerto cerca de la planta de Ulsan de la compa\u00f1\u00eda en Ulsan, Corea del Sur, el domingo 30 de marzo de 2025.\"\/><\/source><\/source><\/source><\/source><\/picture><\/div>\n<div class=\"caption\">\n<p><span>Los veh\u00edculos Hyundai se cargan en un barco en un puerto cerca de la planta de Ulsan de la compa\u00f1\u00eda en Ulsan, Corea del Sur, el 30 de marzo de 2025.<\/span><span>  (SeongJoon Cho\/Bloomberg\/Getty Images)<\/span><\/p>\n<\/div>\n<\/div>\n<p>La medida encaja en la estrategia m\u00e1s amplia de Trump para el segundo mandato de utilizar los aranceles como palanca para hacer cumplir el cumplimiento comercial en lugar de como herramientas de negociaci\u00f3n temporales.<\/p>\n<p>La medida se produce mientras la administraci\u00f3n Trump espera un fallo de la Corte Suprema sobre si algunos de los aranceles comerciales impuestos en 2025 excedieron la autoridad presidencial, una decisi\u00f3n que podr\u00eda tener amplias implicaciones para las acciones arancelarias actuales.<\/p>\n<p><strong><u>HAGA CLIC AQU\u00cd PARA OBTENER FOX BUSINESS SOBRE LA MARCHA<\/u><\/strong><\/p>\n<div class=\"inline image-ct\">\n<div class=\"m\"><picture><source media=\"(max-width: 767px)\" srcset=\"https:\/\/a57.foxnews.com\/static.foxbusiness.com\/foxbusiness.com\/content\/uploads\/2026\/01\/343\/192\/south-korea-leader-trump.png?ve=1&amp;tl=1, https:\/\/a57.foxnews.com\/static.foxbusiness.com\/foxbusiness.com\/content\/uploads\/2026\/01\/686\/384\/south-korea-leader-trump.png?ve=1&amp;tl=1 2x\"><source media=\"(min-width: 768px) and (max-width: 1023px)\" srcset=\"https:\/\/a57.foxnews.com\/static.foxbusiness.com\/foxbusiness.com\/content\/uploads\/2026\/01\/672\/378\/south-korea-leader-trump.png?ve=1&amp;tl=1, https:\/\/a57.foxnews.com\/static.foxbusiness.com\/foxbusiness.com\/content\/uploads\/2026\/01\/1344\/756\/south-korea-leader-trump.png?ve=1&amp;tl=1 2x\"><source media=\"(min-width: 1024px) and (max-width: 1279px)\" srcset=\"https:\/\/a57.foxnews.com\/static.foxbusiness.com\/foxbusiness.com\/content\/uploads\/2026\/01\/931\/523\/south-korea-leader-trump.png?ve=1&amp;tl=1, https:\/\/a57.foxnews.com\/static.foxbusiness.com\/foxbusiness.com\/content\/uploads\/2026\/01\/1862\/1046\/south-korea-leader-trump.png?ve=1&amp;tl=1 2x\"><source media=\"(min-width: 1280px)\" srcset=\"https:\/\/a57.foxnews.com\/static.foxbusiness.com\/foxbusiness.com\/content\/uploads\/2026\/01\/720\/405\/south-korea-leader-trump.png?ve=1&amp;tl=1, https:\/\/a57.foxnews.com\/static.foxbusiness.com\/foxbusiness.com\/content\/uploads\/2026\/01\/1440\/810\/south-korea-leader-trump.png?ve=1&amp;tl=1 2x\"><img decoding=\"async\" src=\"https:\/\/a57.foxnews.com\/static.foxbusiness.com\/foxbusiness.com\/content\/uploads\/2026\/01\/931\/523\/south-korea-leader-trump.png?ve=1&amp;tl=1\" alt=\"El presidente estadounidense Donald Trump y el presidente surcoreano Lee Jae-myung hablan con los periodistas antes de una reuni\u00f3n en la Oficina Oval de la Casa Blanca.\"\/><\/source><\/source><\/source><\/source><\/picture><\/div>\n<div class=\"caption\">\n<p><span>El presidente Donald Trump, a la derecha, y el presidente surcoreano, Lee Jae-myung, acordaron un acuerdo comercial en 2025.<\/span><span>  (Chip Somodevilla\/Getty Images)<\/span><\/p>\n<\/div>\n<\/div>\n<p>Los aranceles son impuestos que se aplican a los bienes importados. Aunque los pagan las empresas en la frontera, los costos a menudo se trasladan a trav\u00e9s de <u>precios m\u00e1s altos<\/u>dejando a los consumidores soportar gran parte de la carga.<\/p>\n<p>A\u00fan no est\u00e1 claro cu\u00e1ndo entrar\u00e1n en vigor los aranceles m\u00e1s altos o c\u00f3mo podr\u00eda responder Corea del Sur.<\/p>\n<\/div>\n\n","protected":false},"excerpt":{"rendered":"<p>El presidente del Consejo Nacional de Comercio Exterior, Jake Colvin, analiza las relaciones exteriores bajo la administraci\u00f3n Trump en &#39;The Claman Countdown&#39;. Presidente Donald Trump dijo el lunes que iba a aumentar los aranceles sobre las importaciones surcoreanas de autom\u00f3viles, madera y productos farmac\u00e9uticos al 25%, acusando a Se\u00fal de \u00abno estar a la altura\u00bb &hellip;<\/p>\n","protected":false},"author":1,"featured_media":57106,"comment_status":"open","ping_status":"open","sticky":false,"template":"","format":"standard","meta":{"fifu_image_url":"https:\/\/a57.foxnews.com\/static.foxbusiness.com\/foxbusiness.com\/content\/uploads\/2026\/01\/0\/0\/trump-south-korea.png?ve=1&tl=1","fifu_image_alt":"","footnotes":""},"categories":[3],"tags":[],"class_list":["post-57104","post","type-post","status-publish","format-standard","has-post-thumbnail","","category-negocio"],"_links":{"self":[{"href":"https:\/\/noticiasveraces.com\/index.php?rest_route=\/wp\/v2\/posts\/57104","targetHints":{"allow":["GET"]}}],"collection":[{"href":"https:\/\/noticiasveraces.com\/index.php?rest_route=\/wp\/v2\/posts"}],"about":[{"href":"https:\/\/noticiasveraces.com\/index.php?rest_route=\/wp\/v2\/types\/post"}],"author":[{"embeddable":true,"href":"https:\/\/noticiasveraces.com\/index.php?rest_route=\/wp\/v2\/users\/1"}],"replies":[{"embeddable":true,"href":"https:\/\/noticiasveraces.com\/index.php?rest_route=%2Fwp%2Fv2%2Fcomments&post=57104"}],"version-history":[{"count":0,"href":"https:\/\/noticiasveraces.com\/index.php?rest_route=\/wp\/v2\/posts\/57104\/revisions"}],"wp:featuredmedia":[{"embeddable":true,"href":"https:\/\/noticiasveraces.com\/index.php?rest_route=\/wp\/v2\/media\/57106"}],"wp:attachment":[{"href":"https:\/\/noticiasveraces.com\/index.php?rest_route=%2Fwp%2Fv2%2Fmedia&parent=57104"}],"wp:term":[{"taxonomy":"category","embeddable":true,"href":"https:\/\/noticiasveraces.com\/index.php?rest_route=%2Fwp%2Fv2%2Fcategories&post=57104"},{"taxonomy":"post_tag","embeddable":true,"href":"https:\/\/noticiasveraces.com\/index.php?rest_route=%2Fwp%2Fv2%2Ftags&post=57104"}],"curies":[{"name":"wp","href":"https:\/\/api.w.org\/{rel}","templated":true}]}}