{"id":57086,"date":"2026-01-26T21:06:11","date_gmt":"2026-01-27T01:06:11","guid":{"rendered":"https:\/\/noticiasveraces.com\/?p=57086"},"modified":"2026-01-26T21:06:11","modified_gmt":"2026-01-27T01:06:11","slug":"trump-dice-que-iran-quiere-un-acuerdo-en-medio-del-fortalecimiento-militar-de-ee-uu","status":"publish","type":"post","link":"https:\/\/noticiasveraces.com\/?p=57086","title":{"rendered":"Trump dice que Ir\u00e1n quiere un acuerdo en medio del fortalecimiento militar de EE.UU."},"content":{"rendered":"<p> \n<\/p>\n<div>\n<div id=\"beyondwords-wrapper\" class=\"beyondwords-wrapper\">\n<p><span class=\"label-bg\">NUEVO<\/span>\u00a1Ahora puedes escuchar los art\u00edculos de Fox News!\n  <\/p>\n<\/div>\n<p class=\"speakable\">El presidente Donald Trump dijo que Ir\u00e1n parece estar buscando negociar con Estados Unidos en medio de una creciente concentraci\u00f3n militar en el Medio Oriente.<\/p>\n<p class=\"speakable\">En una entrevista el lunes con Axios, Trump sugiri\u00f3 que Teher\u00e1n se hab\u00eda acercado en \u00abnumerosas ocasiones\u00bb y \u00abquiere[s] para llegar a un acuerdo.\u00bb<\/p>\n<p>\u00abQuieren llegar a un acuerdo. Lo s\u00e9. Llamaron en numerosas ocasiones. Quieren hablar\u00bb, dijo el presidente al medio.<\/p>\n<p>Seg\u00fan funcionarios estadounidenses, tambi\u00e9n citados por Axios, cualquier posible acuerdo requerir\u00eda que Teher\u00e1n eliminara todo el uranio enriquecido, limitara su arsenal de misiles de largo alcance, cambiara el apoyo a las fuerzas regionales proxy y cesara el enriquecimiento independiente de uranio, t\u00e9rminos que los l\u00edderes iran\u00edes no han aceptado.<\/p>\n<p><strong>EMBAJADOR ISRAEL\u00cd EN LA ONU ENV\u00cdA DURA ADVERTENCIA A IR\u00c1N EN MEDIO DE CRECIENTE DISTURBIO<\/strong><\/p>\n<div class=\"image-ct inline\">\n<div class=\"m\"><picture><source media=\"(max-width: 767px)\" srcset=\"https:\/\/a57.foxnews.com\/static.foxnews.com\/foxnews.com\/content\/uploads\/2026\/01\/343\/192\/uss-lincoln-trains-at-sea.jpg?ve=1&amp;tl=1, https:\/\/a57.foxnews.com\/static.foxnews.com\/foxnews.com\/content\/uploads\/2026\/01\/686\/384\/uss-lincoln-trains-at-sea.jpg?ve=1&amp;tl=1 2x\" height=\"192\" width=\"343\"><source media=\"(min-width: 768px) and (max-width: 1023px)\" srcset=\"https:\/\/a57.foxnews.com\/static.foxnews.com\/foxnews.com\/content\/uploads\/2026\/01\/672\/378\/uss-lincoln-trains-at-sea.jpg?ve=1&amp;tl=1, https:\/\/a57.foxnews.com\/static.foxnews.com\/foxnews.com\/content\/uploads\/2026\/01\/1344\/756\/uss-lincoln-trains-at-sea.jpg?ve=1&amp;tl=1 2x\" height=\"378\" width=\"672\"><source media=\"(min-width: 1024px) and (max-width: 1279px)\" srcset=\"https:\/\/a57.foxnews.com\/static.foxnews.com\/foxnews.com\/content\/uploads\/2026\/01\/931\/523\/uss-lincoln-trains-at-sea.jpg?ve=1&amp;tl=1, https:\/\/a57.foxnews.com\/static.foxnews.com\/foxnews.com\/content\/uploads\/2026\/01\/1862\/1046\/uss-lincoln-trains-at-sea.jpg?ve=1&amp;tl=1 2x\" height=\"523\" width=\"931\"><source media=\"(min-width: 1280px)\" srcset=\"https:\/\/a57.foxnews.com\/static.foxnews.com\/foxnews.com\/content\/uploads\/2026\/01\/720\/405\/uss-lincoln-trains-at-sea.jpg?ve=1&amp;tl=1, https:\/\/a57.foxnews.com\/static.foxnews.com\/foxnews.com\/content\/uploads\/2026\/01\/1440\/810\/uss-lincoln-trains-at-sea.jpg?ve=1&amp;tl=1 2x\" height=\"405\" width=\"720\"><img loading=\"lazy\" decoding=\"async\" src=\"https:\/\/a57.foxnews.com\/static.foxnews.com\/foxnews.com\/content\/uploads\/2026\/01\/1200\/675\/uss-lincoln-trains-at-sea.jpg?ve=1&amp;tl=1\" alt=\"El USS Lincoln entrena en el mar.\" width=\"1200\" height=\"675\"\/><\/source><\/source><\/source><\/source><\/picture><\/div>\n<div class=\"info\">\n<div class=\"caption\">\n<p><span>El USS Abraham Lincoln ha llegado a Oriente Medio en medio de tensiones con Ir\u00e1n.<\/span> <span>(M. Jeremie Yoder\/Marina de EE. UU. a trav\u00e9s de Getty Images)<\/span><\/p>\n<\/div>\n<\/div>\n<\/div>\n<p>Trump tambi\u00e9n describi\u00f3 la situaci\u00f3n con Ir\u00e1n como \u00aben proceso de cambio\u00bb y se\u00f1al\u00f3 la llegada de lo que llam\u00f3 \u00abuna gran armada al lado de Ir\u00e1n. M\u00e1s grande que Venezuela\u00bb, en referencia al reciente despliegue de activos navales estadounidenses.<\/p>\n<p>Como inform\u00f3 anteriormente Fox News Digital, el portaaviones USS Abraham Lincoln entr\u00f3 en aguas del CENTCOM en el Oc\u00e9ano \u00cdndico el lunes en medio de crecientes amenazas de Ir\u00e1n, dijo un alto funcionario estadounidense.<\/p>\n<div class=\"image-ct inline\">\n<div class=\"m\"><picture><source media=\"(max-width: 767px)\" srcset=\"https:\/\/a57.foxnews.com\/static.foxnews.com\/foxnews.com\/content\/uploads\/2026\/01\/343\/192\/trump-leadership-iran-historic-opportunity-change-fox-news-001.jpg?ve=1&amp;tl=1, https:\/\/a57.foxnews.com\/static.foxnews.com\/foxnews.com\/content\/uploads\/2026\/01\/686\/384\/trump-leadership-iran-historic-opportunity-change-fox-news-001.jpg?ve=1&amp;tl=1 2x\" height=\"192\" width=\"343\"><source media=\"(min-width: 768px) and (max-width: 1023px)\" srcset=\"https:\/\/a57.foxnews.com\/static.foxnews.com\/foxnews.com\/content\/uploads\/2026\/01\/672\/378\/trump-leadership-iran-historic-opportunity-change-fox-news-001.jpg?ve=1&amp;tl=1, https:\/\/a57.foxnews.com\/static.foxnews.com\/foxnews.com\/content\/uploads\/2026\/01\/1344\/756\/trump-leadership-iran-historic-opportunity-change-fox-news-001.jpg?ve=1&amp;tl=1 2x\" height=\"378\" width=\"672\"><source media=\"(min-width: 1024px) and (max-width: 1279px)\" srcset=\"https:\/\/a57.foxnews.com\/static.foxnews.com\/foxnews.com\/content\/uploads\/2026\/01\/931\/523\/trump-leadership-iran-historic-opportunity-change-fox-news-001.jpg?ve=1&amp;tl=1, https:\/\/a57.foxnews.com\/static.foxnews.com\/foxnews.com\/content\/uploads\/2026\/01\/1862\/1046\/trump-leadership-iran-historic-opportunity-change-fox-news-001.jpg?ve=1&amp;tl=1 2x\" height=\"523\" width=\"931\"><source media=\"(min-width: 1280px)\" srcset=\"https:\/\/a57.foxnews.com\/static.foxnews.com\/foxnews.com\/content\/uploads\/2026\/01\/720\/405\/trump-leadership-iran-historic-opportunity-change-fox-news-001.jpg?ve=1&amp;tl=1, https:\/\/a57.foxnews.com\/static.foxnews.com\/foxnews.com\/content\/uploads\/2026\/01\/1440\/810\/trump-leadership-iran-historic-opportunity-change-fox-news-001.jpg?ve=1&amp;tl=1 2x\" height=\"405\" width=\"720\"><img loading=\"lazy\" decoding=\"async\" src=\"https:\/\/a57.foxnews.com\/static.foxnews.com\/foxnews.com\/content\/uploads\/2026\/01\/1200\/675\/trump-leadership-iran-historic-opportunity-change-fox-news-001.jpg?ve=1&amp;tl=1\" alt=\"Divisi\u00f3n de Jamenei y Trump\" width=\"1200\" height=\"675\"\/><\/source><\/source><\/source><\/source><\/picture><\/div>\n<div class=\"info\">\n<div class=\"caption\">\n<p><span>\u00abTenemos una gran flotilla yendo en esa direcci\u00f3n y veremos qu\u00e9 pasa\u00bb, dijo Trump sobre Ir\u00e1n.<\/span> <span>(Majid Saedi\/Getty Images; Yuri Gripas\/Abaca\/Bloomberg v\u00eda Getty Images)<\/span><\/p>\n<\/div>\n<\/div>\n<\/div>\n<p>Trump hab\u00eda dicho a los periodistas el 21 de enero: \u00abTenemos una gran flotilla yendo en esa direcci\u00f3n y veremos qu\u00e9 pasa. Tenemos una gran fuerza yendo hacia Ir\u00e1n. Preferir\u00eda que no sucediera nada, pero los estamos observando muy de cerca\u00bb.<\/p>\n<p>El refuerzo militar estadounidense se produce en medio de disturbios generalizados dentro de Ir\u00e1n tras las protestas que comenzaron el 28 de diciembre.<\/p>\n<p><strong>EL SERVICIO SECRETO EST\u00c1 CONSCIENTE DESPU\u00c9S DE QUE LA TELEVISI\u00d3N ESTATAL DE IR\u00c1N TRANSMITA UNA AMENAZA DE TRUMP CON UNA FOTO DEL INTENTO DE ASESINATO DE MAYORDOMO<\/strong><\/p>\n<div class=\"image-ct inline\">\n<div class=\"m\"><picture><source media=\"(max-width: 767px)\" srcset=\"https:\/\/a57.foxnews.com\/static.foxnews.com\/foxnews.com\/content\/uploads\/2026\/01\/343\/192\/iran-protests.jpg?ve=1&amp;tl=1, https:\/\/a57.foxnews.com\/static.foxnews.com\/foxnews.com\/content\/uploads\/2026\/01\/686\/384\/iran-protests.jpg?ve=1&amp;tl=1 2x\" height=\"192\" width=\"343\"><source media=\"(min-width: 768px) and (max-width: 1023px)\" srcset=\"https:\/\/a57.foxnews.com\/static.foxnews.com\/foxnews.com\/content\/uploads\/2026\/01\/672\/378\/iran-protests.jpg?ve=1&amp;tl=1, https:\/\/a57.foxnews.com\/static.foxnews.com\/foxnews.com\/content\/uploads\/2026\/01\/1344\/756\/iran-protests.jpg?ve=1&amp;tl=1 2x\" height=\"378\" width=\"672\"><source media=\"(min-width: 1024px) and (max-width: 1279px)\" srcset=\"https:\/\/a57.foxnews.com\/static.foxnews.com\/foxnews.com\/content\/uploads\/2026\/01\/931\/523\/iran-protests.jpg?ve=1&amp;tl=1, https:\/\/a57.foxnews.com\/static.foxnews.com\/foxnews.com\/content\/uploads\/2026\/01\/1862\/1046\/iran-protests.jpg?ve=1&amp;tl=1 2x\" height=\"523\" width=\"931\"><source media=\"(min-width: 1280px)\" srcset=\"https:\/\/a57.foxnews.com\/static.foxnews.com\/foxnews.com\/content\/uploads\/2026\/01\/720\/405\/iran-protests.jpg?ve=1&amp;tl=1, https:\/\/a57.foxnews.com\/static.foxnews.com\/foxnews.com\/content\/uploads\/2026\/01\/1440\/810\/iran-protests.jpg?ve=1&amp;tl=1 2x\" height=\"405\" width=\"720\"><img loading=\"lazy\" decoding=\"async\" src=\"https:\/\/a57.foxnews.com\/static.foxnews.com\/foxnews.com\/content\/uploads\/2026\/01\/1200\/675\/iran-protests.jpg?ve=1&amp;tl=1\" alt=\"Manifestantes iran\u00edes.\" width=\"1200\" height=\"675\"\/><\/source><\/source><\/source><\/source><\/picture><\/div>\n<div class=\"info\">\n<div class=\"caption\">\n<p><span>Seg\u00fan la Agencia de Noticias de Activistas de Derechos Humanos (HRANA), el n\u00famero confirmado de muertos en medio de protestas masivas en Ir\u00e1n alcanz\u00f3 5.848.<\/span> <span>(MAHSA\/Middle East Images\/AFP v\u00eda Getty Images)<\/span><\/p>\n<\/div>\n<\/div>\n<\/div>\n<p>Seg\u00fan un informe reciente de la Agencia de Noticias de Activistas de Derechos Humanos (HRANA), el n\u00famero de muertos confirmados en las protestas ha llegado a 5.848, y se est\u00e1n investigando 17.091 muertes adicionales.<\/p>\n<p>Seg\u00fan Iran International, el l\u00edder supremo, el ayatol\u00e1 Ali Jamenei, se ha refugiado en una instalaci\u00f3n subterr\u00e1nea fortificada.<\/p>\n<p><strong>HAGA CLIC AQU\u00cd PARA DESCARGAR LA APLICACI\u00d3N FOX NEWS<\/strong><\/p>\n<p>Se espera que Trump celebre m\u00e1s consultas esta semana, dijo Axios, antes de agregar que los funcionarios de la Casa Blanca dijeron que todav\u00eda hay un ataque sobre la mesa.<\/p>\n<p>Fox News Digital se comunic\u00f3 con la Casa Blanca para solicitar comentarios.<\/p>\n<p> <!----> <\/p>\n<div class=\"article-meta\">\n<div class=\"author-bio\">\n<p>Emma Bussey es redactora de noticias de \u00faltima hora para Fox News Digital. Antes de unirse a Fox, trabaj\u00f3 en The Telegraph con el equipo nocturno de EE. UU., en \u00e1reas que inclu\u00edan asuntos exteriores, pol\u00edtica, noticias, deportes y cultura. <\/p>\n<\/div>\n<\/div>\n<\/div>\n\n","protected":false},"excerpt":{"rendered":"<p>NUEVO\u00a1Ahora puedes escuchar los art\u00edculos de Fox News! El presidente Donald Trump dijo que Ir\u00e1n parece estar buscando negociar con Estados Unidos en medio de una creciente concentraci\u00f3n militar en el Medio Oriente. En una entrevista el lunes con Axios, Trump sugiri\u00f3 que Teher\u00e1n se hab\u00eda acercado en \u00abnumerosas ocasiones\u00bb y \u00abquiere[s] para llegar a &hellip;<\/p>\n","protected":false},"author":1,"featured_media":57088,"comment_status":"open","ping_status":"open","sticky":false,"template":"","format":"standard","meta":{"fifu_image_url":"https:\/\/static.foxnews.com\/foxnews.com\/content\/uploads\/2026\/01\/trump-leadership-iran-historic-opportunity-change-fox-news-001.jpg","fifu_image_alt":"","footnotes":""},"categories":[13],"tags":[],"class_list":["post-57086","post","type-post","status-publish","format-standard","has-post-thumbnail","","category-mundo"],"_links":{"self":[{"href":"https:\/\/noticiasveraces.com\/index.php?rest_route=\/wp\/v2\/posts\/57086","targetHints":{"allow":["GET"]}}],"collection":[{"href":"https:\/\/noticiasveraces.com\/index.php?rest_route=\/wp\/v2\/posts"}],"about":[{"href":"https:\/\/noticiasveraces.com\/index.php?rest_route=\/wp\/v2\/types\/post"}],"author":[{"embeddable":true,"href":"https:\/\/noticiasveraces.com\/index.php?rest_route=\/wp\/v2\/users\/1"}],"replies":[{"embeddable":true,"href":"https:\/\/noticiasveraces.com\/index.php?rest_route=%2Fwp%2Fv2%2Fcomments&post=57086"}],"version-history":[{"count":0,"href":"https:\/\/noticiasveraces.com\/index.php?rest_route=\/wp\/v2\/posts\/57086\/revisions"}],"wp:featuredmedia":[{"embeddable":true,"href":"https:\/\/noticiasveraces.com\/index.php?rest_route=\/wp\/v2\/media\/57088"}],"wp:attachment":[{"href":"https:\/\/noticiasveraces.com\/index.php?rest_route=%2Fwp%2Fv2%2Fmedia&parent=57086"}],"wp:term":[{"taxonomy":"category","embeddable":true,"href":"https:\/\/noticiasveraces.com\/index.php?rest_route=%2Fwp%2Fv2%2Fcategories&post=57086"},{"taxonomy":"post_tag","embeddable":true,"href":"https:\/\/noticiasveraces.com\/index.php?rest_route=%2Fwp%2Fv2%2Ftags&post=57086"}],"curies":[{"name":"wp","href":"https:\/\/api.w.org\/{rel}","templated":true}]}}