{"id":57081,"date":"2026-01-26T19:04:30","date_gmt":"2026-01-26T23:04:30","guid":{"rendered":"https:\/\/noticiasveraces.com\/?p=57081"},"modified":"2026-01-26T19:04:30","modified_gmt":"2026-01-26T23:04:30","slug":"llegaron-a-venezuela-128-migrantes-repatriados-desde-estados-unidos-el-diario-venezuela","status":"publish","type":"post","link":"https:\/\/noticiasveraces.com\/?p=57081","title":{"rendered":"Llegaron a Venezuela 128 migrantes repatriados desde Estados Unidos &#8211; El Diario Venezuela"},"content":{"rendered":"<p> \n<\/p>\n<div>\n<p>El <strong>Ministerio de Interior, Justicia y Paz<\/strong> confirm\u00f3 el lunes 26 de enero que <strong>128 migrantes venezolanos<\/strong> retornaron al pa\u00eds en un vuelo de repatriaci\u00f3n desde Estados Unidos.<\/p>\n<div class=\"ruby-table-contents rbtoc table-fw\">\n<ul class=\"toc-content h5\">\n<li>Vuelos de repatriaci\u00f3n en lo que va de 2026<\/li>\n<li>Migrantes venezolanos repatriados<\/li>\n<\/ul>\n<\/div>\n<p>A trav\u00e9s de una publicaci\u00f3n en <strong>Instagram<\/strong>la cartera de Justicia detall\u00f3 que en el avi\u00f3n que aterriz\u00f3 en el <strong>Aeropuerto Internacional Sim\u00f3n Bol\u00edvar de Maiquet\u00eda<\/strong> llegaron 89 hombres, 22 mujeres, dos adolescentes, 14 ni\u00f1os y ni\u00f1as y un beb\u00e9.<\/p>\n<p>\u201cCada venezolano repatriado recibi\u00f3 un <strong>chequeo exhaustivo<\/strong> en materia de seguridad y salud para que se cumplieran todos los <strong>protocolos necesarios<\/strong> para proteger sus derechos humanos, brindando apoyo y protecci\u00f3n a cada uno de ellos\u201d, se lee en la publicaci\u00f3n de Instagram.<\/p>\n<figure class=\"wp-block-image size-large\"><img fetchpriority=\"high\" decoding=\"async\" width=\"1200\" height=\"800\" src=\"https:\/\/eldiario.com\/wp-content\/uploads\/2026\/01\/Migrantes-repatriados-2.jpg-1-1200x800.jpeg\" alt=\"Llegaron a Venezuela 128 migrantes repatriados desde Estados Unidos\" class=\"wp-image-840991\" srcset=\"https:\/\/eldiario.com\/wp-content\/uploads\/2026\/01\/Migrantes-repatriados-2.jpg-1-1200x800.jpeg 1200w, https:\/\/eldiario.com\/wp-content\/uploads\/2026\/01\/Migrantes-repatriados-2.jpg-1-300x200.jpeg 300w, https:\/\/eldiario.com\/wp-content\/uploads\/2026\/01\/Migrantes-repatriados-2.jpg-1-768x512.jpeg 768w, https:\/\/eldiario.com\/wp-content\/uploads\/2026\/01\/Migrantes-repatriados-2.jpg-1-1536x1024.jpeg 1536w, https:\/\/eldiario.com\/wp-content\/uploads\/2026\/01\/Migrantes-repatriados-2.jpg-1-330x220.jpeg 330w, https:\/\/eldiario.com\/wp-content\/uploads\/2026\/01\/Migrantes-repatriados-2.jpg-1-420x280.jpeg 420w, https:\/\/eldiario.com\/wp-content\/uploads\/2026\/01\/Migrantes-repatriados-2.jpg-1-615x410.jpeg 615w, https:\/\/eldiario.com\/wp-content\/uploads\/2026\/01\/Migrantes-repatriados-2.jpg-1-860x574.jpeg 860w, https:\/\/eldiario.com\/wp-content\/uploads\/2026\/01\/Migrantes-repatriados-2.jpg-1-150x100.jpeg 150w, https:\/\/eldiario.com\/wp-content\/uploads\/2026\/01\/Migrantes-repatriados-2.jpg-1.jpeg 1600w\" sizes=\"(max-width: 1200px) 100vw, 1200px\"\/><figcaption class=\"wp-element-caption\">Un total de 128 migrantes venezolanos retornaron al pa\u00eds en un vuelo de repatriaci\u00f3n desde EE UU | Foto: @minjusticia_ve<\/figcaption><\/figure>\n<p>Este es el <strong>cuarto vuelo de repatriaci\u00f3n<\/strong> en lo que va de 2026, lo que lo hace el traslado n\u00famero <strong>103 de connacionales<\/strong> desde EE UU hasta Venezuela bajo el plan Vuelta a la Patria.<\/p>\n<h2 id=\"vuelos-de-repatriacion-en-lo-que-va-de-2026\" class=\"rb-heading-index-0-840988 wp-block-heading\"><strong>Vuelos de repatriaci\u00f3n en lo que va de 2026<\/strong><\/h2>\n<p>Otro grupo de <strong>182 migrantes venezolanos repatriados<\/strong> arrib\u00f3 el 23 de enero al <strong>Aeropuerto Internacional Sim\u00f3n Bol\u00edvar de Maiquet\u00eda<\/strong>en La Guaira.<\/p>\n<p>Las autoridades venezolanas informaron que entre los pasajeros que llegaron en el avi\u00f3n de la <strong>aerol\u00ednea Eastern Airlines<\/strong> se encuentran: 149 hombres, 23 mujeres, dos adolescentes y <strong>8 ni\u00f1os<\/strong>.<\/p>\n<p>Se trata del vuelo del plan <strong>Vuelta a la Patria n\u00famero 102<\/strong>. Las personas recibir\u00e1n <strong>atenci\u00f3n integral<\/strong> en salud, seguridad y asesor\u00eda jur\u00eddica como parte de su retorno al pa\u00eds.<\/p>\n<p>El vuelo 102 de repatriaci\u00f3n desde <strong>EE.UU.<\/strong> fue el tercero que se report\u00f3 en <strong>menos de una semana<\/strong>. El 22 de enero, el Ministerio de Interior inform\u00f3 la llegada de un grupo de 183 venezolanos que retornaron desde Estados Unidos.<\/p>\n<p>Sumado a esto, el <strong>19 de enero de 2026<\/strong> se report\u00f3 el traslado de otro grupo de <strong>235 venezolanos<\/strong> en un vuelo procedente de EE UU, conformado por 219 hombres y 16 mujeres.<\/p>\n<p>En total, en lo que va de 2026, se han registrado <strong>cuatro vuelos de repatriaci\u00f3n<\/strong>. El 16 de enero lleg\u00f3 el <strong>primer regreso de venezolanos<\/strong> procedentes de Estados Unidos, luego de que el gobierno de Venezuela hab\u00eda denunciado la suspensi\u00f3n unilateral de los vuelos de repatriaci\u00f3n en diciembre de 2025, mientras que Washington pidi\u00f3 a las aerol\u00edneas evitar el espacio a\u00e9reo venezolano.<\/p>\n<h2 id=\"migrantes-venezolanos-repatriados\" class=\"rb-heading-index-1-840988 wp-block-heading\"><strong>Migrantes venezolanos repatriados<\/strong><\/h2>\n<p>La mayor\u00eda de los ciudadanos que han llegado a Venezuela han sido <strong>deportados por la administraci\u00f3n de Donald Trump<\/strong> desde febrero de 2025, tras un <strong>acuerdo suscrito en enero<\/strong> por Caracas y Washington, que no mantienen relaciones diplom\u00e1ticas desde 2019.<\/p>\n<p>El <strong>13 de marzo de 2025<\/strong>Richard Grenell, <strong>enviado de EE UU para Misiones Especiales<\/strong>asegur\u00f3 que Venezuela \u201cacord\u00f3 reanudar los vuelos para recoger a sus ciudadanos que infringieron las leyes de inmigraci\u00f3n estadounidenses e ingresaron ilegalmente en el pa\u00eds\u201d.<\/p>\n<p>El <strong>Ministerio de Comunicaci\u00f3n de Venezuela<\/strong> indic\u00f3 que el gobierno estadounidense notific\u00f3 que algunas personas que fueron enviadas de regreso al pa\u00eds est\u00e1n <strong>presuntamente ligadas a actividades delictivas<\/strong> o estar\u00edan involucradas en las acciones de la banda criminal transnacional <strong>el Tren de Aragua<\/strong>.<\/p>\n<p>No obstante, <strong>Diosdado Cabello<\/strong>ministro de Interior, Justicia y Paz, ha <strong>negado esa aseveraci\u00f3n<\/strong> y sostiene que ninguno de los deportados es miembro del grupo criminal, aunque acept\u00f3 que tras una revisi\u00f3n de los <strong>antecedentes penales<\/strong> se determin\u00f3 que varios de los migrantes venezolanos retornados tienen casos pendientes con la justicia venezolana.<\/p>\n<p><!-- CONTENT END 1 -->\n<\/div>\n<p><script async src=\"\/\/www.instagram.com\/embed.js\"><\/script><br \/>\n<br \/>\n","protected":false},"excerpt":{"rendered":"<p>El Ministerio de Interior, Justicia y Paz confirm\u00f3 el lunes 26 de enero que 128 migrantes venezolanos retornaron al pa\u00eds en un vuelo de repatriaci\u00f3n desde Estados Unidos. Vuelos de repatriaci\u00f3n en lo que va de 2026 Migrantes venezolanos repatriados A trav\u00e9s de una publicaci\u00f3n en Instagramla cartera de Justicia detall\u00f3 que en el avi\u00f3n &hellip;<\/p>\n","protected":false},"author":1,"featured_media":57083,"comment_status":"open","ping_status":"open","sticky":false,"template":"","format":"standard","meta":{"fifu_image_url":"https:\/\/eldiario.com\/wp-content\/uploads\/2026\/01\/Migrantes-repatriados.jpg.jpeg","fifu_image_alt":"","footnotes":""},"categories":[13],"tags":[],"class_list":["post-57081","post","type-post","status-publish","format-standard","has-post-thumbnail","","category-mundo"],"_links":{"self":[{"href":"https:\/\/noticiasveraces.com\/index.php?rest_route=\/wp\/v2\/posts\/57081","targetHints":{"allow":["GET"]}}],"collection":[{"href":"https:\/\/noticiasveraces.com\/index.php?rest_route=\/wp\/v2\/posts"}],"about":[{"href":"https:\/\/noticiasveraces.com\/index.php?rest_route=\/wp\/v2\/types\/post"}],"author":[{"embeddable":true,"href":"https:\/\/noticiasveraces.com\/index.php?rest_route=\/wp\/v2\/users\/1"}],"replies":[{"embeddable":true,"href":"https:\/\/noticiasveraces.com\/index.php?rest_route=%2Fwp%2Fv2%2Fcomments&post=57081"}],"version-history":[{"count":0,"href":"https:\/\/noticiasveraces.com\/index.php?rest_route=\/wp\/v2\/posts\/57081\/revisions"}],"wp:featuredmedia":[{"embeddable":true,"href":"https:\/\/noticiasveraces.com\/index.php?rest_route=\/wp\/v2\/media\/57083"}],"wp:attachment":[{"href":"https:\/\/noticiasveraces.com\/index.php?rest_route=%2Fwp%2Fv2%2Fmedia&parent=57081"}],"wp:term":[{"taxonomy":"category","embeddable":true,"href":"https:\/\/noticiasveraces.com\/index.php?rest_route=%2Fwp%2Fv2%2Fcategories&post=57081"},{"taxonomy":"post_tag","embeddable":true,"href":"https:\/\/noticiasveraces.com\/index.php?rest_route=%2Fwp%2Fv2%2Ftags&post=57081"}],"curies":[{"name":"wp","href":"https:\/\/api.w.org\/{rel}","templated":true}]}}