{"id":57079,"date":"2026-01-26T18:14:04","date_gmt":"2026-01-26T22:14:04","guid":{"rendered":"https:\/\/noticiasveraces.com\/?p=57079"},"modified":"2026-01-26T18:14:04","modified_gmt":"2026-01-26T22:14:04","slug":"angel-alarcon-se-marcha-con-miguel-rodriguez-al-utrecht","status":"publish","type":"post","link":"https:\/\/noticiasveraces.com\/?p=57079","title":{"rendered":"\u00c1ngel Alarc\u00f3n se marcha con Miguel Rodr\u00edguez al Utrecht"},"content":{"rendered":"<p> \n<\/p>\n<div>\n<p data-mrf-recirculation=\"Links P\u00e1rrafos\" class=\"ue-c-article__paragraph paragraph xai-icon-container ue-c-article--first-letter-highlighted\">Mucho revuelo ha generado la llegada de <strong>Dro <\/strong>Alabama <strong>PSG <\/strong>y su prematura salida del <strong>Barcelona<\/strong>. Pero, en el verano de 2024,<strong> \u00c1ngel Alarc\u00f3n<\/strong> tambi\u00e9n abandon\u00f3 <strong>La Mas\u00eda<\/strong> como agente libre en direcci\u00f3n a un Oporto que lo ha mandado cedido al <strong>Utrecht <\/strong>hasta final de temporada.<span class=\"xai-icon\"\/><\/p>\n<p data-mrf-recirculation=\"Links P\u00e1rrafos\" class=\"ue-c-article__paragraph paragraph xai-icon-container\">En principio, lleg\u00f3 para reforzar al filial del <strong>Oporto<\/strong>&#8230; pero con la idea de que fuese entrando progresivamente en din\u00e1mica de primer equipo. Sin embargo, con <strong>Borja Sainz<\/strong> adue\u00f1ado de la banda izquierda de <strong>Hola, querido,<\/strong> apenas disput\u00f3 seis partidos en esta primera mitad de temporada a las \u00f3rdenes de <strong>farioli<\/strong>.<span class=\"xai-icon\"\/><\/p>\n<p data-mrf-recirculation=\"Links P\u00e1rrafos\" class=\"ue-c-article__paragraph paragraph\">\u201cHoy es un jugador que nos puede ayudar, seguro\u201d, lleg\u00f3 a reconocer semanas atr\u00e1s el propio <strong>farioli<\/strong>. Sin embargo, el fichaje del jovenc\u00edsimo <strong>Oskar Pietuszewski<\/strong> desde el <strong>Jaguellonia <\/strong>en este mismo mercado invernal a cambio de 10 millones de euros ha parecido cerrarle las puertas del <strong>Oporto <\/strong>a <strong>\u00c1ngel Alarc\u00f3n.<\/strong> Al menos, a corto plazo.<\/p>\n<p data-mrf-recirculation=\"Links P\u00e1rrafos\" class=\"ue-c-article__paragraph paragraph xai-icon-container\"><strong>MARCA <\/strong>se hizo eco de los contactos entre <strong>Espanyol <\/strong>y <strong>Oporto <\/strong>para hacerse con su cesi\u00f3n. Pero, finalmente, ha sido el <strong>Utrecht <\/strong>el equipo que se lo ha acabado llevando. All\u00ed coincidir\u00e1, adem\u00e1s de con <strong>Sebasti\u00e1n Haller<\/strong>con un <strong>Miguel Rodr\u00edguez<\/strong> que ser\u00e1 su hom\u00f3logo por el flanco derecho.<span class=\"xai-icon\"\/><\/p>\n<p data-mrf-recirculation=\"Links P\u00e1rrafos\" class=\"ue-c-article__paragraph paragraph\">En el comunicado emitido por el <strong>Oporto <\/strong>para anunciar la operaci\u00f3n, se explicaban los detalles de la operaci\u00f3n. El <strong>Utrecht <\/strong>se har\u00e1 carg\u00f3 de la totalidad de la ficha de <strong>\u00c1ngel Alarc\u00f3n<\/strong> y podr\u00e1 comprar el 50% de sus derechos por dos millones. Posteriormente, el <strong>Oporto <\/strong>podr\u00e1 recomprar el 40% de ese 50% por tres millones. Antes, eso s\u00ed, el atacante espa\u00f1ol renov\u00f3 hasta 2028.<\/p>\n<\/div>\n\n","protected":false},"excerpt":{"rendered":"<p>Mucho revuelo ha generado la llegada de Dro Alabama PSG y su prematura salida del Barcelona. Pero, en el verano de 2024, \u00c1ngel Alarc\u00f3n tambi\u00e9n abandon\u00f3 La Mas\u00eda como agente libre en direcci\u00f3n a un Oporto que lo ha mandado cedido al Utrecht hasta final de temporada. En principio, lleg\u00f3 para reforzar al filial del &hellip;<\/p>\n","protected":false},"author":1,"featured_media":57080,"comment_status":"open","ping_status":"open","sticky":false,"template":"","format":"standard","meta":{"fifu_image_url":"https:\/\/objetos-xlk.estaticos-marca.com\/files\/article_main_microformat\/uploads\/2026\/01\/26\/6977ca84df38f.jpeg","fifu_image_alt":"","footnotes":""},"categories":[6],"tags":[],"class_list":["post-57079","post","type-post","status-publish","format-standard","has-post-thumbnail","","category-deportes"],"_links":{"self":[{"href":"https:\/\/noticiasveraces.com\/index.php?rest_route=\/wp\/v2\/posts\/57079","targetHints":{"allow":["GET"]}}],"collection":[{"href":"https:\/\/noticiasveraces.com\/index.php?rest_route=\/wp\/v2\/posts"}],"about":[{"href":"https:\/\/noticiasveraces.com\/index.php?rest_route=\/wp\/v2\/types\/post"}],"author":[{"embeddable":true,"href":"https:\/\/noticiasveraces.com\/index.php?rest_route=\/wp\/v2\/users\/1"}],"replies":[{"embeddable":true,"href":"https:\/\/noticiasveraces.com\/index.php?rest_route=%2Fwp%2Fv2%2Fcomments&post=57079"}],"version-history":[{"count":0,"href":"https:\/\/noticiasveraces.com\/index.php?rest_route=\/wp\/v2\/posts\/57079\/revisions"}],"wp:featuredmedia":[{"embeddable":true,"href":"https:\/\/noticiasveraces.com\/index.php?rest_route=\/wp\/v2\/media\/57080"}],"wp:attachment":[{"href":"https:\/\/noticiasveraces.com\/index.php?rest_route=%2Fwp%2Fv2%2Fmedia&parent=57079"}],"wp:term":[{"taxonomy":"category","embeddable":true,"href":"https:\/\/noticiasveraces.com\/index.php?rest_route=%2Fwp%2Fv2%2Fcategories&post=57079"},{"taxonomy":"post_tag","embeddable":true,"href":"https:\/\/noticiasveraces.com\/index.php?rest_route=%2Fwp%2Fv2%2Ftags&post=57079"}],"curies":[{"name":"wp","href":"https:\/\/api.w.org\/{rel}","templated":true}]}}