{"id":57062,"date":"2026-01-26T16:01:01","date_gmt":"2026-01-26T20:01:01","guid":{"rendered":"https:\/\/noticiasveraces.com\/?p=57062"},"modified":"2026-01-26T16:01:01","modified_gmt":"2026-01-26T20:01:01","slug":"sicariato-en-colombia-oficial-de-policia-fue-asesinado-y-su-bebe-resulto-herido","status":"publish","type":"post","link":"https:\/\/noticiasveraces.com\/?p=57062","title":{"rendered":"Sicariato en Colombia: Oficial de polic\u00eda fue asesinado y su beb\u00e9 result\u00f3 herido"},"content":{"rendered":"<p> \n<\/p>\n<p>&nbsp;<\/p>\n<figure id=\"attachment_5874051\" aria-describedby=\"caption-attachment-5874051\" style=\"width: 732px\" class=\"wp-caption alignnone\"><img loading=\"lazy\" decoding=\"async\" class=\"size-full wp-image-5874051\" src=\"https:\/\/sandia.datanubex.uk\/wp-content\/uploads\/2026\/01\/policia-colombia-asesinato.jpg\" alt=\"\" width=\"732\" height=\"510\" \/><figcaption id=\"caption-attachment-5874051\" class=\"wp-caption-text\">Foto: Cortes\u00eda<\/figcaption><\/figure>\n<p>&nbsp;<\/p>\n<p>Un polic\u00eda colombiano fue asesinado en un ataque sicarial en Jamund\u00ed, municipio del departamento de Valle del Cauca (suroeste), donde tambi\u00e9n result\u00f3 herido su hijo, un beb\u00e9 de 10 meses, inform\u00f3 este lunes 26 de enero el director de la instituci\u00f3n, general William Rinc\u00f3n.<\/p>\n<p>Seg\u00fan reportes de las autoridades, el patrullero Carlos Pineda Castro se encontraba descansando cuando fue abordado la noche del domingo 25 de enero por un hombre \u00abque le propin\u00f3 m\u00faltiples impactos de bala\u00bb.<\/p>\n<p>Su hijo, un beb\u00e9 de 10 meses, \u00abresult\u00f3 herido en una de sus extremidades\u00bb, y fue trasladado a un centro m\u00e9dico en la capital del departamento, Cali, donde recibi\u00f3 atenci\u00f3n m\u00e9dica y \u00abse encuentra actualmente fuera de peligro\u00bb.<\/p>\n<p>&nbsp;<\/p>\n<p>&nbsp;<\/p>\n<blockquote>\n<p>LEE TAMBI\u00c9N: <strong>Al menos cuatro personas fueron v\u00edctimas de una nueva masacre en el suroeste de Colombia<\/strong><\/p>\n<\/blockquote>\n<p>&nbsp;<\/p>\n<p>&nbsp;<\/p>\n<p>\u00abEste crimen, cometido fuera del servicio y en un entorno familiar, traspasa todos los l\u00edmites y demuestra el desprecio absoluto por la vida y la dignidad humana. Nada, absolutamente nada, legitima estos hechos\u00bb, escribi\u00f3 en X el director de la Polic\u00eda.<\/p>\n<p>&nbsp;<\/p>\n<p><img loading=\"lazy\" decoding=\"async\" class=\"alignnone size-full wp-image-5874042\" src=\"https:\/\/sandia.datanubex.uk\/wp-content\/uploads\/2026\/01\/imagen_2026-01-26_154640420.png\" alt=\"\" width=\"593\" height=\"442\" \/><\/p>\n<p>&nbsp;<\/p>\n<figure id=\"attachment_5874045\" aria-describedby=\"caption-attachment-5874045\" style=\"width: 640px\" class=\"wp-caption alignnone\"><img loading=\"lazy\" decoding=\"async\" class=\"wp-image-5874045\" src=\"https:\/\/sandia.datanubex.uk\/wp-content\/uploads\/2026\/01\/policia-asesinado-colombia.jpg\" alt=\"\" width=\"640\" height=\"640\" \/><figcaption id=\"caption-attachment-5874045\" class=\"wp-caption-text\"><strong>Foto: X\/@DirectorPolicia<\/strong><\/figcaption><\/figure>\n<p>&nbsp;<\/p>\n<p>En tanto, desde la Gobernaci\u00f3n del Valle del Cauca, la mandataria regional Dilian Francisca Toro, conden\u00f3 el ataque al patrullero y al menor de edad y anunci\u00f3 una recompensa para dar con los autores del crimen.<\/p>\n<p>\u00abAnte este repudiable hecho, el Gobierno departamental ofrece hasta 50 millones de pesos (unos 13.750 d\u00f3lares) por informaci\u00f3n que permita dar con los responsables y someterlos ante la justicia\u00bb, puntualiz\u00f3 la gobernadora.<\/p>\n<p>El uniformado de 35 a\u00f1os llevaba 15 a\u00f1os al servicio de la instituci\u00f3n y se convierte en el quinto polic\u00eda asesinado en Colombia en lo que va de 2026.<\/p>\n<p>&nbsp;<\/p>\n<p>&nbsp;<\/p>\n<blockquote>\n<p>LEE TAMBI\u00c9N: <strong>Nueva masacre sacude a Colombia: al menos cinco j\u00f3venes fueron asesinados a balazos en La Guajira<\/strong><\/p>\n<\/blockquote>\n<p>&nbsp;<\/p>\n<p>&nbsp;<\/p>\n<p>El municipio de Jamund\u00ed, ubicado en el \u00e1rea metropolitana de Cali, ha sido escenario recurrente de ataques y hechos de violencia asociados a la presencia de grupos armados ilegales, entre ellos disidencias de las Farc y el Ej\u00e9rcito de Liberaci\u00f3n Nacional (ELN).<\/p>\n<p><strong>EFE<\/strong><\/p>\n\n","protected":false},"excerpt":{"rendered":"<p>&nbsp; Foto: Cortes\u00eda &nbsp; Un polic\u00eda colombiano fue asesinado en un ataque sicarial en Jamund\u00ed, municipio del departamento de Valle del Cauca (suroeste), donde tambi\u00e9n result\u00f3 herido su hijo, un beb\u00e9 de 10 meses, inform\u00f3 este lunes 26 de enero el director de la instituci\u00f3n, general William Rinc\u00f3n. Seg\u00fan reportes de las autoridades, el patrullero &hellip;<\/p>\n","protected":false},"author":1,"featured_media":57064,"comment_status":"open","ping_status":"open","sticky":false,"template":"","format":"standard","meta":{"fifu_image_url":"https:\/\/sandia.datanubex.uk\/wp-content\/uploads\/2026\/01\/policia-colombia-asesinato.jpg","fifu_image_alt":"","footnotes":""},"categories":[13],"tags":[],"class_list":["post-57062","post","type-post","status-publish","format-standard","has-post-thumbnail","","category-mundo"],"_links":{"self":[{"href":"https:\/\/noticiasveraces.com\/index.php?rest_route=\/wp\/v2\/posts\/57062","targetHints":{"allow":["GET"]}}],"collection":[{"href":"https:\/\/noticiasveraces.com\/index.php?rest_route=\/wp\/v2\/posts"}],"about":[{"href":"https:\/\/noticiasveraces.com\/index.php?rest_route=\/wp\/v2\/types\/post"}],"author":[{"embeddable":true,"href":"https:\/\/noticiasveraces.com\/index.php?rest_route=\/wp\/v2\/users\/1"}],"replies":[{"embeddable":true,"href":"https:\/\/noticiasveraces.com\/index.php?rest_route=%2Fwp%2Fv2%2Fcomments&post=57062"}],"version-history":[{"count":0,"href":"https:\/\/noticiasveraces.com\/index.php?rest_route=\/wp\/v2\/posts\/57062\/revisions"}],"wp:featuredmedia":[{"embeddable":true,"href":"https:\/\/noticiasveraces.com\/index.php?rest_route=\/wp\/v2\/media\/57064"}],"wp:attachment":[{"href":"https:\/\/noticiasveraces.com\/index.php?rest_route=%2Fwp%2Fv2%2Fmedia&parent=57062"}],"wp:term":[{"taxonomy":"category","embeddable":true,"href":"https:\/\/noticiasveraces.com\/index.php?rest_route=%2Fwp%2Fv2%2Fcategories&post=57062"},{"taxonomy":"post_tag","embeddable":true,"href":"https:\/\/noticiasveraces.com\/index.php?rest_route=%2Fwp%2Fv2%2Ftags&post=57062"}],"curies":[{"name":"wp","href":"https:\/\/api.w.org\/{rel}","templated":true}]}}