{"id":57037,"date":"2026-01-26T12:58:12","date_gmt":"2026-01-26T16:58:12","guid":{"rendered":"https:\/\/noticiasveraces.com\/?p=57037"},"modified":"2026-01-26T12:58:12","modified_gmt":"2026-01-26T16:58:12","slug":"lula-conversa-con-trump-sobre-venezuela","status":"publish","type":"post","link":"https:\/\/noticiasveraces.com\/?p=57037","title":{"rendered":"Lula conversa con Trump sobre Venezuela"},"content":{"rendered":"<p> \n<br \/><img decoding=\"async\" src=\"https:\/\/mfes.b37m.ru\/actualidad\/public_images\/2026.01\/thumbnail\/69779b6d59bf5b2c9b41f832.jpg\" \/><\/p>\n<div>\n<p>El presidente de Brasil, Luiz In\u00e1cio Lula da Silva, habl\u00f3 por tel\u00e9fono este lunes con su par de EE.UU., Donald Trump, sobre la relaci\u00f3n entre ambos pa\u00edses y la agenda global, particularmente sobre Venezuela.<\/p>\n<p>Lula \u00abdestac\u00f3 la importancia de preservar la paz y la estabilidad en la regi\u00f3n y trabajar por el bienestar del pueblo venezolano\u00bb, de acuerdo con una nota de prensa del Gobierno brasile\u00f1o.<\/p>\n<p>Sobre el Consejo de Paz para supervisar la situaci\u00f3n en la Franja de Gaza, al cual EE.UU. invit\u00f3 a Brasil a unirse, Lula sugiri\u00f3 que el organismo \u00abse limite a la cuesti\u00f3n de Gaza y otorgue un asiento a Palestina\u00bb.<\/p>\n<p>Hace pocos d\u00edas Lula critic\u00f3 el Consejo de Paz, al considerar que Trump pretender \u00abcrear una nueva ONU\u00bb, en un llamado a defender la existente Organizaci\u00f3n de las Naciones Unidas.<\/p>\n<p>\u00abEn este contexto, reiter\u00f3 la importancia de una reforma integral de las Naciones Unidas, que incluya la ampliaci\u00f3n del n\u00famero de miembros permanentes del Consejo de Seguridad\u00bb, apunt\u00f3 la Presidencia de Brasil este lunes.<\/p>\n<p><strong><em>M\u00e1s informaci\u00f3n, en breve.<\/em><\/strong><\/p>\n<\/div>\n\n","protected":false},"excerpt":{"rendered":"<p>El presidente de Brasil, Luiz In\u00e1cio Lula da Silva, habl\u00f3 por tel\u00e9fono este lunes con su par de EE.UU., Donald Trump, sobre la relaci\u00f3n entre ambos pa\u00edses y la agenda global, particularmente sobre Venezuela. Lula \u00abdestac\u00f3 la importancia de preservar la paz y la estabilidad en la regi\u00f3n y trabajar por el bienestar del pueblo &hellip;<\/p>\n","protected":false},"author":1,"featured_media":57039,"comment_status":"open","ping_status":"open","sticky":false,"template":"","format":"standard","meta":{"fifu_image_url":"https:\/\/mfes.b37m.ru\/actualidad\/public_images\/2026.01\/article\/69779b6d59bf5b2c9b41f832.jpg","fifu_image_alt":"","footnotes":""},"categories":[13],"tags":[],"class_list":["post-57037","post","type-post","status-publish","format-standard","has-post-thumbnail","","category-mundo"],"_links":{"self":[{"href":"https:\/\/noticiasveraces.com\/index.php?rest_route=\/wp\/v2\/posts\/57037","targetHints":{"allow":["GET"]}}],"collection":[{"href":"https:\/\/noticiasveraces.com\/index.php?rest_route=\/wp\/v2\/posts"}],"about":[{"href":"https:\/\/noticiasveraces.com\/index.php?rest_route=\/wp\/v2\/types\/post"}],"author":[{"embeddable":true,"href":"https:\/\/noticiasveraces.com\/index.php?rest_route=\/wp\/v2\/users\/1"}],"replies":[{"embeddable":true,"href":"https:\/\/noticiasveraces.com\/index.php?rest_route=%2Fwp%2Fv2%2Fcomments&post=57037"}],"version-history":[{"count":0,"href":"https:\/\/noticiasveraces.com\/index.php?rest_route=\/wp\/v2\/posts\/57037\/revisions"}],"wp:featuredmedia":[{"embeddable":true,"href":"https:\/\/noticiasveraces.com\/index.php?rest_route=\/wp\/v2\/media\/57039"}],"wp:attachment":[{"href":"https:\/\/noticiasveraces.com\/index.php?rest_route=%2Fwp%2Fv2%2Fmedia&parent=57037"}],"wp:term":[{"taxonomy":"category","embeddable":true,"href":"https:\/\/noticiasveraces.com\/index.php?rest_route=%2Fwp%2Fv2%2Fcategories&post=57037"},{"taxonomy":"post_tag","embeddable":true,"href":"https:\/\/noticiasveraces.com\/index.php?rest_route=%2Fwp%2Fv2%2Ftags&post=57037"}],"curies":[{"name":"wp","href":"https:\/\/api.w.org\/{rel}","templated":true}]}}