{"id":57026,"date":"2026-01-26T11:54:23","date_gmt":"2026-01-26T15:54:23","guid":{"rendered":"https:\/\/noticiasveraces.com\/?p=57026"},"modified":"2026-01-26T11:54:23","modified_gmt":"2026-01-26T15:54:23","slug":"inameh-advirtio-sobre-alto-riesgo-de-incendios-forestales","status":"publish","type":"post","link":"https:\/\/noticiasveraces.com\/?p=57026","title":{"rendered":"Inameh advirti\u00f3 sobre alto riesgo de incendios forestales"},"content":{"rendered":"<p> \n<\/p>\n<div>\n<p>El Instituto Nacional de Meteorolog\u00eda e Hidrolog\u00eda (<strong>Nombre<\/strong>) emiti\u00f3 el 26 de enero el <strong>reporte de vigilancia atmosf\u00e9rica para la semana<\/strong> en el que destac\u00f3 un <strong>alto riesgo de incendios forestales<\/strong> en algunos estados de Venezuela. <\/p>\n<div class=\"ruby-table-contents rbtoc table-fw\">\n<ul class=\"toc-content h5\">\n<li>Llegada del polvo del Sahara<\/li>\n<li>Bajas temperaturas<\/li>\n<\/ul>\n<\/div>\n<p>A trav\u00e9s de sus redes sociales, el organismo ya hab\u00eda anticipado el 24 de enero que las zonas con mayor vulnerabilidad para la propagaci\u00f3n de incendios se concentran en los estados <strong>Zulia<\/strong>, <strong>Falc\u00f3n<\/strong>, <strong>lara<\/strong>, <strong>Barinas<\/strong>, <strong>Apure<\/strong>, <strong>Cojedes<\/strong>, <strong>portugu\u00e9s<\/strong>, <strong>Gu\u00e1rico <\/strong>y <strong>el sur de Aragua<\/strong>.<\/p>\n<p>Asimismo, el bolet\u00edn del Inameh t\u00e9cnico indic\u00f3 que <strong>el riesgo se mantiene tambi\u00e9n elevado<\/strong> <strong>hacia el oriente y sur<\/strong>espec\u00edficamente en el este de Monagas, Anzo\u00e1tegui, el norte de Bol\u00edvar, noreste de Amazonas y el sur de la Guayana Esequiba. <\/p>\n<p>De acuerdo con la informaci\u00f3n del ente meteorol\u00f3gico, <strong>estas condiciones convivir\u00e1n con lluvias dispersas durante la semana<\/strong>espec\u00edficamente, prev\u00e9n acumulados pluviom\u00e9tricos que podr\u00edan alcanzar valores de entre 90 mm y 110 mm en el occidente y sur del pa\u00eds, lo que afectar\u00eda principalmente a los estados Amazonas, Zulia y la regi\u00f3n de los Andes.<\/p>\n<p>Con respecto a la din\u00e1mica atmosf\u00e9rica, el Inameh resalt\u00f3 que estas condiciones son causadas por <strong>el aporte de humedad de los vientos alisios<\/strong>. <\/p>\n<figure class=\"wp-block-image size-large\"><picture fetchpriority=\"high\" decoding=\"async\" class=\"wp-image-712943\"><source type=\"image\/webp\" srcset=\"https:\/\/eldiario.com\/wp-content\/uploads\/2024\/08\/rain-5960262-1280-1200x800.jpg.webp 1200w, https:\/\/eldiario.com\/wp-content\/uploads\/2024\/08\/rain-5960262-1280-300x200.jpg.webp 300w, https:\/\/eldiario.com\/wp-content\/uploads\/2024\/08\/rain-5960262-1280-768x512.jpg.webp 768w, https:\/\/eldiario.com\/wp-content\/uploads\/2024\/08\/rain-5960262-1280-1536x1023.jpg.webp 1536w, https:\/\/eldiario.com\/wp-content\/uploads\/2024\/08\/rain-5960262-1280-150x100.jpg.webp 150w, https:\/\/eldiario.com\/wp-content\/uploads\/2024\/08\/rain-5960262-1280.jpg.webp 1600w\" sizes=\"(max-width: 1200px) 100vw, 1200px\"\/><img fetchpriority=\"high\" decoding=\"async\" width=\"1200\" height=\"800\" src=\"https:\/\/eldiario.com\/wp-content\/uploads\/2024\/08\/rain-5960262-1280-1200x800.jpg\" alt=\"Inameh prev\u00e9 lluvias en Venezuela por el paso de la onda tropical 33\" srcset=\"https:\/\/eldiario.com\/wp-content\/uploads\/2024\/08\/rain-5960262-1280-1200x800.jpg 1200w, https:\/\/eldiario.com\/wp-content\/uploads\/2024\/08\/rain-5960262-1280-300x200.jpg 300w, https:\/\/eldiario.com\/wp-content\/uploads\/2024\/08\/rain-5960262-1280-768x512.jpg 768w, https:\/\/eldiario.com\/wp-content\/uploads\/2024\/08\/rain-5960262-1280-1536x1023.jpg 1536w, https:\/\/eldiario.com\/wp-content\/uploads\/2024\/08\/rain-5960262-1280-150x100.jpg 150w, https:\/\/eldiario.com\/wp-content\/uploads\/2024\/08\/rain-5960262-1280.jpg 1600w\" sizes=\"(max-width: 1200px) 100vw, 1200px\"\/>\n<\/picture><figcaption class=\"wp-element-caption\">Foto: Pixabay<\/figcaption><\/figure>\n<p>Para el 26 de enero, el organismo pronostica nubosidad parcial en las regiones nororiental, centro occidental y Zulia, mientras que se espera nubosidad asociada a lluvias en \u00e1reas de Miranda, Aragua, Carabobo, Bol\u00edvar, Apure, Anzo\u00e1tegui, Monagas y M\u00e9rida.<\/p>\n<h2 id=\"llegada-del-polvo-del-sahara\" class=\"rb-heading-index-0-840841 wp-block-heading\"><strong>Llegada del polvo del Sahara<\/strong><\/h2>\n<p>Previamente, el Inameh pronostic\u00f3 que a partir del 31 de enero se espera<strong> la <\/strong><strong>presencia en proporciones leves a moderadas del polvo de Sahara<\/strong>sobre todo en el nororiente y centro del pa\u00eds.<\/p>\n<p>El organismo explic\u00f3 que el fen\u00f3meno puede incidir parcialmente en la<strong> formaci\u00f3n de nubes generadoras de lluvias<\/strong>ya que las part\u00edculas de polvo en la atm\u00f3sfera pueden alterar los procesos de condensaci\u00f3n y la din\u00e1mica clim\u00e1tica. <\/p>\n<p>El Inameh estim\u00f3 que las condiciones previstas por el polvo del Sahara pueden ser m\u00e1s notables en la franja norte costera del pa\u00eds.<\/p>\n<p>Se trata de la primera semana en la que Inameh reporta la incidencia de part\u00edculas de polvo sahariano en Venezuela. En el a\u00f1o 2025, el organismo en varias oportunidades la incidencia de este fen\u00f3meno.<\/p>\n<figure class=\"wp-block-image size-large\"><picture loading=\"lazy\" decoding=\"async\" class=\"wp-image-657859\"><source type=\"image\/webp\" srcset=\"https:\/\/eldiario.com\/wp-content\/uploads\/2024\/04\/Calima-polvo-del-Sahara-Caracas-avila-Waraira-Repano-Warairarepano-humo-montana-ciudad-EFE-1200x800.jpg.webp 1200w, https:\/\/eldiario.com\/wp-content\/uploads\/2024\/04\/Calima-polvo-del-Sahara-Caracas-avila-Waraira-Repano-Warairarepano-humo-montana-ciudad-EFE-300x200.jpg.webp 300w, https:\/\/eldiario.com\/wp-content\/uploads\/2024\/04\/Calima-polvo-del-Sahara-Caracas-avila-Waraira-Repano-Warairarepano-humo-montana-ciudad-EFE-768x512.jpg.webp 768w, https:\/\/eldiario.com\/wp-content\/uploads\/2024\/04\/Calima-polvo-del-Sahara-Caracas-avila-Waraira-Repano-Warairarepano-humo-montana-ciudad-EFE-1536x1024.jpg.webp 1536w, https:\/\/eldiario.com\/wp-content\/uploads\/2024\/04\/Calima-polvo-del-Sahara-Caracas-avila-Waraira-Repano-Warairarepano-humo-montana-ciudad-EFE-150x100.jpg.webp 150w, https:\/\/eldiario.com\/wp-content\/uploads\/2024\/04\/Calima-polvo-del-Sahara-Caracas-avila-Waraira-Repano-Warairarepano-humo-montana-ciudad-EFE.jpg.webp 1600w\" sizes=\"(max-width: 1200px) 100vw, 1200px\"\/><img loading=\"lazy\" decoding=\"async\" width=\"1200\" height=\"800\" src=\"https:\/\/eldiario.com\/wp-content\/uploads\/2024\/04\/Calima-polvo-del-Sahara-Caracas-avila-Waraira-Repano-Warairarepano-humo-montana-ciudad-EFE-1200x800.jpg\" alt=\"Polvo del Sahara\" srcset=\"https:\/\/eldiario.com\/wp-content\/uploads\/2024\/04\/Calima-polvo-del-Sahara-Caracas-avila-Waraira-Repano-Warairarepano-humo-montana-ciudad-EFE-1200x800.jpg 1200w, https:\/\/eldiario.com\/wp-content\/uploads\/2024\/04\/Calima-polvo-del-Sahara-Caracas-avila-Waraira-Repano-Warairarepano-humo-montana-ciudad-EFE-300x200.jpg 300w, https:\/\/eldiario.com\/wp-content\/uploads\/2024\/04\/Calima-polvo-del-Sahara-Caracas-avila-Waraira-Repano-Warairarepano-humo-montana-ciudad-EFE-768x512.jpg 768w, https:\/\/eldiario.com\/wp-content\/uploads\/2024\/04\/Calima-polvo-del-Sahara-Caracas-avila-Waraira-Repano-Warairarepano-humo-montana-ciudad-EFE-1536x1024.jpg 1536w, https:\/\/eldiario.com\/wp-content\/uploads\/2024\/04\/Calima-polvo-del-Sahara-Caracas-avila-Waraira-Repano-Warairarepano-humo-montana-ciudad-EFE-150x100.jpg 150w, https:\/\/eldiario.com\/wp-content\/uploads\/2024\/04\/Calima-polvo-del-Sahara-Caracas-avila-Waraira-Repano-Warairarepano-humo-montana-ciudad-EFE.jpg 1600w\" sizes=\"auto, (max-width: 1200px) 100vw, 1200px\"\/>\n<\/picture><figcaption class=\"wp-element-caption\">Foto: EFE\/ Miguel Guti\u00e9rrez\/Archivo<\/figcaption><\/figure>\n<p>El polvo del Sahara es una <strong>masa de aire seco cargado de part\u00edculas de arena, minerales y suciedad. <\/strong><\/p>\n<p>La presencia de este fen\u00f3meno genera la reducci\u00f3n de la calidad del aire, adem\u00e1s puede incidir en la disminuci\u00f3n de la visibilidad y limita la formaci\u00f3n de nubes en los territorios.<\/p>\n<h2 id=\"bajas-temperaturas\" class=\"rb-heading-index-1-840841 wp-block-heading\"><strong>Bajas temperaturas<\/strong><\/h2>\n<p>Por otra parte, el Inameh inform\u00f3 previamente que <strong>el <\/strong><strong>patr\u00f3n de bajas temperaturas podr\u00eda extenderse hasta inicios de febrero<\/strong>debido al tr\u00e1nsito de un frente fr\u00edo por el mar Caribe el cual ha sido impulsado por la intensidad de los vientos alisios hacia la cordillera de la costa.<\/p>\n<p>De acuerdo con el bolet\u00edn del ente, el comportamiento del clima en algunos estados del pa\u00eds, ha estado marcado por un<strong> descenso sostenido de los term\u00f3metros<\/strong> que ha superado las proyecciones estacionales habituales. <\/p>\n<p>El Inameh ha registrado temperaturas m\u00ednimas de entre 14\u00b0C y 15\u00b0C en Caracas, mientras que la periferia y los sectores de mayor altitud han reportado registros a\u00fan m\u00e1s bajos. En zonas como El Hatillo, Galip\u00e1n y los Altos Mirandinos, el term\u00f3metro ha descendido hasta los 12\u00b0C. <\/p>\n<p>Esta situaci\u00f3n clim\u00e1tica tiene su origen en la fase activa del fen\u00f3meno de <strong>La Ni\u00f1a<\/strong>como lo revel\u00f3 el Inameh en diciembre de 2025 al calificarlo del responsable directo de que este inicio de a\u00f1o fuera m\u00e1s fr\u00edo de lo usual.<\/p>\n<p><!-- CONTENT END 1 -->\n<\/div>\n<p><script async src=\"\/\/www.instagram.com\/embed.js\"><\/script><br \/>\n<br \/>\n","protected":false},"excerpt":{"rendered":"<p>El Instituto Nacional de Meteorolog\u00eda e Hidrolog\u00eda (Nombre) emiti\u00f3 el 26 de enero el reporte de vigilancia atmosf\u00e9rica para la semana en el que destac\u00f3 un alto riesgo de incendios forestales en algunos estados de Venezuela. Llegada del polvo del Sahara Bajas temperaturas A trav\u00e9s de sus redes sociales, el organismo ya hab\u00eda anticipado el &hellip;<\/p>\n","protected":false},"author":1,"featured_media":57028,"comment_status":"open","ping_status":"open","sticky":false,"template":"","format":"standard","meta":{"fifu_image_url":"https:\/\/eldiario.com\/wp-content\/uploads\/2024\/10\/87c2dfcdfcf9c8ad19368f00a04ea06a22ac6407.jpg","fifu_image_alt":"","footnotes":""},"categories":[4],"tags":[],"class_list":["post-57026","post","type-post","status-publish","format-standard","has-post-thumbnail","","category-historias-destacadas"],"_links":{"self":[{"href":"https:\/\/noticiasveraces.com\/index.php?rest_route=\/wp\/v2\/posts\/57026","targetHints":{"allow":["GET"]}}],"collection":[{"href":"https:\/\/noticiasveraces.com\/index.php?rest_route=\/wp\/v2\/posts"}],"about":[{"href":"https:\/\/noticiasveraces.com\/index.php?rest_route=\/wp\/v2\/types\/post"}],"author":[{"embeddable":true,"href":"https:\/\/noticiasveraces.com\/index.php?rest_route=\/wp\/v2\/users\/1"}],"replies":[{"embeddable":true,"href":"https:\/\/noticiasveraces.com\/index.php?rest_route=%2Fwp%2Fv2%2Fcomments&post=57026"}],"version-history":[{"count":0,"href":"https:\/\/noticiasveraces.com\/index.php?rest_route=\/wp\/v2\/posts\/57026\/revisions"}],"wp:featuredmedia":[{"embeddable":true,"href":"https:\/\/noticiasveraces.com\/index.php?rest_route=\/wp\/v2\/media\/57028"}],"wp:attachment":[{"href":"https:\/\/noticiasveraces.com\/index.php?rest_route=%2Fwp%2Fv2%2Fmedia&parent=57026"}],"wp:term":[{"taxonomy":"category","embeddable":true,"href":"https:\/\/noticiasveraces.com\/index.php?rest_route=%2Fwp%2Fv2%2Fcategories&post=57026"},{"taxonomy":"post_tag","embeddable":true,"href":"https:\/\/noticiasveraces.com\/index.php?rest_route=%2Fwp%2Fv2%2Ftags&post=57026"}],"curies":[{"name":"wp","href":"https:\/\/api.w.org\/{rel}","templated":true}]}}