{"id":57023,"date":"2026-01-26T10:54:22","date_gmt":"2026-01-26T14:54:22","guid":{"rendered":"https:\/\/noticiasveraces.com\/?p=57023"},"modified":"2026-01-26T10:54:22","modified_gmt":"2026-01-26T14:54:22","slug":"venezuela-foro-penal-senala-total-de-266-excarcelaciones-verificadas-de-personas-consideradas-presos-politicos","status":"publish","type":"post","link":"https:\/\/noticiasveraces.com\/?p=57023","title":{"rendered":"Venezuela: Foro Penal se\u00f1ala total de 266 excarcelaciones verificadas de personas consideradas presos pol\u00edticos"},"content":{"rendered":"<p> \n<br \/><img decoding=\"async\" src=\"https:\/\/s.france24.com\/media\/display\/25772afa-fabf-11f0-a705-005056a97e36\/w:1024\/p:16x9\/2026-01-25T205119Z-904362986-RC2E8JA5992V-RTRMADP-3-USA-VENEZUELA-PRISONERS.jpg\" \/><\/p>\n<div>\n<p>Se trata del mayor n\u00famero de personas excarceladas en un solo d\u00eda desde que Caracas anunci\u00f3 una significativa cifra de liberaciones de las c\u00e1rceles del pa\u00eds, tras los ataques de Estados Unidos que terminaron con la captura del presidente Nicol\u00e1s Maduro.<\/p>\n<p style=\"text-align:justify\"><strong>Al menos 104 personas salieron el domingo 25 de enero<\/strong> de prisiones de todo el pa\u00eds y es probable que se produzcan m\u00e1s excarcelaciones, declar\u00f3 Alfredo Romero, director del grupo venezolano de derechos humanos Foro Penal.<\/p>\n<p style=\"text-align:justify\">\u00abSer\u00eda ideal que el Gobierno publicara las listas de los liberados\u00bb, subray\u00f3 Romero.<\/p>\n<p style=\"text-align:justify\"><strong>Sumadas a las excarcelaciones de las \u00faltimas semanas, la ONG destac\u00f3 que ha podido confirmar un total de 266 salidas de prisi\u00f3n <\/strong>de se\u00f1aldados de ser adversarios de Caracas.<\/p>\n<div id=\"em-WBMZ365138-F24-ES-20260126\" class=\"m-em-flash\" data-xtwitter-script=\"\"><figcaption class=\"a-figcaption\">\n<\/figcaption><div class=\"o-em-consent \">\n<div class=\"o-em-consent__content\">\n<p class=\"o-em-consent__content__text\">Para mostrar este contenido de X (Twitter), debe autorizar las cookies de medici\u00f3n de audiencia y publicidad.<\/p>\n<p>        <button class=\"a-master-button a-master-button--dark\" data-action=\"accept\"><\/p>\n<p>            Aceptar<\/p>\n<p>  <svg class=\"a-svg a-svg--icon-check\">\n    <use xlink:href=\"http:\/\/www.france24.com\/build\/images\/svg\/sprite.17415c6ec01e4a8b145df03c806104d3.svg#icon-check\" href=\"http:\/\/www.france24.com\/build\/images\/svg\/sprite.17415c6ec01e4a8b145df03c806104d3.svg#icon-check\"\/>\n  <\/svg><br \/>\n        <\/button><br \/>\n        <button class=\"a-link\" data-action=\"manage\">Gestionar mis opciones<i class=\"a-svg a-svg--icon-edit\"\/><\/button>\n    <\/div>\n<\/div>\n<\/div>\n<p style=\"text-align:justify\">La presidenta encargada de Venezuela, Delcy Rodr\u00edguez, anunci\u00f3 el pasado viernes 23 de enero la liberaci\u00f3n de 626 personas, sin especificar el plazo de esas liberaciones.<\/p>\n<p style=\"text-align:justify\">Hasta la semana pasada, Foro Penal hab\u00eda confirmado la liberaci\u00f3n de tan solo 156 ciudadanos, tanto extranjeros como nacionales, considerados presos pol\u00edticos en Venezuela, desde el 8 de enero cuando el presidente de la Asamblea, Jorge Rodr\u00edguez, anunci\u00f3 las excarcelaciones como \u201cgesto de paz\u201d unilateral.<\/p>\n<p style=\"text-align:justify\">Pero desde entonces, los familiares de los detenidos han remarcado que las liberaciones han transcurrido a cuentagotas. Hasta el pasado 5 de enero, seg\u00fan datos de Foro Penal, 806 adversarios del Gobierno continuaban retenidos en prisiones de todo el pa\u00eds.<\/p>\n<p style=\"text-align:justify\">Rodr\u00edguez anunci\u00f3 que este lunes se reunir\u00e1 con el Alto Comisionado de Naciones Unidas para los Derechos Humanos, Volker Turk, para solicitar a la ONU que verifique las listas de los liberados hasta la fecha en el pa\u00eds.<\/p>\n<h2><strong>Venezuela no supo usar defensas antia\u00e9reas durante la captura de Maduro: Rusia<\/strong><\/h2>\n<p style=\"text-align:justify\">El embajador ruso en Venezuela, Sergu\u00e9i Melik-Bagdas\u00e1rov, asegur\u00f3 este lunes que Caracas efectu\u00f3 dos disparos con las bater\u00edas antia\u00e9reas rusas contra las tropas estadounidenses durante la operaci\u00f3n de captura del presidente Nicol\u00e1s Maduro, pero fallaron por falta de capacitaci\u00f3n del personal militar venezolano.<\/p>\n<p style=\"text-align:justify\">\u00abAdem\u00e1s de tener una ametralladora en las manos, hay que saber dispararla\u00bb, asegur\u00f3 en una entrevista con el canal Rossia 24.<\/p>\n<p style=\"text-align:justify\">El diplom\u00e1tico responsabiliz\u00f3 a los militares venezolanos de no contar con la \u00abcapacitaci\u00f3n suficiente\u00bb para manejar los sistemas de defensa antia\u00e9rea rusos Igl\u00e1, que seg\u00fan \u00e9l fallaron durante la operaci\u00f3n militar estadounidense del pasado 3 de enero.<\/p>\n<p style=\"text-align:justify\">Explic\u00f3 que le comunicaron que \u00abhubo al menos dos disparos (por parte de los sistemas de defensa rusos) y ambos fallaron su objetivo\u00bb.<\/p>\n<p>Con todo, Melik-Bagdas\u00e1rov asegur\u00f3 que la cooperaci\u00f3n militar contin\u00faa, que \u00abno se ha cancelado\u00bb, que Rusia sigue cumpliendo con sus compromisos y que el mantenimiento de los sistemas de armas rusos en el pa\u00eds latinoamericano continuar\u00e1 durante d\u00e9cadas.<\/p>\n<p style=\"text-align:justify\">Tras la captura de Maduro, los medios internacionales se preguntaron acerca de la operatividad y efectividad de los sistemas de defensa antia\u00e9rea que Rusia le hab\u00eda suministrado con anterioridad a Venezuela.<\/p>\n<p style=\"text-align:justify\">El secretario de Guerra de Estados Unidos, Pete Hegseth, insinu\u00f3 en su momento que la defensa antia\u00e9rea rusa se mostr\u00f3 insuficiente, y es que las bater\u00edas S-300 y los sistemas Buk fueron inutilizados por los sistemas de lucha radioelectr\u00f3nica.<\/p>\n<p style=\"text-align:justify\">De este modo, el Kremlin qued\u00f3 en evidencia como exportador de seguridad al no poder garantizar la defensa de los reg\u00edmenes autoritarios que tiene por aliados<\/p>\n<p style=\"text-align:justify\">Hoy mismo, el portavoz del Kremlin, Dmitri Peskov, defendi\u00f3 que Rusia est\u00e1 interesada en continuar con su inversi\u00f3n en Venezuela.<\/p>\n<p style=\"text-align:justify\">\u00abTenemos varios proyectos que nos interesa continuar\u00bb, inform\u00f3 defendiendo que Rusia \u00abha mantenido contacto constante con los l\u00edderes venezolanos a diario desde el principio\u00bb y que \u00abconoce bien\u00bb a la presidenta encarga de Venezuela, Delcy Rodr\u00edguez.<\/p>\n<p>El a\u00f1o pasado Rusia comunic\u00f3 haber construido una f\u00e1brica de munici\u00f3n para fusiles Kal\u00e1shnikov y estar en proceso otra de fusiles de asalto en el pa\u00eds latinoamericano, donde ya contaba con otras plantas de industria militar.<\/p>\n<p style=\"text-align:justify\">Con Reuters y EFE<\/p>\n<\/p><\/div>\n\n","protected":false},"excerpt":{"rendered":"<p>Se trata del mayor n\u00famero de personas excarceladas en un solo d\u00eda desde que Caracas anunci\u00f3 una significativa cifra de liberaciones de las c\u00e1rceles del pa\u00eds, tras los ataques de Estados Unidos que terminaron con la captura del presidente Nicol\u00e1s Maduro. Al menos 104 personas salieron el domingo 25 de enero de prisiones de todo &hellip;<\/p>\n","protected":false},"author":1,"featured_media":57025,"comment_status":"open","ping_status":"open","sticky":false,"template":"","format":"standard","meta":{"fifu_image_url":"https:\/\/s.france24.com\/media\/display\/25772afa-fabf-11f0-a705-005056a97e36\/w:1280\/p:16x9\/2026-01-25T205119Z-904362986-RC2E8JA5992V-RTRMADP-3-USA-VENEZUELA-PRISONERS.jpg","fifu_image_alt":"","footnotes":""},"categories":[13],"tags":[],"class_list":["post-57023","post","type-post","status-publish","format-standard","has-post-thumbnail","","category-mundo"],"_links":{"self":[{"href":"https:\/\/noticiasveraces.com\/index.php?rest_route=\/wp\/v2\/posts\/57023","targetHints":{"allow":["GET"]}}],"collection":[{"href":"https:\/\/noticiasveraces.com\/index.php?rest_route=\/wp\/v2\/posts"}],"about":[{"href":"https:\/\/noticiasveraces.com\/index.php?rest_route=\/wp\/v2\/types\/post"}],"author":[{"embeddable":true,"href":"https:\/\/noticiasveraces.com\/index.php?rest_route=\/wp\/v2\/users\/1"}],"replies":[{"embeddable":true,"href":"https:\/\/noticiasveraces.com\/index.php?rest_route=%2Fwp%2Fv2%2Fcomments&post=57023"}],"version-history":[{"count":0,"href":"https:\/\/noticiasveraces.com\/index.php?rest_route=\/wp\/v2\/posts\/57023\/revisions"}],"wp:featuredmedia":[{"embeddable":true,"href":"https:\/\/noticiasveraces.com\/index.php?rest_route=\/wp\/v2\/media\/57025"}],"wp:attachment":[{"href":"https:\/\/noticiasveraces.com\/index.php?rest_route=%2Fwp%2Fv2%2Fmedia&parent=57023"}],"wp:term":[{"taxonomy":"category","embeddable":true,"href":"https:\/\/noticiasveraces.com\/index.php?rest_route=%2Fwp%2Fv2%2Fcategories&post=57023"},{"taxonomy":"post_tag","embeddable":true,"href":"https:\/\/noticiasveraces.com\/index.php?rest_route=%2Fwp%2Fv2%2Ftags&post=57023"}],"curies":[{"name":"wp","href":"https:\/\/api.w.org\/{rel}","templated":true}]}}