{"id":57015,"date":"2026-01-26T07:51:15","date_gmt":"2026-01-26T11:51:15","guid":{"rendered":"https:\/\/noticiasveraces.com\/?p=57015"},"modified":"2026-01-26T07:51:15","modified_gmt":"2026-01-26T11:51:15","slug":"delcy-nos-debe-unir-la-paz-y-la-tranquilidad-de-la-patria","status":"publish","type":"post","link":"https:\/\/noticiasveraces.com\/?p=57015","title":{"rendered":"Delcy: nos debe unir la paz y la tranquilidad de la patria"},"content":{"rendered":"<p> \n<\/p>\n<div>\n<p>La noticia del d\u00eda es la visita de la presidenta encargada Delcy Rodr\u00edguez a los trabjadores petroleros de Puerto La Cruz. Primero se reuni\u00f3 con los viceministros de hidrocarburos y la junta directiva de Pdvsa para evaluar el esquema productivo para el a\u00f1o 2026. Hablaron sobre t\u00e1cticas operativas necesarias para consolidar el crecimiento sostenido de la industria petrolera nacional, con foco en la recuperaci\u00f3n de pozos y la optimizaci\u00f3n de las refiner\u00edas nacionales.<\/p>\n<p>Luego sali\u00f3 a encontrarse con los trabajadores. Les agradeci\u00f3 por su trabjao y por echarle pierna dur\u00edsimo para elevar la producci\u00f3n a\u00fan en las circunstacias m\u00e1s dif\u00edciles.<\/p>\n<p>Tambi\u00e9n hizo una reflexi\u00f3n pol\u00edtica en el mismo tono en que lo ha venido haciendo todos estos d\u00edas. En la situaci\u00f3n actual Venezuela necesita unirse y lo que nos une es la paz, garantizar la paz. Reiter\u00f3 que la relaci\u00f3n con Estados Undos se lleva con dignidad y diplomacia.<\/p>\n<p><em>\u201cVamos cara a cara con el gobierno de Estados Unidos, vamos a resolver nuestras diferencias, nuestras controversias hist\u00f3ricas a trav\u00e9s de la diplomacia bolivariana; no tenemos miedo, porque si algo debemos unirnos como pueblo es garantizar la paz y la tranquilidad de esta patria\u201d.<\/em><\/p>\n<h2 class=\"wp-block-heading\">Oraci\u00f3n por Nicol\u00e1s y Cilia<\/h2>\n<figure class=\"wp-block-image\"><img decoding=\"async\" class=\"lazyload\" src=\"https:\/\/substackcdn.com\/image\/fetch\/$s_!H_iK!,w_1456,c_limit,f_auto,q_auto:good,fl_progressive:steep\/https%3A%2F%2Fsubstack-post-media.s3.amazonaws.com%2Fpublic%2Fimages%2F3825fc73-5fbd-44d0-ae3f-82cd6851ea05_696x418.jpeg\" alt=\"\"\/><img decoding=\"async\" class=\"lazyload\" src=\"https:\/\/substackcdn.com\/image\/fetch\/$s_!H_iK!,w_1456,c_limit,f_auto,q_auto:good,fl_progressive:steep\/https%3A%2F%2Fsubstack-post-media.s3.amazonaws.com%2Fpublic%2Fimages%2F3825fc73-5fbd-44d0-ae3f-82cd6851ea05_696x418.jpeg\" alt=\"\"\/><\/figure>\n<p>Anoche en todas las plazas Bol\u00edvar del pa\u00eds se llev\u00f3 a cabo una oraci\u00f3n ecum\u00e9nica por la liberaci\u00f3n del presidente Nicol\u00e1s Maduro y la primera dama Cilia Flores. Tambi\u00e9n se pidi\u00f3 por la paz, en l\u00ednea con el discurso de la presidenta encargada. Nicolasito Maduro encabez\u00f3 la oraci\u00f3n en Caracas junto a la alcaldesa Carmen Mel\u00e9ndez y el jefe de gobierno Nahum Fern\u00e1ndez.<\/p>\n<p><em>\u201cElevamos una oraci\u00f3n por la paz, por el amor, por la diplomacia, por el entendimiento y para que Venezuela salga adelante como una naci\u00f3n pr\u00f3spera, soberana y con dignidad\u201d.<\/em><\/p>\n<h2 class=\"wp-block-heading\">Progresistas latinoamericanos levantan la voz<\/h2>\n<p>El fin de semana hubo un encuentro pol\u00edtico importante en Bogot\u00e1. Representantes de movimientos progresistas de 20 pa\u00edses se reunieron y condenaron la agresi\u00f3n gringa contra Venezuela. Tambi\u00e9n advirtieron que se trata de una escalada contra nuestra regi\u00f3n.<\/p>\n<p><em>\u201cEl problema que enfrentamos es una emergencia: la reactivaci\u00f3n de una doctrina que pretende convertir a Am\u00e9rica Latina en una esfera de control exclusivo\u201d.<\/em><\/p>\n<p>La conclusi\u00f3n es algo que t\u00fa y yo sabemos desde hace a\u00f1os: lo que hay que hacer es unirse en todos los frentes para darle la cara a la ofensiva imperialista gringa. As\u00ed lo dice la declaraci\u00f3n final del foro: \u201cLa soberan\u00eda no se defiende con aislamiento, sino con acci\u00f3n colectiva\u201d.<\/p>\n<h2 class=\"wp-block-heading\">Rusia nos apoya<\/h2>\n<p>El gobienro ruso ha sido consecuente en su apoyo y solidaridad con Venezuela desde el mismo momento de la agresi\u00f3n. Muchas veces han condenado la \u201cbrutal invasi\u00f3n armada\u201d, como ellos bien la llaman y siguen exigiendo la liberaci\u00f3n inmediata de Maduro y Cilia. Ayer el vicecanciller ruso Serguei Riabkov habl\u00f3 bastante claro:<\/p>\n<p><em>\u201cEl mero hecho de que un presidente de un Estado pudiera ser objeto de acciones tan arbitrarias e ilegales por parte de otro pa\u00eds es totalmente inaceptable. Planteamos en toda su dimensi\u00f3n la cuesti\u00f3n de su liberaci\u00f3n\u201d.<\/em><\/p>\n<h2 class=\"wp-block-heading\">M\u00e1s noticias \ud83d\udcdd<\/h2>\n<h2 class=\"wp-block-heading\">Tipo de cambio<\/h2>\n<p>El Banco Central de Venezuela inform\u00f3 que las mesas de cambio del viernes arrojaron un promedio de <strong>355,55 bol\u00edvares por d\u00f3lar.<\/strong> Recuerda que esta es la \u00fanica tasa v\u00e1lida para cualquier transacci\u00f3n del d\u00eda de hoy.<\/p>\n<figure class=\"wp-block-image\"><img decoding=\"async\" class=\"lazyload\" src=\"https:\/\/substackcdn.com\/image\/fetch\/$s_!q6iw!,w_1456,c_limit,f_auto,q_auto:good,fl_progressive:steep\/https%3A%2F%2Fsubstack-post-media.s3.amazonaws.com%2Fpublic%2Fimages%2F879f2900-e37a-411a-87a7-6e9b647b7fbf_1280x1280.webp\" alt=\"Puede ser una imagen de texto que diga \" bcv=\"\" banco=\"\" central=\"\" de=\"\" venezuela=\"\" tipo=\"\" camblo=\"\" referencia=\"\" el=\"\" cambio=\"\" publicado=\"\" por=\"\" es=\"\" promedio=\"\" ponderado=\"\" resultante=\"\" las=\"\" operaciones=\"\" diarias=\"\" mesas=\"\" activas=\"\" instituciones=\"\" bancarias=\"\" participantes.=\"\" bs=\"\" eur=\"\" cny=\"\" moco=\"\" p=\"\" try=\"\" rub=\"\" usd=\"\" www.bcw.org.ve=\"\" fecha=\"\" valor:=\"\" lunes=\"\" enero=\"\" ong=\"\" ve=\"\" https:=\"\" https=\"\" me=\"\" title=\"Puede ser una imagen de texto que diga \"\/><img decoding=\"async\" class=\"lazyload\" src=\"https:\/\/substackcdn.com\/image\/fetch\/$s_!q6iw!,w_1456,c_limit,f_auto,q_auto:good,fl_progressive:steep\/https%3A%2F%2Fsubstack-post-media.s3.amazonaws.com%2Fpublic%2Fimages%2F879f2900-e37a-411a-87a7-6e9b647b7fbf_1280x1280.webp\" alt=\"Puede ser una imagen de texto que diga \" bcv=\"\" banco=\"\" central=\"\" de=\"\" venezuela=\"\" tipo=\"\" camblo=\"\" referencia=\"\" el=\"\" cambio=\"\" publicado=\"\" por=\"\" es=\"\" promedio=\"\" ponderado=\"\" resultante=\"\" las=\"\" operaciones=\"\" diarias=\"\" mesas=\"\" activas=\"\" instituciones=\"\" bancarias=\"\" participantes.=\"\" bs=\"\" eur=\"\" cny=\"\" moco=\"\" p=\"\" try=\"\" rub=\"\" usd=\"\" www.bcw.org.ve=\"\" fecha=\"\" valor:=\"\" lunes=\"\" enero=\"\" ong=\"\" ve=\"\" https:=\"\" https=\"\" me=\"\" title=\"Puede ser una imagen de texto que diga \"\/><\/figure>\n<h2 class=\"wp-block-heading\">Cuba se prepara<\/h2>\n<figure class=\"wp-block-image\"><img decoding=\"async\" class=\"lazyload\" src=\"https:\/\/substackcdn.com\/image\/fetch\/$s_!ca44!,w_1456,c_limit,f_auto,q_auto:good,fl_progressive:steep\/https%3A%2F%2Fsubstack-post-media.s3.amazonaws.com%2Fpublic%2Fimages%2F50c1d7a3-befb-45d4-b746-9630ef60312c_900x571.jpeg\" alt=\"\"\/><img decoding=\"async\" class=\"lazyload\" src=\"https:\/\/substackcdn.com\/image\/fetch\/$s_!ca44!,w_1456,c_limit,f_auto,q_auto:good,fl_progressive:steep\/https%3A%2F%2Fsubstack-post-media.s3.amazonaws.com%2Fpublic%2Fimages%2F50c1d7a3-befb-45d4-b746-9630ef60312c_900x571.jpeg\" alt=\"\"\/><\/figure>\n<p>En Cuba se est\u00e1n preparando para una agresi\u00f3n de Estados Unidos. El fin de semana hubo una jornada de ejercicios militares que incluyeron maniobras t\u00e1cticas con unidades de tanques, pr\u00e1cticas de tiro de alta precisi\u00f3n y el despliegue de dispositivos de minado. La cosa est\u00e1 delicada y despu\u00e9s de lo que nos hicieron a nosotros los dem\u00e1s pa\u00edses se est\u00e1n tomando m\u00e1s en serio que nunca las amenazas gringas.<\/p>\n<h2 class=\"wp-block-heading\">Ir\u00e1n en la mira<\/h2>\n<p>Otro pa\u00eds que est\u00e1 atento y en preparaci\u00f3n para una agresi\u00f3n gringa es Ir\u00e1n. Ayer lleg\u00f3 a Medio Oriente el portaaviones Abraham Lincoln, muy cerca de Ir\u00e1n. Ya los militares iran\u00edes han advertido que se dar\u00e1n con todo si los agreden o si intentan hacerle al Ayatol\u00e1 Jameneni algo como lo que le hicieron a Maduro. El portavoz de las fuerzas armadas iran\u00edaes dijo en estos d\u00edas: \u201cTrump sabe que, si se extiende una mano agresiva hacia nuestro l\u00edder, no solo cortaremos esa mano, y esto no es un simple eslogan, sino que incendiaremos su mundo y no les dejaremos ning\u00fan refugio seguro en la regi\u00f3n\u201d.<\/p>\n<h2 class=\"wp-block-heading\">Trump contra la poblaci\u00f3n<\/h2>\n<p>La cosa dentro de Estados Unidos es un desastre. Trump no solamente amenaza y agrede a otros pa\u00edses, sino que arremete tambi\u00e9n contra su propia poblaci\u00f3n. El ICE, la polic\u00eda migratoria, se ha convertido en la amenaza m\u00e1s grande para la paz y la estabilidad de ese pa\u00eds. En Minneapolis, capital del estado de Minnesota, la cosa ha estado ruda. Hace dos semanas un asesino del ICE mat\u00f3 a Renee Good y eso dispar\u00f3 las protestas callejeras. Este s\u00e1bado otro asesino del ICE mat\u00f3 a Alex Pretti y la cosa \u00e9stall\u00f3. Aunque la temperatura est\u00e1 bajo cero, la gente sigue en la calle enfrentando a los matones de Trump.<\/p>\n<p>Mira esto, los gringos de Minneapolis gritando en espa\u00f1ol: \u201cEl pueblo unido jam\u00e1s ser\u00e1 vencido\u201d.<\/p>\n<figure class=\"wp-block-video\"><video height=\"360\" style=\"aspect-ratio: 640 \/ 360;\" width=\"640\" controls=\"\" src=\"https:\/\/ultimasnoticias.com.ve\/wp-content\/uploads\/2026\/01\/minneapolis.mp4\"\/><\/figure>\n<p><strong>\ud83d\udcca Lee tambi\u00e9n: <\/strong><strong>DatosUN: cuatro de cada diez est\u00e1n seguros de que EEUU invadir\u00e1 Groenlandia<\/strong><\/p>\n<h2 class=\"wp-block-heading\">\ud83d\udcfa Con\u00e9ctate ya con la nueva televisi\u00f3n<\/h2>\n<p>Y para que no te pierdas de nada, aqu\u00ed te dejo el enlace al noticiero de <strong><em>UN24, tu canal streaming con Venezuela en directo.<\/em><\/strong><\/p>\n<figure class=\"wp-block-embed is-type-video is-provider-youtube wp-block-embed-youtube wp-embed-aspect-16-9 wp-has-aspect-ratio\">\n<p> <iframe loading=\"lazy\" title=\"Noticiero UN24\" width=\"618\" height=\"348\" src=\"https:\/\/www.youtube.com\/embed\/k_s-wv4Xgms?feature=oembed\" frameborder=\"0\" allow=\"accelerometer; autoplay; clipboard-write; encrypted-media; gyroscope; picture-in-picture; web-share\" referrerpolicy=\"strict-origin-when-cross-origin\" allowfullscreen><\/iframe><\/p>\n<\/figure>\n<p><strong>\ud83d\udc49 <\/strong><strong>Suscr\u00edbete aqu\u00ed al nuevo canal de Telegram de El Informante <\/strong><strong>\ud83d\udcf2<\/strong><\/p>\n<p>Vamos con todo, mi gente. Recuerda que para mantenerte al d\u00eda, todo el d\u00eda, lo \u00fanico que tienes que hacer es conectarte con ultimasnoticias.com.ve, (@UNoticias) en X, TikTok, Threads, Facebook, Instagram, LinkedIn y tambi\u00e9n en nuestro canal de Telegram (@UNoticias). Te invito adem\u00e1s a \u00a1leer el diario impreso! Busca ya tu ejemplar de <strong>\u00daltimas Noticias.<\/strong><\/p>\n<p><strong>Y no te olvides de que la nueva televisi\u00f3n<\/strong> est\u00e1 en <strong>ONU24<\/strong><strong>,<\/strong> en directo por YouTube, NetUno Go, Inter Go, Aba TV Go, Thundernet, Fulldata, Cablepar, 360net, Datalink, Cantv Satelital, FTA de Conatel, Roku, FireTV, Rumble, Twitch, Facebook y Telegram, o baj\u00e1ndote la app para Android.<\/p>\n<p>Nos leemos de nuevo ma\u00f1ana.<\/p>\n<h4 class=\"wp-block-heading\">\u00c1ngel \ud83d\udc49\u270c<\/h4>\n<\/div>\n<p><script async src=\"\/\/www.instagram.com\/embed.js\"><\/script><script async src=\"\/\/www.tiktok.com\/embed.js\"><\/script><br \/>\n<br \/>\n","protected":false},"excerpt":{"rendered":"<p>La noticia del d\u00eda es la visita de la presidenta encargada Delcy Rodr\u00edguez a los trabjadores petroleros de Puerto La Cruz. Primero se reuni\u00f3 con los viceministros de hidrocarburos y la junta directiva de Pdvsa para evaluar el esquema productivo para el a\u00f1o 2026. Hablaron sobre t\u00e1cticas operativas necesarias para consolidar el crecimiento sostenido de &hellip;<\/p>\n","protected":false},"author":1,"featured_media":57017,"comment_status":"open","ping_status":"open","sticky":false,"template":"","format":"standard","meta":{"fifu_image_url":"https:\/\/ultimasnoticias.com.ve\/wp-content\/uploads\/2026\/01\/delcy-petrolera.jpg","fifu_image_alt":"","footnotes":""},"categories":[13],"tags":[],"class_list":["post-57015","post","type-post","status-publish","format-standard","has-post-thumbnail","","category-mundo"],"_links":{"self":[{"href":"https:\/\/noticiasveraces.com\/index.php?rest_route=\/wp\/v2\/posts\/57015","targetHints":{"allow":["GET"]}}],"collection":[{"href":"https:\/\/noticiasveraces.com\/index.php?rest_route=\/wp\/v2\/posts"}],"about":[{"href":"https:\/\/noticiasveraces.com\/index.php?rest_route=\/wp\/v2\/types\/post"}],"author":[{"embeddable":true,"href":"https:\/\/noticiasveraces.com\/index.php?rest_route=\/wp\/v2\/users\/1"}],"replies":[{"embeddable":true,"href":"https:\/\/noticiasveraces.com\/index.php?rest_route=%2Fwp%2Fv2%2Fcomments&post=57015"}],"version-history":[{"count":0,"href":"https:\/\/noticiasveraces.com\/index.php?rest_route=\/wp\/v2\/posts\/57015\/revisions"}],"wp:featuredmedia":[{"embeddable":true,"href":"https:\/\/noticiasveraces.com\/index.php?rest_route=\/wp\/v2\/media\/57017"}],"wp:attachment":[{"href":"https:\/\/noticiasveraces.com\/index.php?rest_route=%2Fwp%2Fv2%2Fmedia&parent=57015"}],"wp:term":[{"taxonomy":"category","embeddable":true,"href":"https:\/\/noticiasveraces.com\/index.php?rest_route=%2Fwp%2Fv2%2Fcategories&post=57015"},{"taxonomy":"post_tag","embeddable":true,"href":"https:\/\/noticiasveraces.com\/index.php?rest_route=%2Fwp%2Fv2%2Ftags&post=57015"}],"curies":[{"name":"wp","href":"https:\/\/api.w.org\/{rel}","templated":true}]}}