{"id":57012,"date":"2026-01-26T06:49:41","date_gmt":"2026-01-26T10:49:41","guid":{"rendered":"https:\/\/noticiasveraces.com\/?p=57012"},"modified":"2026-01-26T06:49:41","modified_gmt":"2026-01-26T10:49:41","slug":"saime-extendio-operativo-de-cedulacion-sin-previa-cita-hasta-el-30-de-enero","status":"publish","type":"post","link":"https:\/\/noticiasveraces.com\/?p=57012","title":{"rendered":"Saime extendi\u00f3 operativo de cedulaci\u00f3n sin previa cita hasta el 30 de enero"},"content":{"rendered":"<p> \n<\/p>\n<div>\n<p>El Servicio Administrativo de Identificaci\u00f3n, Migraci\u00f3n y Extranjer\u00eda (Saime) anunci\u00f3 un <strong>operativo especial de cedulaci\u00f3n sin cita previa en sus oficinas en el territorio nacional <\/strong>desde el lunes 26 al viernes 30 de enero.<\/p>\n<div class=\"ruby-table-contents rbtoc table-fw\">\n<ul class=\"toc-content h5\">\n<li>Verificaci\u00f3n de datos en todo el pa\u00eds <\/li>\n<li>Dudas y consultas sobre tr\u00e1mites del Saime <\/li>\n<\/ul>\n<\/div>\n<p>Se trata de una extensi\u00f3n de la jornada anunciada por el Saime y que finalizaba el 23 de enero. <\/p>\n<p>De acuerdo con el organismo, el operativo se realizar\u00e1 en el horario comprendido <strong>entre las 8:00 am y las 5:00 pm para ciudadanos mayores de 18 a\u00f1os de edad, <\/strong>cuyo rango de c\u00e9dula se encuentre a partir de los 22 millones para optar por la verificaci\u00f3n de sus datos.<\/p>\n<blockquote data-service=\"instagram\" data-category=\"marketing\" data-placeholder-image=\"https:\/\/eldiario.com\/wp-content\/plugins\/complianz-gdpr-premium\/assets\/images\/placeholders\/instagram-minimal.jpg\" class=\"cmplz-placeholder-element instagram-media\" data-instgrm-permalink=\"https:\/\/www.instagram.com\/reel\/DT6NGuwEw3e\/?utm_source=ig_embed&amp;utm_campaign=loading\" data-instgrm-version=\"14\" style=\"background:#FFF;border:0;border-radius:3px;margin: 1px;max-width:540px;min-width:326px;padding:0;width:99.375%;width:-webkit-calc(100% - 2px);width:calc(100% - 2px)\"\/>\n<p>Este ser\u00eda el tercer operativo de este tipo que el Saime realiza este a\u00f1o, el primero fue el 17 de enero. <\/p>\n<p><strong>\u00bfCu\u00e1les son los requisitos para asistir a la jornada de cedulaci\u00f3n del Saime?<\/strong><\/p>\n<p>El Saime tambi\u00e9n precis\u00f3 los <strong>requisitos que requieren los venezolanos y naturalizados<\/strong> que asistan a la jornada:<\/p>\n<p>Ciudadanos venezolanos: Copia simple del acta de nacimiento.<\/p>\n<p>Ciudadanos naturalizados: Copia de la Gaceta Oficial o Constancia de Naturalizaci\u00f3n.<\/p>\n<h2 id=\"verificacion-de-datos-en-todo-el-paisnbsp\" class=\"rb-heading-index-0-840701 wp-block-heading\"><strong>Verificaci\u00f3n de datos en todo el pa\u00eds <\/strong><\/h2>\n<figure class=\"wp-block-image size-large is-resized\"><picture fetchpriority=\"high\" decoding=\"async\" class=\"wp-image-389333\" style=\"aspect-ratio:1.4990600055475083;width:839px;height:auto\"><source type=\"image\/webp\" srcset=\"https:\/\/eldiario.com\/wp-content\/uploads\/2022\/08\/27-Travesia-pasaporte-cedula-oficinas-saime-El-Diario-Jose-Daniel-Ramos-760x507.jpg.webp 760w, https:\/\/eldiario.com\/wp-content\/uploads\/2022\/08\/27-Travesia-pasaporte-cedula-oficinas-saime-El-Diario-Jose-Daniel-Ramos-300x200.jpg.webp 300w, https:\/\/eldiario.com\/wp-content\/uploads\/2022\/08\/27-Travesia-pasaporte-cedula-oficinas-saime-El-Diario-Jose-Daniel-Ramos-768x512.jpg.webp 768w, https:\/\/eldiario.com\/wp-content\/uploads\/2022\/08\/27-Travesia-pasaporte-cedula-oficinas-saime-El-Diario-Jose-Daniel-Ramos-1536x1024.jpg.webp 1536w, https:\/\/eldiario.com\/wp-content\/uploads\/2022\/08\/27-Travesia-pasaporte-cedula-oficinas-saime-El-Diario-Jose-Daniel-Ramos-150x100.jpg.webp 150w, https:\/\/eldiario.com\/wp-content\/uploads\/2022\/08\/27-Travesia-pasaporte-cedula-oficinas-saime-El-Diario-Jose-Daniel-Ramos.jpg.webp 1600w\" sizes=\"(max-width: 760px) 100vw, 760px\"\/><img fetchpriority=\"high\" decoding=\"async\" width=\"760\" height=\"507\" src=\"https:\/\/eldiario.com\/wp-content\/uploads\/2022\/08\/27-Travesia-pasaporte-cedula-oficinas-saime-El-Diario-Jose-Daniel-Ramos-760x507.jpg\" alt=\"jornada cedulaci\u00f3n Saime Traves\u00eda pasaporte c\u00e9dula oficinas saime ciudadanos venezolanos pasaporte c\u00e9dula extranjeros colas cita solicitud organismo oficinas documento de viaje largas cosas madrugar horas tr\u00e1mite cedulaci\u00f3n renovaci\u00f3n Servicio Administrativo de Identificaci\u00f3n, Migraci\u00f3n y Extranjer\u00eda Saime Los Ruices Saime Las Mercedes Oficina Extranjer\u00eda Coche saime sede principal centro El Diario Jose Daniel Ramos\" srcset=\"https:\/\/eldiario.com\/wp-content\/uploads\/2022\/08\/27-Travesia-pasaporte-cedula-oficinas-saime-El-Diario-Jose-Daniel-Ramos-760x507.jpg 760w, https:\/\/eldiario.com\/wp-content\/uploads\/2022\/08\/27-Travesia-pasaporte-cedula-oficinas-saime-El-Diario-Jose-Daniel-Ramos-300x200.jpg 300w, https:\/\/eldiario.com\/wp-content\/uploads\/2022\/08\/27-Travesia-pasaporte-cedula-oficinas-saime-El-Diario-Jose-Daniel-Ramos-768x512.jpg 768w, https:\/\/eldiario.com\/wp-content\/uploads\/2022\/08\/27-Travesia-pasaporte-cedula-oficinas-saime-El-Diario-Jose-Daniel-Ramos-1536x1024.jpg 1536w, https:\/\/eldiario.com\/wp-content\/uploads\/2022\/08\/27-Travesia-pasaporte-cedula-oficinas-saime-El-Diario-Jose-Daniel-Ramos-150x100.jpg 150w, https:\/\/eldiario.com\/wp-content\/uploads\/2022\/08\/27-Travesia-pasaporte-cedula-oficinas-saime-El-Diario-Jose-Daniel-Ramos.jpg 1600w\" sizes=\"(max-width: 760px) 100vw, 760px\"\/>\n<\/picture><figcaption class=\"wp-element-caption\">Foto: Jos\u00e9 Daniel Ramos @danielj2511 \/ Archivo<\/figcaption><\/figure>\n<p>El <strong>Saime mantiene vigente una convocatoria de actualizaci\u00f3n de datos<\/strong> dirigida a personas con c\u00e9dula de identidad entre 22 y 32 millones. <\/p>\n<p>El llamado se realiz\u00f3 desde el 30 de junio de 2025 para que <strong>los ciudadanos puedan renovar y actualizar sus datos,<\/strong> con el objetivo de evitar contratiempos al momento de solicitar un tr\u00e1mite en la instituci\u00f3n.<\/p>\n<p>Al presentarse a las <strong>oficinas para la actualizaci\u00f3n de los datos, <\/strong>un funcionario del Saime atender\u00e1 a los ciudadanos para verificar y confirmar su informaci\u00f3n. <\/p>\n<p>En caso de encontrar datos incorrectos o informaci\u00f3n faltante, los operadores proceder\u00e1n con la <strong>actualizaci\u00f3n del perfil de forma inmediata.<\/strong><\/p>\n<h2 id=\"dudas-y-consultas-sobre-tramites-del-saimenbsp\" class=\"rb-heading-index-1-840701 wp-block-heading\"><strong>Dudas y consultas sobre tr\u00e1mites del Saime <\/strong><\/h2>\n<figure class=\"wp-block-image size-full\"><picture loading=\"lazy\" decoding=\"async\" class=\"wp-image-797026\"><source type=\"image\/webp\" srcset=\"https:\/\/eldiario.com\/wp-content\/uploads\/2025\/06\/image-16.png.webp 1200w, https:\/\/eldiario.com\/wp-content\/uploads\/2025\/06\/image-16-300x169.png.webp 300w, https:\/\/eldiario.com\/wp-content\/uploads\/2025\/06\/image-16-768x432.png.webp 768w, https:\/\/eldiario.com\/wp-content\/uploads\/2025\/06\/image-16-860x484.png.webp 860w, https:\/\/eldiario.com\/wp-content\/uploads\/2025\/06\/image-16-150x84.png.webp 150w\" sizes=\"(max-width: 1200px) 100vw, 1200px\"\/><img loading=\"lazy\" decoding=\"async\" width=\"1200\" height=\"675\" src=\"https:\/\/eldiario.com\/wp-content\/uploads\/2025\/06\/image-16.png\" alt=\"El Saime inaugur\u00f3 el Centro de Atenci\u00f3n Telef\u00f3nica al Usuario: \u00bfc\u00f3mo funciona?\" srcset=\"https:\/\/eldiario.com\/wp-content\/uploads\/2025\/06\/image-16.png 1200w, https:\/\/eldiario.com\/wp-content\/uploads\/2025\/06\/image-16-300x169.png 300w, https:\/\/eldiario.com\/wp-content\/uploads\/2025\/06\/image-16-768x432.png 768w, https:\/\/eldiario.com\/wp-content\/uploads\/2025\/06\/image-16-860x484.png 860w, https:\/\/eldiario.com\/wp-content\/uploads\/2025\/06\/image-16-150x84.png 150w\" sizes=\"auto, (max-width: 1200px) 100vw, 1200px\"\/>\n<\/picture><figcaption class=\"wp-element-caption\">Foto de : Saime<\/figcaption><\/figure>\n<p>El Saime anunci\u00f3 el 9 de junio la inauguraci\u00f3n del Centro de Atenci\u00f3n Telef\u00f3nica al Usuario, el cual est\u00e1 dirigido a ofrecer <strong>soporte y orientaci\u00f3n<\/strong> sobre los tr\u00e1mites que se pueden solicitar en la instituci\u00f3n.<\/p>\n<p>El centro cuenta con personal para atender llamadas de usuarios de todo el territorio nacional que soliciten asesor\u00eda, as\u00ed como para recibir denuncias e inquietudes relacionadas con el servicio.<\/p>\n<p>El Centro de Atenci\u00f3n Telef\u00f3nica al Usuario del Saime habilit\u00f3 el <strong>n\u00famero 0800-7246300 (0800-Saime) <\/strong>como canal oficial para la atenci\u00f3n ciudadana. La l\u00ednea est\u00e1 disponible de lunes a viernes entre las 8:00 am y las 4:00 pm.<\/p>\n<p><!-- CONTENT END 1 -->\n<\/div>\n<p><script async src=\"\/\/www.instagram.com\/embed.js\"><\/script><br \/>\n<br \/>\n","protected":false},"excerpt":{"rendered":"<p>El Servicio Administrativo de Identificaci\u00f3n, Migraci\u00f3n y Extranjer\u00eda (Saime) anunci\u00f3 un operativo especial de cedulaci\u00f3n sin cita previa en sus oficinas en el territorio nacional desde el lunes 26 al viernes 30 de enero. Verificaci\u00f3n de datos en todo el pa\u00eds Dudas y consultas sobre tr\u00e1mites del Saime Se trata de una extensi\u00f3n de la &hellip;<\/p>\n","protected":false},"author":1,"featured_media":57014,"comment_status":"open","ping_status":"open","sticky":false,"template":"","format":"standard","meta":{"fifu_image_url":"https:\/\/eldiario.com\/wp-content\/uploads\/2022\/08\/14-Travesia-pasaporte-cedula-oficinas-saime-El-Diario-Jose-Daniel-Ramos.jpg","fifu_image_alt":"","footnotes":""},"categories":[13],"tags":[],"class_list":["post-57012","post","type-post","status-publish","format-standard","has-post-thumbnail","","category-mundo"],"_links":{"self":[{"href":"https:\/\/noticiasveraces.com\/index.php?rest_route=\/wp\/v2\/posts\/57012","targetHints":{"allow":["GET"]}}],"collection":[{"href":"https:\/\/noticiasveraces.com\/index.php?rest_route=\/wp\/v2\/posts"}],"about":[{"href":"https:\/\/noticiasveraces.com\/index.php?rest_route=\/wp\/v2\/types\/post"}],"author":[{"embeddable":true,"href":"https:\/\/noticiasveraces.com\/index.php?rest_route=\/wp\/v2\/users\/1"}],"replies":[{"embeddable":true,"href":"https:\/\/noticiasveraces.com\/index.php?rest_route=%2Fwp%2Fv2%2Fcomments&post=57012"}],"version-history":[{"count":0,"href":"https:\/\/noticiasveraces.com\/index.php?rest_route=\/wp\/v2\/posts\/57012\/revisions"}],"wp:featuredmedia":[{"embeddable":true,"href":"https:\/\/noticiasveraces.com\/index.php?rest_route=\/wp\/v2\/media\/57014"}],"wp:attachment":[{"href":"https:\/\/noticiasveraces.com\/index.php?rest_route=%2Fwp%2Fv2%2Fmedia&parent=57012"}],"wp:term":[{"taxonomy":"category","embeddable":true,"href":"https:\/\/noticiasveraces.com\/index.php?rest_route=%2Fwp%2Fv2%2Fcategories&post=57012"},{"taxonomy":"post_tag","embeddable":true,"href":"https:\/\/noticiasveraces.com\/index.php?rest_route=%2Fwp%2Fv2%2Ftags&post=57012"}],"curies":[{"name":"wp","href":"https:\/\/api.w.org\/{rel}","templated":true}]}}