{"id":57003,"date":"2026-01-26T06:12:06","date_gmt":"2026-01-26T10:12:06","guid":{"rendered":"https:\/\/noticiasveraces.com\/?p=57003"},"modified":"2026-01-26T06:12:06","modified_gmt":"2026-01-26T10:12:06","slug":"me-impidio-respirar-gritar-pedir-ayuda","status":"publish","type":"post","link":"https:\/\/noticiasveraces.com\/?p=57003","title":{"rendered":"\u00abMe impidi\u00f3 respirar, gritar, pedir ayuda&#8230;\u00bb"},"content":{"rendered":"<p> \n<\/p>\n<div>\n<p data-mrf-recirculation=\"Links P\u00e1rrafos\" class=\"ue-c-article__paragraph paragraph ue-c-article--first-letter-highlighted\"><strong>Rub\u00e9n Semedo<\/strong>futbolista portugu\u00e9s que milit\u00f3 en Reus, Villarreal y Huesca, ha recurrido a sus redes sociales para responder a las acusaciones de una mujer por malos tratos.<span\/><\/p>\n<blockquote class=\"ue-c-article__blockquote\">\n<p>Es hora de revelarlo todo, las m\u00e1scaras caer\u00e1n. \u00bfPor qu\u00e9 no trabajar para ganarlo? El dinero f\u00e1cil nunca es bueno&#8230;<\/p>\n<p><span class=\"ue-c-article__blockquote-author\">Rub\u00e9n Semedo<\/span><\/p><\/blockquote>\n<p data-mrf-recirculation=\"Links P\u00e1rrafos\" class=\"ue-c-article__paragraph paragraph\">\u00abEs hora de revelarlo todo, las m\u00e1scaras caer\u00e1n. \u00bfPor qu\u00e9 no trabajar para ganarlo? El dinero f\u00e1cil nunca es bueno&#8230;\u00bb, escribi\u00f3 el jugador de 31 a\u00f1os contestando.<span\/><\/p>\n<figure class=\"ue-c-article__media ue-c-article__media--image\">\n<div class=\"ue-c-article__media-img-container ue-l-article--expand-edge-right-until-tablet ue-l-article--expand-edge-left-until-tablet\"><picture><source type=\"image\/webp\" sizes=\"(min-width: 1010px) 660px, (min-width: 980px) calc(100vw - 350px), (min-width: 740px) calc(100vw - 320px), 100vw\" srcset=\"https:\/\/objetos-xlk.estaticos-marca.com\/files\/article_360_widen_webp\/uploads\/2026\/01\/26\/697728a81e48c.webp 360w,https:\/\/objetos-xlk.estaticos-marca.com\/files\/article_375_widen_webp\/uploads\/2026\/01\/26\/697728a81e48c.webp 375w,https:\/\/objetos-xlk.estaticos-marca.com\/files\/article_414_widen_webp\/uploads\/2026\/01\/26\/697728a81e48c.webp 414w,https:\/\/objetos-xlk.estaticos-marca.com\/files\/article_660_widen_webp\/uploads\/2026\/01\/26\/697728a81e48c.webp 660w,https:\/\/objetos-xlk.estaticos-marca.com\/files\/article_720_widen_webp\/uploads\/2026\/01\/26\/697728a81e48c.webp 720w,https:\/\/objetos-xlk.estaticos-marca.com\/files\/article_750_widen_webp\/uploads\/2026\/01\/26\/697728a81e48c.webp 750w,https:\/\/objetos-xlk.estaticos-marca.com\/files\/article_828_widen_webp\/uploads\/2026\/01\/26\/697728a81e48c.webp 828w,https:\/\/objetos-xlk.estaticos-marca.com\/files\/article_1320_widen_webp\/uploads\/2026\/01\/26\/697728a81e48c.webp 1320w\"><source type=\"image\/png\" sizes=\"(min-width: 1010px) 660px, (min-width: 980px) calc(100vw - 350px), (min-width: 740px) calc(100vw - 320px), 100vw\" srcset=\"https:\/\/objetos-xlk.estaticos-marca.com\/files\/article_360_widen\/uploads\/2026\/01\/26\/697728a81e48c.png 360w,https:\/\/objetos-xlk.estaticos-marca.com\/files\/article_375_widen\/uploads\/2026\/01\/26\/697728a81e48c.png 375w,https:\/\/objetos-xlk.estaticos-marca.com\/files\/article_414_widen\/uploads\/2026\/01\/26\/697728a81e48c.png 414w,https:\/\/objetos-xlk.estaticos-marca.com\/files\/article_660_widen\/uploads\/2026\/01\/26\/697728a81e48c.png 660w,https:\/\/objetos-xlk.estaticos-marca.com\/files\/article_720_widen\/uploads\/2026\/01\/26\/697728a81e48c.png 720w,https:\/\/objetos-xlk.estaticos-marca.com\/files\/article_750_widen\/uploads\/2026\/01\/26\/697728a81e48c.png 750w,https:\/\/objetos-xlk.estaticos-marca.com\/files\/article_828_widen\/uploads\/2026\/01\/26\/697728a81e48c.png 828w,https:\/\/objetos-xlk.estaticos-marca.com\/files\/article_1320_widen\/uploads\/2026\/01\/26\/697728a81e48c.png 1320w\"><img decoding=\"async\" width=\"823\" height=\"823\" class=\"ue-c-article__image lazyload\" alt=\"Rub\u00e9n Semedo responde a la mujer que le acusa de malos tratos\" loading=\"lazy\" src=\"https:\/\/objetos-xlk.estaticos-marca.com\/uploads\/2026\/01\/26\/697728a81e48c.png\"\/><\/source><\/source><\/picture><\/div><figcaption class=\"ue-c-article__media-caption\">\n<p><span class=\"ue-c-article__media-description\">Rub\u00e9n Semedo responde a la mujer que le acusa de malos tratos<\/span><span class=\"ue-c-article__media-source\"><span class=\"ue-c-article__media-author\">Instagram<\/span><\/span><\/p>\n<\/figcaption><\/figure>\n<p data-mrf-recirculation=\"Links P\u00e1rrafos\" class=\"ue-c-article__paragraph paragraph\">Rub\u00e9n Semedo, que actualmente juega en el AVS de Portugal, public\u00f3 este mensaje en Instagram para contestar a una mujer que se identifica en redes sociales como &#8216;P\u00e1ssaro Negro&#8217;.<\/p>\n<p data-mrf-recirculation=\"Links P\u00e1rrafos\" class=\"ue-c-article__paragraph paragraph\">El jugador fue detenido en 2018 en su casa de B\u00e9tera (Valencia), acusado de <strong>delitos de homicidio en grado de tentativa, lesiones, amenazas, detenci\u00f3n ilegal, tenencia il\u00edcita de armas y robo con violencia<\/strong>. Es por ello, que <strong>estuvo 142 d\u00edas en prisi\u00f3n<\/strong>de la que sali\u00f3 tras pagar una fianza de 30.000 euros.<\/p>\n<figure class=\"ue-c-article__media ue-c-article__media--video  video-player\"><figcaption class=\"ue-c-article__media-caption\" itemprop=\"description\">\n<p><span class=\"ue-c-article__media-description\">Giro en el &#8216;caso Semedo&#8217;: \u00abFueron agresiones mutuas, \u00e9l tambi\u00e9n denunciar\u00e1\u00bb<\/span><\/p>\n<\/figcaption><\/figure>\n<p data-mrf-recirculation=\"Links P\u00e1rrafos\" class=\"ue-c-article__paragraph paragraph\">El defensa tambi\u00e9n fue arrestado en 2021 y 2022 durante su estancia en Grecia <strong>acusado de violaci\u00f3n<\/strong> y <strong>violencia dom\u00e9stica<\/strong>.<span\/><\/p>\n<h2 class=\"ue-c-article__subheadline\">El relato de una mujer contra Rub\u00e9n Semedo: \u00abMe apret\u00f3 la cara impidi\u00e9ndome respirar, gritar, pedir ayuda&#8230;\u00bb<\/h2>\n<p data-mrf-recirculation=\"Links P\u00e1rrafos\" class=\"ue-c-article__paragraph paragraph\">La mujer publico que \u00abperd\u00ed mis hermosos y maravillosos collares; \u00e9l (Rub\u00e9n Semedo) me los arranc\u00f3\u00bb, asegur\u00f3.<\/p>\n<p data-mrf-recirculation=\"Links P\u00e1rrafos\" class=\"ue-c-article__paragraph paragraph\"><strong>&#39;P\u00e1jaro Negro&#39; <\/strong>sostiene que Rub\u00e9n Semedo la invit\u00f3 a su casa y que al llegar se encontr\u00f3 con varios hombres: \u00abAhora dime qu\u00e9 quer\u00eda. No lo s\u00e9, pero no consigui\u00f3 lo que quer\u00eda\u00bb.<span\/><\/p>\n<p data-mrf-recirculation=\"Links P\u00e1rrafos\" class=\"ue-c-article__paragraph paragraph\">La mujer <strong>denuncia que sufri\u00f3 agresiones f\u00edsicas<\/strong> y explica que \u00abestas marcas aqu\u00ed, que incluso duelen, son de \u00e9l apret\u00e1ndome la cara, impidi\u00e9ndome respirar, gritar, pedir ayuda\u00bb.<span\/><\/p>\n<figure class=\"ue-c-article__media ue-c-article__media--video  video-player\"><figcaption class=\"ue-c-article__media-caption\" itemprop=\"description\">\n<p><span class=\"ue-c-article__media-description\">La verdad de R\u00faben Semedo: \u00abEn la noche te encuentras par\u00e1sitos, ese fue mi error\u00bb<\/span><\/p>\n<\/figcaption><\/figure>\n<p data-mrf-recirculation=\"Links P\u00e1rrafos\" class=\"ue-c-article__paragraph paragraph\">\u00abDijo que quer\u00eda llevarme abajo, que quer\u00eda encerrarme all\u00ed, que quer\u00eda obligarme a borrar el v\u00eddeo\u00bb, describi\u00f3 destacando que sufri\u00f3 amenazas cuando quiso dejar el domicilio.<\/p>\n<p data-mrf-recirculation=\"Links P\u00e1rrafos\" class=\"ue-c-article__paragraph paragraph\">&#8216;P\u00e1ssaro Negro\u00bb comparti\u00f3 que \u00ablo que m\u00e1s me dol\u00eda era no poder respirar. Me dol\u00eda estar atrapada contra una pared con uno, dos, tres, cuatro y cinco hombres rode\u00e1ndome\u00bb, y asegur\u00f3 que \u00abno lo estoy exponiendo porque sea famoso, lo estoy haciendo porque nosotras, las mujeres, queremos ser felices y debemos cuidarnos\u00bb.<\/p>\n<p data-mrf-recirculation=\"Links P\u00e1rrafos\" class=\"ue-c-article__paragraph paragraph\">La mujer se despidi\u00f3 mand\u00e1ndole un mensaje directo a Rub\u00e9n Semedo: \u00abRecibir\u00e1s tu merecido. Un d\u00eda, tu hija sentir\u00e1 lo mismo que yo. Y no te gustar\u00e1\u00bb.<\/p>\n<\/div>\n\n","protected":false},"excerpt":{"rendered":"<p>Rub\u00e9n Semedofutbolista portugu\u00e9s que milit\u00f3 en Reus, Villarreal y Huesca, ha recurrido a sus redes sociales para responder a las acusaciones de una mujer por malos tratos. Es hora de revelarlo todo, las m\u00e1scaras caer\u00e1n. \u00bfPor qu\u00e9 no trabajar para ganarlo? El dinero f\u00e1cil nunca es bueno&#8230; Rub\u00e9n Semedo \u00abEs hora de revelarlo todo, las &hellip;<\/p>\n","protected":false},"author":1,"featured_media":57005,"comment_status":"open","ping_status":"open","sticky":false,"template":"","format":"standard","meta":{"fifu_image_url":"https:\/\/objetos-xlk.estaticos-marca.com\/files\/article_main_microformat\/\/uploads\/2026\/01\/26\/697729be87793.jpeg","fifu_image_alt":"","footnotes":""},"categories":[6],"tags":[],"class_list":["post-57003","post","type-post","status-publish","format-standard","has-post-thumbnail","","category-deportes"],"_links":{"self":[{"href":"https:\/\/noticiasveraces.com\/index.php?rest_route=\/wp\/v2\/posts\/57003","targetHints":{"allow":["GET"]}}],"collection":[{"href":"https:\/\/noticiasveraces.com\/index.php?rest_route=\/wp\/v2\/posts"}],"about":[{"href":"https:\/\/noticiasveraces.com\/index.php?rest_route=\/wp\/v2\/types\/post"}],"author":[{"embeddable":true,"href":"https:\/\/noticiasveraces.com\/index.php?rest_route=\/wp\/v2\/users\/1"}],"replies":[{"embeddable":true,"href":"https:\/\/noticiasveraces.com\/index.php?rest_route=%2Fwp%2Fv2%2Fcomments&post=57003"}],"version-history":[{"count":0,"href":"https:\/\/noticiasveraces.com\/index.php?rest_route=\/wp\/v2\/posts\/57003\/revisions"}],"wp:featuredmedia":[{"embeddable":true,"href":"https:\/\/noticiasveraces.com\/index.php?rest_route=\/wp\/v2\/media\/57005"}],"wp:attachment":[{"href":"https:\/\/noticiasveraces.com\/index.php?rest_route=%2Fwp%2Fv2%2Fmedia&parent=57003"}],"wp:term":[{"taxonomy":"category","embeddable":true,"href":"https:\/\/noticiasveraces.com\/index.php?rest_route=%2Fwp%2Fv2%2Fcategories&post=57003"},{"taxonomy":"post_tag","embeddable":true,"href":"https:\/\/noticiasveraces.com\/index.php?rest_route=%2Fwp%2Fv2%2Ftags&post=57003"}],"curies":[{"name":"wp","href":"https:\/\/api.w.org\/{rel}","templated":true}]}}