{"id":56967,"date":"2026-01-26T00:37:02","date_gmt":"2026-01-26T04:37:02","guid":{"rendered":"https:\/\/noticiasveraces.com\/?p=56967"},"modified":"2026-01-26T00:37:02","modified_gmt":"2026-01-26T04:37:02","slug":"la-gente-protesta-contra-los-agentes-federales-de-inmigracion-despues-del-tiroteo-fatal","status":"publish","type":"post","link":"https:\/\/noticiasveraces.com\/?p=56967","title":{"rendered":"La gente protesta contra los agentes federales de inmigraci\u00f3n despu\u00e9s del tiroteo fatal"},"content":{"rendered":"<p> \n<\/p>\n<div id=\"site-content\">\n<div>\n<p aria-live=\"assertive\" class=\"css-1dv1kvn\">nuevo v\u00eddeo cargado: <!-- -->La gente protesta contra los agentes federales de inmigraci\u00f3n despu\u00e9s del tiroteo fatal<\/p>\n<div data-testid=\"video-header\">\n<div class=\"css-1g7y0i5 e1drnplw0\"><button tabindex=\"100\" class=\"css-1rtlxy\" type=\"button\" aria-label=\"close\"><svg width=\"60\" height=\"60\" viewbox=\"0 0 60 60\" fill=\"none\"><circle cx=\"30\" cy=\"30\" r=\"30\" fill=\"white\" fill-opacity=\"0.9\"\/><path fill-rule=\"evenodd\" clip-rule=\"evenodd\" d=\"M38.4844 20.1006L39.8986 21.5148L21.5138 39.8996L20.0996 38.4854L38.4844 20.1006Z\" fill=\"black\"\/><path fill-rule=\"evenodd\" clip-rule=\"evenodd\" d=\"M21.5156 20.1006L20.1014 21.5148L38.4862 39.8996L39.9004 38.4854L21.5156 20.1006Z\" fill=\"black\"\/><\/svg><\/button><\/p>\n<div class=\"css-18ow4sz e1drnplw2\">\n<div aria-labelledby=\"modal-title\" role=\"region\">\n<header class=\"css-1bzlfz\">\n<p>transcripci\u00f3n<\/p>\n<p><button type=\"button\" class=\"css-1igvuto\"><span>Atr\u00e1s<\/span><\/button><\/header>\n<div class=\"css-uzyn7p\">\n<div class=\"css-1vxywau\">\n<p class=\"css-1nng8z9\">transcripci\u00f3n<\/p>\n<h2 class=\"css-8p0vwh\">La gente protesta contra los agentes federales de inmigraci\u00f3n despu\u00e9s del tiroteo fatal<\/h2>\n<h4 class=\"css-qsd3hm\">La gente protest\u00f3 por la muerte de Alex Jeffrey Pretti, a quien agentes federales mataron a tiros durante manifestaciones contra un esfuerzo intensificado de aplicaci\u00f3n de la ley de inmigraci\u00f3n por parte de la administraci\u00f3n Trump. Los funcionarios federales dijeron que Pretti se hab\u00eda acercado a los agentes con una pistola y \u00abquer\u00eda causar el m\u00e1ximo da\u00f1o\u00bb. Pero el video de la escena muestra que Pretti sosten\u00eda un tel\u00e9fono, no un arma.<\/h4>\n<\/div>\n<dl class=\"css-p98d0w\">\n<dt class=\"css-xx7kwh\"\/>\n<dd class=\"css-4gvq6l\">\n<p class=\"css-8hvvyd\">\u00abNo m\u00e1s agradable Minnesota\u00bb. \u00abMinneapolis atacar\u00e1\u00bb. \u00abMinneapolis atacar\u00e1\u00bb. \u00abCreemos en la paz. Y creemos que Donald Trump necesita sacar a estos 3.000 agentes no capacitados de Minnesota antes de que maten a otra persona\u00bb. \u00abNuestra misi\u00f3n de inmigraci\u00f3n del T\u00edtulo 8 contin\u00faa sin cesar aqu\u00ed en Minneapolis, a pesar de la tragedia de ayer que se pudo prevenir gracias a que la gente tom\u00f3 mejores decisiones\u00bb. \u201cY puedo decir con confianza que ahora hay a\u00fan m\u00e1s personas en la lucha\u201d. \u201c\u00c9l se preocupaba profundamente por la gente y estaba muy molesto con lo que estaba sucediendo en Minneapolis y en todo Estados Unidos con ICE, como millones de otras personas est\u00e1n molestas\u201d. \u00abOdiaba que la gente simplemente estuviera destrozando la tierra. Y \u00e9l era un amante de la naturaleza. Llevaba a su perro a todos lados. Ya sabes, amaba este pa\u00eds\u00bb. \u00abDonald Trump, seamos claros. Los inmigrantes son bienvenidos aqu\u00ed. Nuestras calles. Nuestras calles. Nuestras calles\u00bb. \u201cTener que obtener una orden de un juez para preservar esa evidencia es extraordinario y deber\u00eda alarmar a todos los que creen en la igualdad de justicia ante la ley\u201d.<\/p>\n<\/dd>\n<\/dl>\n<\/div>\n<\/div>\n<\/div>\n<\/div>\n<header class=\"css-jgknzh\">\n<div class=\"css-1gn3fip\">\n<div class=\"css-p5izi2\">\n<div class=\"css-1h4tnhd\"><nyt-betamax class=\"css-j5i4vc\"><template shadowrootmode=\"open\" slotassignment=\"named\"><link rel=\"stylesheet\" href=\"https:\/\/static01.nyt.com\/video-static\/betamax\/player-0.2.14-CnxAEwcy.css\" crossorigin=\"\"\/><\/template><nyt-betamax-cover><template shadowrootmode=\"open\" slotassignment=\"named\"><link rel=\"stylesheet\" href=\"https:\/\/static01.nyt.com\/video-static\/betamax\/cover-0.2.14-eTrf0IGY.css\" crossorigin=\"\"\/><\/template><nyt-betamax-poster><template shadowrootmode=\"open\" slotassignment=\"named\"><link rel=\"stylesheet\" href=\"https:\/\/static01.nyt.com\/video-static\/betamax\/poster-0.2.14-BdueiXaE.css\" crossorigin=\"\"\/><img decoding=\"async\" src=\"https:\/\/static01.nyt.com\/images\/2026\/01\/25\/multimedia\/25vid-minnesota-ice-gcfw\/25vid-minnesota-ice-gcfw-threeByTwoMediumAt2X.jpg?auto=webp&amp;quality=75\" data-testid=\"betamax-poster\" sizes=\"(width &lt; 1024px) 100vw, (width &lt; 1440px) 945px, 1200px\" srcset=\"https:\/\/static01.nyt.com\/images\/2026\/01\/25\/multimedia\/25vid-minnesota-ice-gcfw\/25vid-minnesota-ice-gcfw-videoThumb.jpg?auto=webp&amp;quality=75 75w, https:\/\/static01.nyt.com\/images\/2026\/01\/25\/multimedia\/25vid-minnesota-ice-gcfw\/25vid-minnesota-ice-gcfw-thumbWide.jpg?auto=webp&amp;quality=75 190w, https:\/\/static01.nyt.com\/images\/2026\/01\/25\/multimedia\/25vid-minnesota-ice-gcfw\/25vid-minnesota-ice-gcfw-mediumThreeByTwo210.jpg?auto=webp&amp;quality=75 210w, https:\/\/static01.nyt.com\/images\/2026\/01\/25\/multimedia\/25vid-minnesota-ice-gcfw\/25vid-minnesota-ice-gcfw-mediumThreeByTwo225.jpg?auto=webp&amp;quality=75 225w, https:\/\/static01.nyt.com\/images\/2026\/01\/25\/multimedia\/25vid-minnesota-ice-gcfw\/25vid-minnesota-ice-gcfw-mediumThreeByTwo252.jpg?auto=webp&amp;quality=75 252w, https:\/\/static01.nyt.com\/images\/2026\/01\/25\/multimedia\/25vid-minnesota-ice-gcfw\/25vid-minnesota-ice-gcfw-mediumThreeByTwo378.jpg?auto=webp&amp;quality=75 378w, https:\/\/static01.nyt.com\/images\/2026\/01\/25\/multimedia\/25vid-minnesota-ice-gcfw\/25vid-minnesota-ice-gcfw-mediumThreeByTwo440.jpg?auto=webp&amp;quality=75 440w, https:\/\/static01.nyt.com\/images\/2026\/01\/25\/multimedia\/25vid-minnesota-ice-gcfw\/25vid-minnesota-ice-gcfw-threeByTwoSmallAt2X.jpg?auto=webp&amp;quality=75 600w, https:\/\/static01.nyt.com\/images\/2026\/01\/25\/multimedia\/25vid-minnesota-ice-gcfw\/25vid-minnesota-ice-gcfw-videoLarge.jpg?auto=webp&amp;quality=75 768w, https:\/\/static01.nyt.com\/images\/2026\/01\/25\/multimedia\/25vid-minnesota-ice-gcfw\/25vid-minnesota-ice-gcfw-threeByTwoMediumAt2X.jpg?auto=webp&amp;quality=75 1500w, https:\/\/static01.nyt.com\/images\/2026\/01\/25\/multimedia\/25vid-minnesota-ice-gcfw\/25vid-minnesota-ice-gcfw-threeByTwoLargeAt2X.jpg?auto=webp&amp;quality=75 3000w\" fetchpriority=\"high\" class=\"_poster_13tnt_20\"\/><\/template><\/nyt-betamax-poster><\/nyt-betamax-cover><nyt-betamax-overlay-controls><template shadowrootmode=\"open\" slotassignment=\"named\"><link rel=\"stylesheet\" href=\"https:\/\/static01.nyt.com\/video-static\/betamax\/overlay-controls-0.2.14-DTyJF-yz.css\" crossorigin=\"\"\/><link rel=\"stylesheet\" href=\"https:\/\/static01.nyt.com\/video-static\/betamax\/scrubber-0.2.14-allGBXvP.css\" crossorigin=\"\"\/><\/template><\/nyt-betamax-overlay-controls><\/nyt-betamax><\/div>\n<div class=\"css-1msb6m0\"><span class=\"css-hple31\">La gente protest\u00f3 por la muerte de Alex Jeffrey Pretti, a quien agentes federales mataron a tiros durante manifestaciones contra un esfuerzo intensificado de aplicaci\u00f3n de la ley de inmigraci\u00f3n por parte de la administraci\u00f3n Trump. Los funcionarios federales dijeron que Pretti se hab\u00eda acercado a los agentes con una pistola y \u00abquer\u00eda causar el m\u00e1ximo da\u00f1o\u00bb. Pero el video de la escena muestra que Pretti sosten\u00eda un tel\u00e9fono, no un arma.<\/span><\/p>\n<p>Por McKinnon de Kuyper y Rex Sakamoto<\/p>\n<p>25 de enero de 2026<\/p>\n<\/div>\n<\/div>\n<\/div>\n<\/header>\n<\/div>\n<\/div>\n<\/div>\n\n","protected":false},"excerpt":{"rendered":"<p>nuevo v\u00eddeo cargado: La gente protesta contra los agentes federales de inmigraci\u00f3n despu\u00e9s del tiroteo fatal transcripci\u00f3n Atr\u00e1s transcripci\u00f3n La gente protesta contra los agentes federales de inmigraci\u00f3n despu\u00e9s del tiroteo fatal La gente protest\u00f3 por la muerte de Alex Jeffrey Pretti, a quien agentes federales mataron a tiros durante manifestaciones contra un esfuerzo intensificado &hellip;<\/p>\n","protected":false},"author":1,"featured_media":56969,"comment_status":"open","ping_status":"open","sticky":false,"template":"","format":"standard","meta":{"fifu_image_url":"https:\/\/static01.nyt.com\/images\/2026\/01\/25\/multimedia\/25vid-minnesota-ice-gcfw\/25vid-minnesota-ice-gcfw-facebookJumbo.jpg?video-overlay","fifu_image_alt":"","footnotes":""},"categories":[13],"tags":[],"class_list":["post-56967","post","type-post","status-publish","format-standard","has-post-thumbnail","","category-mundo"],"_links":{"self":[{"href":"https:\/\/noticiasveraces.com\/index.php?rest_route=\/wp\/v2\/posts\/56967","targetHints":{"allow":["GET"]}}],"collection":[{"href":"https:\/\/noticiasveraces.com\/index.php?rest_route=\/wp\/v2\/posts"}],"about":[{"href":"https:\/\/noticiasveraces.com\/index.php?rest_route=\/wp\/v2\/types\/post"}],"author":[{"embeddable":true,"href":"https:\/\/noticiasveraces.com\/index.php?rest_route=\/wp\/v2\/users\/1"}],"replies":[{"embeddable":true,"href":"https:\/\/noticiasveraces.com\/index.php?rest_route=%2Fwp%2Fv2%2Fcomments&post=56967"}],"version-history":[{"count":0,"href":"https:\/\/noticiasveraces.com\/index.php?rest_route=\/wp\/v2\/posts\/56967\/revisions"}],"wp:featuredmedia":[{"embeddable":true,"href":"https:\/\/noticiasveraces.com\/index.php?rest_route=\/wp\/v2\/media\/56969"}],"wp:attachment":[{"href":"https:\/\/noticiasveraces.com\/index.php?rest_route=%2Fwp%2Fv2%2Fmedia&parent=56967"}],"wp:term":[{"taxonomy":"category","embeddable":true,"href":"https:\/\/noticiasveraces.com\/index.php?rest_route=%2Fwp%2Fv2%2Fcategories&post=56967"},{"taxonomy":"post_tag","embeddable":true,"href":"https:\/\/noticiasveraces.com\/index.php?rest_route=%2Fwp%2Fv2%2Ftags&post=56967"}],"curies":[{"name":"wp","href":"https:\/\/api.w.org\/{rel}","templated":true}]}}