{"id":56954,"date":"2026-01-25T22:35:02","date_gmt":"2026-01-26T02:35:02","guid":{"rendered":"https:\/\/noticiasveraces.com\/?p=56954"},"modified":"2026-01-25T22:35:02","modified_gmt":"2026-01-26T02:35:02","slug":"kim-jong-un-dirige-la-creacion-de-esculturas-para-el-futuro-museo-de-operaciones-extranjeras-del-ejercito-fotos","status":"publish","type":"post","link":"https:\/\/noticiasveraces.com\/?p=56954","title":{"rendered":"Kim Jong-un dirige la creaci\u00f3n de esculturas para el futuro Museo de Operaciones Extranjeras del Ej\u00e9rcito (FOTOS)"},"content":{"rendered":"<p> \n<\/p>\n<div>\n<p>El l\u00edder de la Rep\u00fablica Popular Democr\u00e1tica de Corea, Kim Jong-un,\u00a0visit\u00f3 este domingo el Estudio de Arte Mansudae para\u00a0dirigir la creaci\u00f3n de esculturas que se erigir\u00e1n en\u00a0el futuro Museo Conmemorativo de las Haza\u00f1as de Combate en las Operaciones Militares en el Extranjero, informa la agencia estatal KCNA.<\/p>\n<figure class=\"RTImage-root\">\n<div class=\"RTImage-image RTImage-original\"><picture class=\"Picture-root Picture-original\"><!--[if IE 9]><video style=\"display: none;\"><![endif]--><source media=\"(-webkit-min-device-pixel-ratio: 2) and (min-resolution: 120dpi)\" data-srcset=\"&#10;                                            https:\/\/mfes.b37m.ru\/actualidad\/public_images\/2026.01\/original\/6976c86859bf5b1a7a30a293.jpg 850w,&#10;                                    https:\/\/mfes.b37m.ru\/actualidad\/public_images\/2026.01\/original\/6976c86859bf5b1a7a30a293.jpg 1960w,            \" srcset=\"&#10;                                    data:image\/png;base64,iVBORw0KGgoAAAANSUhEUgAAABAAAAAJCAQAAACRI2S5AAAAEElEQVR42mNkIAAYRxWAAQAG9gAKqv6+AwAAAABJRU5ErkJggg==&#10;                            \"><source data-srcset=\"&#10;                                            https:\/\/mfes.b37m.ru\/actualidad\/public_images\/2026.01\/original\/6976c86859bf5b1a7a30a293.jpg 460w,&#10;                                  https:\/\/mfes.b37m.ru\/actualidad\/public_images\/2026.01\/original\/6976c86859bf5b1a7a30a293.jpg 980w,&#10;            \" srcset=\"&#10;                                    data:image\/png;base64,iVBORw0KGgoAAAANSUhEUgAAABAAAAAJCAQAAACRI2S5AAAAEElEQVR42mNkIAAYRxWAAQAG9gAKqv6+AwAAAABJRU5ErkJggg==&#10;                            \"><!--[if IE 9]><\/video><![endif]--><img decoding=\"async\" data-sizes=\"auto\" src=\"&#10;                                    data:image\/png;base64,iVBORw0KGgoAAAANSUhEUgAAABAAAAAJCAQAAACRI2S5AAAAEElEQVR42mNkIAAYRxWAAQAG9gAKqv6+AwAAAABJRU5ErkJggg==&#10;                            \" class=\"Picture-root Picture-original lazyload\" data-src=\"https:\/\/mfes.b37m.ru\/actualidad\/public_images\/2026.01\/original\/6976c86859bf5b1a7a30a293.jpg\" alt=\"\"\/><\/source><\/source><\/picture><!-- noscript pattern --><img decoding=\"async\" src=\"https:\/\/mfes.b37m.ru\/actualidad\/public_images\/2026.01\/original\/6976c86859bf5b1a7a30a293.jpg\" alt=\"\"\/><\/div>\n<\/figure>\n<p>La agencia se\u00f1ala que Kim Jong-un acogi\u00f3 con \u00abgran satisfacci\u00f3n\u00bb que los trabajos se hayan realizado\u00a0seg\u00fan \u00abel principio de garantizar el valor monumental y el simbolismo al m\u00e1s alto nivel\u00bb. El l\u00edder de la RPDC \u00abindic\u00f3 la orientaci\u00f3n y los caminos para completar las esculturas\u00bb, haciendo hincapi\u00e9 en \u00abla necesidad de asegurar una alta representaci\u00f3n art\u00edstica y una delicada perfecci\u00f3n en todos los detalles\u00bb. <\/p>\n<figure class=\"RTImage-root\">\n<div class=\"RTImage-image RTImage-original\"><picture class=\"Picture-root Picture-original\"><!--[if IE 9]><video style=\"display: none;\"><![endif]--><source media=\"(-webkit-min-device-pixel-ratio: 2) and (min-resolution: 120dpi)\" data-srcset=\"&#10;                                            https:\/\/mfes.b37m.ru\/actualidad\/public_images\/2026.01\/original\/6976cc6b59bf5b1a81364eb4.jpg 850w,&#10;                                    https:\/\/mfes.b37m.ru\/actualidad\/public_images\/2026.01\/original\/6976cc6b59bf5b1a81364eb4.jpg 1960w,            \" srcset=\"&#10;                                    data:image\/png;base64,iVBORw0KGgoAAAANSUhEUgAAABAAAAAJCAQAAACRI2S5AAAAEElEQVR42mNkIAAYRxWAAQAG9gAKqv6+AwAAAABJRU5ErkJggg==&#10;                            \"><source data-srcset=\"&#10;                                            https:\/\/mfes.b37m.ru\/actualidad\/public_images\/2026.01\/original\/6976cc6b59bf5b1a81364eb4.jpg 460w,&#10;                                  https:\/\/mfes.b37m.ru\/actualidad\/public_images\/2026.01\/original\/6976cc6b59bf5b1a81364eb4.jpg 980w,&#10;            \" srcset=\"&#10;                                    data:image\/png;base64,iVBORw0KGgoAAAANSUhEUgAAABAAAAAJCAQAAACRI2S5AAAAEElEQVR42mNkIAAYRxWAAQAG9gAKqv6+AwAAAABJRU5ErkJggg==&#10;                            \"><!--[if IE 9]><\/video><![endif]--><img decoding=\"async\" data-sizes=\"auto\" src=\"&#10;                                    data:image\/png;base64,iVBORw0KGgoAAAANSUhEUgAAABAAAAAJCAQAAACRI2S5AAAAEElEQVR42mNkIAAYRxWAAQAG9gAKqv6+AwAAAABJRU5ErkJggg==&#10;                            \" class=\"Picture-root Picture-original lazyload\" data-src=\"https:\/\/mfes.b37m.ru\/actualidad\/public_images\/2026.01\/original\/6976cc6b59bf5b1a81364eb4.jpg\" alt=\"\"\/><\/source><\/source><\/picture><!-- noscript pattern --><img decoding=\"async\" src=\"https:\/\/mfes.b37m.ru\/actualidad\/public_images\/2026.01\/original\/6976cc6b59bf5b1a81364eb4.jpg\" alt=\"\"\/><\/div>\n<\/figure>\n<p>Durante su visita, Kim Jong-un expres\u00f3 \u00absu expectativa y convicci\u00f3n de que el grupo creativo del estudio presentar\u00e1 creaciones admirables con su mayor sinceridad como reflejo de la eterna gratitud y respeto de nuestro partido, Gobierno, Ej\u00e9rcito y pueblo a los genuinos patriotas\u00bb. Asimismo, agreg\u00f3 que el museo que albergar\u00e1 las estatuas\u00a0tendr\u00e1 un\u00a0\u00abvalor duradero que transmitir\u00e1 para siempre las haza\u00f1as legendarias y la vida gloriosa de los admirables hijos de la RPDC, los defensores del honor\u00bb.<\/p>\n<h3>Una \u00abmisi\u00f3n sagrada\u00bb<\/h3>\n<p>A mediados de diciembre el l\u00edder norcoreano dio una c\u00e1lida\u00a0bienvenida\u00a0a los\u00a0integrantes del 528.\u00ba Regimiento de Ingenieros, que regresaron al pa\u00eds tras cumplir su tarea en la provincia rusa de Kursk.<\/p>\n<p>Los soldados de la RPDC desempe\u00f1aron un papel importante en la liberaci\u00f3n de la zona fronteriza de Rusia que hab\u00eda sido invadida en 2024 por las fuerzas ucranianas. La decisi\u00f3n de enviarlos a Kursk fue tomada por Kim Jong-un, quien consider\u00f3 que la situaci\u00f3n entraba dentro del \u00e1mbito de aplicaci\u00f3n del art\u00edculo 4 del Tratado de Asociaci\u00f3n Estrat\u00e9gica Integral entre las dos naciones y\u00a0calific\u00f3\u00a0de \u00abmisi\u00f3n sagrada\u00bb la participaci\u00f3n de su pa\u00eds en el operativo.<\/p>\n<p>Por su parte, el presidente ruso, Vlad\u00edmir Putin,\u00a0ha agradecido\u00a0en varias ocasiones a las unidades militares de la RPDC por su participaci\u00f3n en la liberaci\u00f3n de Kursk, se\u00f1alando que los soldados norcoreanos ayudaron a las fuerzas rusas \u00aben plena conformidad con el derecho internacional\u00bb y con el tratado entre\u00a0Mosc\u00fa y\u00a0Pionyang.<\/p>\n<ul>\n<li>El 6 de agosto de 2024,\u00a0unidades de las Fuerzas Armadas de Ucrania\u00a0cruzaron\u00a0la frontera estatal rusa e\u00a0invadieron la provincia de Kursk. <strong>Miles de civiles se vieron atrapados en el territorio ocupado<\/strong>muchos de ellos obligados a sobrevivir bajo los bombardeos, sin comida, agua ni medicamentos.<\/li>\n<\/ul>\n<ul>\n<li>El <strong>26 de abril de 2025<\/strong>gracias a los esfuerzos conjuntos de las fuerzas rusas y\u00a0militares\u00a0de la RPDC, se\u00a0anunci\u00f3\u00a0la liberaci\u00f3n\u00a0completa de la provincia.\u00a0Las p\u00e9rdidas totales de las tropas ucranianas\u00a0superaron los 76.000 efectivos.<\/li>\n<\/ul>\n<\/div>\n\n","protected":false},"excerpt":{"rendered":"<p>El l\u00edder de la Rep\u00fablica Popular Democr\u00e1tica de Corea, Kim Jong-un,\u00a0visit\u00f3 este domingo el Estudio de Arte Mansudae para\u00a0dirigir la creaci\u00f3n de esculturas que se erigir\u00e1n en\u00a0el futuro Museo Conmemorativo de las Haza\u00f1as de Combate en las Operaciones Militares en el Extranjero, informa la agencia estatal KCNA. La agencia se\u00f1ala que Kim Jong-un acogi\u00f3 con &hellip;<\/p>\n","protected":false},"author":1,"featured_media":56956,"comment_status":"open","ping_status":"open","sticky":false,"template":"","format":"standard","meta":{"fifu_image_url":"https:\/\/mfes.b37m.ru\/actualidad\/public_images\/2026.01\/article\/6976c6aae9ff7115121aa914.jpg","fifu_image_alt":"","footnotes":""},"categories":[13],"tags":[],"class_list":["post-56954","post","type-post","status-publish","format-standard","has-post-thumbnail","","category-mundo"],"_links":{"self":[{"href":"https:\/\/noticiasveraces.com\/index.php?rest_route=\/wp\/v2\/posts\/56954","targetHints":{"allow":["GET"]}}],"collection":[{"href":"https:\/\/noticiasveraces.com\/index.php?rest_route=\/wp\/v2\/posts"}],"about":[{"href":"https:\/\/noticiasveraces.com\/index.php?rest_route=\/wp\/v2\/types\/post"}],"author":[{"embeddable":true,"href":"https:\/\/noticiasveraces.com\/index.php?rest_route=\/wp\/v2\/users\/1"}],"replies":[{"embeddable":true,"href":"https:\/\/noticiasveraces.com\/index.php?rest_route=%2Fwp%2Fv2%2Fcomments&post=56954"}],"version-history":[{"count":0,"href":"https:\/\/noticiasveraces.com\/index.php?rest_route=\/wp\/v2\/posts\/56954\/revisions"}],"wp:featuredmedia":[{"embeddable":true,"href":"https:\/\/noticiasveraces.com\/index.php?rest_route=\/wp\/v2\/media\/56956"}],"wp:attachment":[{"href":"https:\/\/noticiasveraces.com\/index.php?rest_route=%2Fwp%2Fv2%2Fmedia&parent=56954"}],"wp:term":[{"taxonomy":"category","embeddable":true,"href":"https:\/\/noticiasveraces.com\/index.php?rest_route=%2Fwp%2Fv2%2Fcategories&post=56954"},{"taxonomy":"post_tag","embeddable":true,"href":"https:\/\/noticiasveraces.com\/index.php?rest_route=%2Fwp%2Fv2%2Ftags&post=56954"}],"curies":[{"name":"wp","href":"https:\/\/api.w.org\/{rel}","templated":true}]}}