{"id":56935,"date":"2026-01-25T20:33:07","date_gmt":"2026-01-26T00:33:07","guid":{"rendered":"https:\/\/noticiasveraces.com\/?p=56935"},"modified":"2026-01-25T20:33:07","modified_gmt":"2026-01-26T00:33:07","slug":"brasil-en-ano-electoral-como-un-lula-octogenario-y-un-bolsonarismo-sin-bolsonaro-miden-fuerzas","status":"publish","type":"post","link":"https:\/\/noticiasveraces.com\/?p=56935","title":{"rendered":"Brasil en a\u00f1o electoral: \u00bfc\u00f3mo un Lula octogenario\u00a0y un bolsonarismo (sin Bolsonaro)\u00a0miden fuerzas?"},"content":{"rendered":"<p> \n<\/p>\n<div>\n<p>El a\u00f1o\u00a02026, en\u00a0el que\u00a0Brasil afronta elecciones presidenciales, arranc\u00f3 con una imagen del presidente Luiz\u00a0In\u00e1cio\u00a0Lula da Silva que caus\u00f3 revuelo para algunos. En un v\u00eddeo publicado por su esposa. Janja, en las redes sociales, se ve al presidente de Brasil, de 80 a\u00f1os, paseando por una playa paradis\u00edaca en ba\u00f1ador.<\/p>\n<div id=\"em-WBMZ364814-F24-ES-20260124\" class=\"m-em-flash\" data-instagram-script=\"\"><figcaption class=\"a-figcaption\">\n<\/figcaption><div class=\"o-em-consent \">\n<div class=\"o-em-consent__content\">\n<p class=\"o-em-consent__content__text\">Para mostrar este contenido de Instagram, debe autorizar las cookies de medici\u00f3n de audiencia y publicidad.<\/p>\n<p>        <button class=\"a-master-button a-master-button--dark\" data-action=\"accept\"><\/p>\n<p>            Aceptar<\/p>\n<p>  <svg class=\"a-svg a-svg--icon-check\">\n    <use xlink:href=\"http:\/\/www.france24.com\/build\/images\/svg\/sprite.17415c6ec01e4a8b145df03c806104d3.svg#icon-check\" href=\"http:\/\/www.france24.com\/build\/images\/svg\/sprite.17415c6ec01e4a8b145df03c806104d3.svg#icon-check\"\/>\n  <\/svg><br \/>\n        <\/button><br \/>\n        <button class=\"a-link\" data-action=\"manage\">Gestionar mis opciones<i class=\"a-svg a-svg--icon-edit\"\/><\/button>\n    <\/div>\n<\/div>\n<\/div>\n<p>Uno de los principales peri\u00f3dicos brasile\u00f1os, la\u00a0Folha\u00a0de S. Paulo, dedic\u00f3 un reportaje entero a este asunto. El diario consult\u00f3\u00a0a expertos en\u00a0varias \u00e1reas,\u00a0desde investigadores en\u00a0actividad f\u00edsica y envejecimiento hasta\u00a0geriatras\u00a0y\u00a0geront\u00f3logos.\u00a0Estos especialistas destacaron\u00a0signos de equilibrio al caminar, postura firme, estructura muscular y movimientos seguros.\u00a0Su\u00a0conclusi\u00f3n es\u00a0que\u00a0la\u00a0forma f\u00edsica\u00a0de Lula\u00a0es notablemente superior a la esperada para alguien de su edad.<\/p>\n<p>A finales de 2024,\u00a0Lula\u00a0sufri\u00f3 una ca\u00edda que le provoc\u00f3 una hemorragia cerebral.\u00a0Adem\u00e1s, un a\u00f1o antes, en\u00a0septiembre de 2023,\u00a0fue\u00a0operado\u00a0de la cadera derecha para corregir una artrosis mediante una pr\u00f3tesis.\u00a0A pesar de estos problemas de salud,\u00a0que incluyen una reciente\u00a0laberintitis\u00a0y un c\u00e1ncer en la laringe, que fue curado en 2012,\u00a0el presidente brasile\u00f1o, que no ha escondido sus intenciones de ser reelegido en las elecciones de este 2026, se ha esforzado por mostrar energ\u00eda y vigor. Durante una visita oficial a Chile, en julio del a\u00f1o pasado, corri\u00f3 para llegar al podio.\u00a0No es un secreto que\u00a0Lula\u00a0aspira a presentarse de nuevo a las elecciones, en octubre de este a\u00f1o, en busca de un cuarto mandato. <\/p>\n<div id=\"em-WBMZ364819-F24-ES-20260124\" class=\"m-em-flash\" data-instagram-script=\"\"><figcaption class=\"a-figcaption\">\n<\/figcaption><div class=\"o-em-consent \">\n<div class=\"o-em-consent__content\">\n<p class=\"o-em-consent__content__text\">Para mostrar este contenido de Instagram, debe autorizar las cookies de medici\u00f3n de audiencia y publicidad.<\/p>\n<p>        <button class=\"a-master-button a-master-button--dark\" data-action=\"accept\"><\/p>\n<p>            Aceptar<\/p>\n<p>  <svg class=\"a-svg a-svg--icon-check\">\n    <use xlink:href=\"http:\/\/www.france24.com\/build\/images\/svg\/sprite.17415c6ec01e4a8b145df03c806104d3.svg#icon-check\" href=\"http:\/\/www.france24.com\/build\/images\/svg\/sprite.17415c6ec01e4a8b145df03c806104d3.svg#icon-check\"\/>\n  <\/svg><br \/>\n        <\/button><br \/>\n        <button class=\"a-link\" data-action=\"manage\">Gestionar mis opciones<i class=\"a-svg a-svg--icon-edit\"\/><\/button>\n    <\/div>\n<\/div>\n<\/div>\n<p>Su postura contrasta con la del expresidente Jair\u00a0Bolsonaro, que cumple una pena de 27 a\u00f1os y tres meses de prisi\u00f3n por intento de golpe.\u00a0El l\u00edder de la extrema derecha, que ha\u00a0tenido que someterse a\u00a0varias cirug\u00edas en los \u00faltimos a\u00f1os, como consecuencia de la pu\u00f1alada que sufri\u00f3 durante la campa\u00f1a electoral de 2018, suele mostrar p\u00fablicamente\u00a0sus\u00a0tratamientos\u00a0durante la hospitalizaci\u00f3n\u00a0e incluso las cicatrices de sus heridas.\u00a0En las \u00faltimas semanas,\u00a0las\u00a0im\u00e1genes\u00a0de un Bolsonaro fr\u00e1gil\u00a0han vuelto a aparecer\u00a0en\u00a0las redes sociales, mientras sus familiares buscan que se le conceda la prisi\u00f3n domiciliaria. <\/p>\n<p class=\"a-read-more\"><span class=\"a-read-more__label\">Leer tambi\u00e9n<\/span>El cerco se estrecha en torno a Bolsonaro mientras aceita su m\u00e1quina de propaganda<\/p>\n<h2><strong>\u00abUtilizar im\u00e1genes de forma estrat\u00e9gica\u201d<\/strong><\/h2>\n<p><strong>Nada\u00a0es casual\u00a0en la producci\u00f3n y\u00a0la\u00a0divulgaci\u00f3n de mensajes, afirman expertos.<\/strong><\/p>\n<p>\u201cLa comunicaci\u00f3n pol\u00edtica siempre ha utilizado im\u00e1genes para construir narrativas. No es algo nuevo, de hecho, viene desde el Imperio Romano, cuando los s\u00edmbolos visuales ya serv\u00edan para mostrar poder y fuerza. El ejemplo moderno m\u00e1s destacado fue el de Obama (el primer presidente negro de EE. UU.), que trabaj\u00f3 muy bien su propia imagen para crear una narrativa de qui\u00e9n era. Es decir, tanto Lula como\u00a0Bolsonaro\u00a0est\u00e1n haciendo lo que la pol\u00edtica lleva siglos haciendo: utilizar im\u00e1genes de forma estrat\u00e9gica\u201d, se\u00f1ala a France 24\u00a0Marcelo Vitorino,\u00a0profesor y consultor de marketing pol\u00edtico. <\/p>\n<blockquote class=\"quote\">\n<p>\u00abLula est\u00e1 mostrando vitalidad y buena forma f\u00edsica para indicar que, a pesar de su avanzada edad, est\u00e1 listo para otro mandato\u00bb.<\/p>\n<\/blockquote>\n<div class=\"m-em-image\">\n<figure class=\"m-item-image m-item-image--original m-item-image--has-caption\">\n<picture class=\"a-picture a-picture--original\"><source type=\"image\/webp\" srcset=\"https:\/\/s.france24.com\/media\/display\/e816c7a8-e1cb-11f0-8849-005056bf30b7\/w:246\/d50fb6b8ffbd1584a50231342e0543e07754633d.webp 246w,https:\/\/s.france24.com\/media\/display\/e816c7a8-e1cb-11f0-8849-005056bf30b7\/w:388\/d50fb6b8ffbd1584a50231342e0543e07754633d.webp 388w,https:\/\/s.france24.com\/media\/display\/e816c7a8-e1cb-11f0-8849-005056bf30b7\/w:720\/d50fb6b8ffbd1584a50231342e0543e07754633d.webp 720w,https:\/\/s.france24.com\/media\/display\/e816c7a8-e1cb-11f0-8849-005056bf30b7\/w:980\/d50fb6b8ffbd1584a50231342e0543e07754633d.webp 980w\" sizes=\"(max-width: 1023px) calc(100vw - 32px), (min-width: 1024px) 850px\"><img fetchpriority=\"low\" decoding=\"async\" src=\"https:\/\/s.france24.com\/media\/display\/e816c7a8-e1cb-11f0-8849-005056bf30b7\/w:980\/d50fb6b8ffbd1584a50231342e0543e07754633d.jpg\" srcset=\"https:\/\/s.france24.com\/media\/display\/e816c7a8-e1cb-11f0-8849-005056bf30b7\/w:246\/d50fb6b8ffbd1584a50231342e0543e07754633d.jpg 246w,https:\/\/s.france24.com\/media\/display\/e816c7a8-e1cb-11f0-8849-005056bf30b7\/w:388\/d50fb6b8ffbd1584a50231342e0543e07754633d.jpg 388w,https:\/\/s.france24.com\/media\/display\/e816c7a8-e1cb-11f0-8849-005056bf30b7\/w:720\/d50fb6b8ffbd1584a50231342e0543e07754633d.jpg 720w,https:\/\/s.france24.com\/media\/display\/e816c7a8-e1cb-11f0-8849-005056bf30b7\/w:980\/d50fb6b8ffbd1584a50231342e0543e07754633d.jpg 980w\" sizes=\"(max-width: 1023px) calc(100vw - 32px), (min-width: 1024px) 850px\" alt=\"El expresidente de Brasil Jair Bolsonaro habla con la prensa el 29 de junio de 2023 en el aeropuerto Santos Dumont, en R\u00edo de Janeiro\" style=\"max-height:567px\" loading=\"lazy\" class=\"a-img \"\/><br \/>\n<\/source><\/picture><figcaption class=\"a-figcaption\">\n                <span>El expresidente de Brasil Jair Bolsonaro habla con la prensa el 29 de junio de 2023 en el aeropuerto Santos Dumont, en R\u00edo de Janeiro<\/span>                <span>\u00a9 Mauro Pimentel \/ AFP\/Archivos<\/span>            <\/figcaption><\/figure>\n<\/p><\/div>\n<p>\u201cLa diferencia est\u00e1 en el porqu\u00e9 y el c\u00f3mo. En el caso de Lula, est\u00e1 mostrando vitalidad y buena forma f\u00edsica para indicar que, a pesar de su avanzada edad, est\u00e1 listo para otro mandato. Esto recuerda la forma en que Trump tambi\u00e9n utiliz\u00f3 im\u00e1genes de fuerza en un momento crucial para cambiar la percepci\u00f3n del electorado.\u00a0Bolsonaro, que\u00a0ahora\u00a0no\u00a0puede\u00a0presentarse\u00a0a las elecciones, utiliza la imagen de fragilidad de otra manera. Quiere crear un ambiente favorable para una posible conversi\u00f3n de su prisi\u00f3n en arresto domiciliario, mostr\u00e1ndose como alguien vulnerable. No se trata de convencer a los votantes, sino de crear un escenario de empat\u00eda y, tal vez, de conmoci\u00f3n. Es una estrategia de narrativa visual que, en definitiva, sirve a los prop\u00f3sitos de cada uno\u201d, agrega\u00a0Vitorino.  <\/p>\n<blockquote class=\"quote\">\n<p>\u00abBolsonaro, que\u00a0ahora\u00a0no\u00a0puede\u00a0presentarse\u00a0a las elecciones, utiliza la imagen de fragilidad de otra manera. Quiere crear un ambiente favorable para una posible conversi\u00f3n de su prisi\u00f3n en arresto domiciliario, mostr\u00e1ndose como alguien vulnerable\u00bb.<\/p>\n<\/blockquote>\n<p class=\"a-read-more\"><span class=\"a-read-more__label\">Leer tambi\u00e9n<\/span>Lula obstaculiza esfuerzos por reducir pena de prisi\u00f3n de Bolsonaro en Brasil<\/p>\n<h2><strong>Lula &#8211; Bolsonaro: las dos caras de ser convicto<\/strong><\/h2>\n<p>La estrategia de comunicaci\u00f3n pol\u00edtica no es la \u00fanica discrepancia en\u00a0el comportamiento\u00a0de estos l\u00edderes. Tambi\u00e9n su forma de encarar la prisi\u00f3n es diametralmente opuesta. Lula, que estuvo encarcelado durante 580 d\u00edas en la sede de la Polic\u00eda Federal de Curitiba\u00a0por corrupci\u00f3n, siempre se esforz\u00f3 para mostrar una postura de entereza y \u00abdignidad\u00bb, como \u00e9l mismo lo asegur\u00f3. Dedic\u00f3 sus d\u00edas al estudio y a la lectura y\u00a0recibi\u00f3 visitas de jefes de Estado y pol\u00edticos de izquierda,\u00a0como el fallecido expresidente uruguayo Jos\u00e9 &#8216;Pepe&#8217; Mujica, Alberto Fern\u00e1ndez, entonces candidato a la Presidencia de Argentina; el fil\u00f3sofo y ling\u00fcista Noam Chomsky y el cantante Chico\u00a0Buarque, entre otros. <\/p>\n<p>Un excarcelero, el agente de la Polic\u00eda Federal Jorge\u00a0Chastalo, est\u00e1 terminando\u00a0un libro para contar c\u00f3mo fueron los 580 d\u00edas de Lula en\u00a0la\u00a0prisi\u00f3n, que\u00a0ser\u00e1 lanzado\u00a0posiblemente\u00a0en abril de\u00a0este\u00a0a\u00f1o.\u00a0Con formato de diario,\u00a0la\u00a0obra\u00a0aborda la rutina de\u00a0Lula en\u00a0la prisi\u00f3n, las visitas que recibi\u00f3, el inicio de su relaci\u00f3n con\u00a0Janja,\u00a0su actual esposa,\u00a0adem\u00e1s de episodios como la muerte de su nieto Arthur, a los siete\u00a0a\u00f1os. <\/p>\n<p>Desde la c\u00e1rcel,\u00a0Lula tambi\u00e9n concedi\u00f3 entrevistas a medios de comunicaci\u00f3n de todo el mundo, entre ellos France 24. Siempre defendi\u00f3 su inocencia\u00a0y se rehus\u00f3 a\u00a0usar la tobillera\u00a0electr\u00f3nica para\u00a0conseguir la\u00a0libertad vigilada. \u201cPrimero: no soy un palomo mensajero. Si\u00a0quieren ponerme una cadena,\u00a0que se la pongan\u00a0en el cuello del Moro [el juez que le conden\u00f3]no en mi espinilla. Segundo: solo saldr\u00e9 de aqu\u00ed con mi total inocencia. O esos canallas demuestran que me equivoqu\u00e9, o yo demostrar\u00e9 que son unos canallas y quedar\u00e1n desmoralizados\u201d, dijo Lula en 2019. <\/p>\n<div class=\"em-video-wrapper m-em-video\" data-media-video-wbmz101114-f24-es-20220930=\"\" data-wrapper-video-player=\"\" data-show-hidden-video-player=\"WBMZ101114-F24-ES-20220930\" data-youtube-script=\"\">\n<p>Archivo | Lula a France 24: \u00abQuiero que me liberen y ofrezcan disculpas a los brasile\u00f1os\u00bb<\/p>\n<div class=\"m-em-video__video\">\n<div class=\"o-em-consent \">\n<div class=\"o-em-consent__content\">\n<p class=\"o-em-consent__content__text\">Para mostrar este contenido de YouTube, debe autorizar las cookies de medici\u00f3n de audiencia y publicidad.<\/p>\n<p>        <button class=\"a-master-button a-master-button--dark\" data-action=\"accept\"><\/p>\n<p>            Aceptar<\/p>\n<p>  <svg class=\"a-svg a-svg--icon-check\">\n    <use xlink:href=\"http:\/\/www.france24.com\/build\/images\/svg\/sprite.17415c6ec01e4a8b145df03c806104d3.svg#icon-check\" href=\"http:\/\/www.france24.com\/build\/images\/svg\/sprite.17415c6ec01e4a8b145df03c806104d3.svg#icon-check\"\/>\n  <\/svg><br \/>\n        <\/button><br \/>\n        <button class=\"a-link\" data-action=\"manage\">Gestionar mis opciones<i class=\"a-svg a-svg--icon-edit\"\/><\/button>\n    <\/div>\n<\/div>\n<div class=\"o-em-adblock\" data-adblock-content=\"\">\n<div class=\"o-em-adblock__content\">\n<p class=\"o-em-adblock__content__text\">Una extensi\u00f3n de tu navegador parece estar bloqueando la carga del reproductor de video. Para poder ver este contenido, debes desactivarla en este sitio.<\/p>\n<p>            <button class=\"a-master-button a-master-button--dark\" data-action=\"reload\">Reintentar<\/button>\n    <\/div>\n<\/div>\n<div class=\"m-item-image m-item-image--16x9\">\n<picture class=\"a-picture a-picture--16x9\"><source type=\"image\/webp\" srcset=\"https:\/\/s.france24.com\/media\/display\/b60fbe32-ec8a-11e9-8928-005056bff430\/w:388\/p:16x9\/2019-10-12_0145_lula_a_france_24_quiero_que_me_liberen_y_ofrezcan_disculpas_a_los_brasileos.webp 388w,https:\/\/s.france24.com\/media\/display\/b60fbe32-ec8a-11e9-8928-005056bff430\/w:720\/p:16x9\/2019-10-12_0145_lula_a_france_24_quiero_que_me_liberen_y_ofrezcan_disculpas_a_los_brasileos.webp 720w,https:\/\/s.france24.com\/media\/display\/b60fbe32-ec8a-11e9-8928-005056bff430\/w:1024\/p:16x9\/2019-10-12_0145_lula_a_france_24_quiero_que_me_liberen_y_ofrezcan_disculpas_a_los_brasileos.webp 1024w\" sizes=\"(max-width: 639px) calc(100vw - 32px), (max-width: 1076px) calc(100vw - 44px), 850px\"><img fetchpriority=\"low\" decoding=\"async\" src=\"https:\/\/s.france24.com\/media\/display\/b60fbe32-ec8a-11e9-8928-005056bff430\/w:1024\/p:16x9\/2019-10-12_0145_lula_a_france_24_quiero_que_me_liberen_y_ofrezcan_disculpas_a_los_brasileos.jpeg\" srcset=\"https:\/\/s.france24.com\/media\/display\/b60fbe32-ec8a-11e9-8928-005056bff430\/w:388\/p:16x9\/2019-10-12_0145_lula_a_france_24_quiero_que_me_liberen_y_ofrezcan_disculpas_a_los_brasileos.jpeg 388w,https:\/\/s.france24.com\/media\/display\/b60fbe32-ec8a-11e9-8928-005056bff430\/w:720\/p:16x9\/2019-10-12_0145_lula_a_france_24_quiero_que_me_liberen_y_ofrezcan_disculpas_a_los_brasileos.jpeg 720w,https:\/\/s.france24.com\/media\/display\/b60fbe32-ec8a-11e9-8928-005056bff430\/w:1024\/p:16x9\/2019-10-12_0145_lula_a_france_24_quiero_que_me_liberen_y_ofrezcan_disculpas_a_los_brasileos.jpeg 1024w\" sizes=\"auto, (max-width: 639px) calc(100vw - 32px), (max-width: 1076px) calc(100vw - 44px), 850px\" width=\"1024\" height=\"576\" alt=\"Archivo | Lula a France 24: &quot;Quiero que me liberen y ofrezcan disculpas a los brasile\u00f1os&quot;\" loading=\"lazy\" class=\"a-img \"\/><br \/>\n<\/source><\/picture>\n                    <button class=\"m-main-media-btn\" aria-label=\"Archivo | Lula a France 24: &quot;Quiero que me liberen y ofrezcan disculpas a los brasile\u00f1os&quot;: Reproducir el video\"><br \/>\n    <span class=\"m-main-media-btn__picto\"><i class=\"a-svg a-svg--icon-play\"\/><\/span><\/p>\n<p><\/button>\n            <\/div>\n<\/p><\/div>\n<\/p><\/div>\n<p>En el caso de\u00a0Bolsonaro, la actitud\u00a0ha sido muy diferente. Se ha quejado del\u00a0ruido\u00a0que produce\u00a0el\u00a0sistema de\u00a0aire acondicionado\u00a0de la sede de la Polic\u00eda Federal de Brasilia, donde se qued\u00f3 32 d\u00edas, llegando a pedir obras de aislamiento ac\u00fastico por \u201cperturbaci\u00f3n continua a la salud\u201d. Tambi\u00e9n mostr\u00f3 disconformidad con\u00a0la\u00a0comida\u00a0y consigui\u00f3 un permiso especial para que su esposa, Michelle, pudiera entregarle a diario alimentos preparados en casa.  <\/p>\n<p>Durante su periodo de reclusi\u00f3n, fue hospitalizado para una doble operaci\u00f3n para tratar una hernia inguinal y un problema de hipo. Tambi\u00e9n sufri\u00f3 un traumatismo craneal leve por una ca\u00edda. La esposa y los hijos de\u00a0Bolsonaro\u00a0pidieron en varias ocasiones la prisi\u00f3n domiciliaria. Finalmente, el 15 de enero, el juez Alexandre de\u00a0Moraes\u00a0determin\u00f3 su traslado a la c\u00e1rcel de\u00a0Papudinha\u00a0y le concedi\u00f3 una serie de beneficios en calidad de\u00a0expresidente:\u00a0asistencia m\u00e9dica integral las 24 horas sin necesidad de permisos para los profesionales registrados; posibilidad de\u00a0ser transferido de manera inmediata en caso de urgencia; instalaci\u00f3n de una rejilla de protecci\u00f3n en la cama\u00a0para evitar ca\u00eddas;\u00a0asistencia religiosa;\u00a0visita semanal permanente de la ex primera dama\u00a0y de sus hijos;\u00a0alimentaci\u00f3n especial y fisioterapia. Pero, al mismo tiempo, el contundente y medi\u00e1tico juez de Brasil\u00a0record\u00f3 que\u00a0\u201cla c\u00e1rcel no es un hotel, ni una colonia de vacaciones\u201d. <\/p>\n<p>Moraes\u00a0rechaz\u00f3 la prisi\u00f3n domiciliaria porque teme que haya\u00a0un riesgo de fuga. En noviembre del a\u00f1o pasado,\u00a0Bolsonaro\u00a0quem\u00f3 la tobillera electr\u00f3nica, lo que llev\u00f3\u00a0al juez a decretar la prisi\u00f3n preventiva. El\u00a0expresidente\u00a0aleg\u00f3 \u201cparanoia\u201d\u00a0y\u00a0\u201calucinaciones causadas por medicamentos\u201d para justificar su acto\u00a0y\u00a0neg\u00f3\u00a0que quisiera huir.   <\/p>\n<p>La imagen del l\u00edder de derecha usando un soldador en el medio de la noche para derretir la tobillera contrasta con otra la de Lula entreg\u00e1ndose a la Justicia, en abril\u00a0de\u00a02018 en S\u00e3o Bernardo do Campos, en S\u00e3o Paulo,\u00a0frente a la sede del\u00a0Sindicato de los Metal\u00fargicos, donde comenz\u00f3 su carrera pol\u00edtica. <\/p>\n<div class=\"m-em-image\">\n<figure class=\"m-item-image m-item-image--original m-item-image--has-caption\">\n<picture class=\"a-picture a-picture--original\"><source type=\"image\/webp\" srcset=\"https:\/\/s.france24.com\/media\/display\/5a5ee72a-e1d4-11f0-9d47-005056a97e36\/w:246\/2025-12-22T151407Z-2264755-RC2SJIAZWSC4-RTRMADP-3-BRAZIL-ELECTION-BOLSONARO-1.webp 246w,https:\/\/s.france24.com\/media\/display\/5a5ee72a-e1d4-11f0-9d47-005056a97e36\/w:388\/2025-12-22T151407Z-2264755-RC2SJIAZWSC4-RTRMADP-3-BRAZIL-ELECTION-BOLSONARO-1.webp 388w,https:\/\/s.france24.com\/media\/display\/5a5ee72a-e1d4-11f0-9d47-005056a97e36\/w:720\/2025-12-22T151407Z-2264755-RC2SJIAZWSC4-RTRMADP-3-BRAZIL-ELECTION-BOLSONARO-1.webp 720w,https:\/\/s.france24.com\/media\/display\/5a5ee72a-e1d4-11f0-9d47-005056a97e36\/w:980\/2025-12-22T151407Z-2264755-RC2SJIAZWSC4-RTRMADP-3-BRAZIL-ELECTION-BOLSONARO-1.webp 980w\" sizes=\"(max-width: 1023px) calc(100vw - 32px), (min-width: 1024px) 850px\"><img fetchpriority=\"low\" decoding=\"async\" src=\"https:\/\/s.france24.com\/media\/display\/5a5ee72a-e1d4-11f0-9d47-005056a97e36\/w:980\/2025-12-22T151407Z-2264755-RC2SJIAZWSC4-RTRMADP-3-BRAZIL-ELECTION-BOLSONARO-1.jpg\" srcset=\"https:\/\/s.france24.com\/media\/display\/5a5ee72a-e1d4-11f0-9d47-005056a97e36\/w:246\/2025-12-22T151407Z-2264755-RC2SJIAZWSC4-RTRMADP-3-BRAZIL-ELECTION-BOLSONARO-1.jpg 246w,https:\/\/s.france24.com\/media\/display\/5a5ee72a-e1d4-11f0-9d47-005056a97e36\/w:388\/2025-12-22T151407Z-2264755-RC2SJIAZWSC4-RTRMADP-3-BRAZIL-ELECTION-BOLSONARO-1.jpg 388w,https:\/\/s.france24.com\/media\/display\/5a5ee72a-e1d4-11f0-9d47-005056a97e36\/w:720\/2025-12-22T151407Z-2264755-RC2SJIAZWSC4-RTRMADP-3-BRAZIL-ELECTION-BOLSONARO-1.jpg 720w,https:\/\/s.france24.com\/media\/display\/5a5ee72a-e1d4-11f0-9d47-005056a97e36\/w:980\/2025-12-22T151407Z-2264755-RC2SJIAZWSC4-RTRMADP-3-BRAZIL-ELECTION-BOLSONARO-1.jpg 980w\" sizes=\"(max-width: 1023px) calc(100vw - 32px), (min-width: 1024px) 850px\" alt=\"El senador Flavio Bolsonaro , hijo del ex presidente de Brasil Jair Bolsonaro , habla durante una entrevista con Reuters en Brasilia, Brasil, el 19 de diciembre de 2025.\" style=\"max-height:567px\" loading=\"lazy\" class=\"a-img \"\/><br \/>\n<\/source><\/picture><figcaption class=\"a-figcaption\">\n                <span>El senador Flavio Bolsonaro , hijo del ex presidente de Brasil Jair Bolsonaro , habla durante una entrevista con Reuters en Brasilia, Brasil, el 19 de diciembre de 2025.<\/span>                <span>REUTERS &#8211; Adriano Machado<\/span>            <\/figcaption><\/figure>\n<\/p><\/div>\n<p>Seg\u00fan analistas, estos relatos visuales cargan un a\u00f1o electoral,\u00a0en el que\u00a0Lula\u00a0probablemente\u00a0enfrentar\u00e1 en las urnas\u00a0al senador\u00a0Fl\u00e1vio\u00a0Bolsonaro, hijo del expresidente y, al menos\u00a0de momento,\u00a0delf\u00edn oficial del\u00a0bolsonarismo.\u00a0Sin embargo, teniendo en cuenta la imprevisibilidad de Brasil, puede haber sorpresas en el escenario pol\u00edtico, incluso con una candidatura sorpresa de la ex primera dama Michelle\u00a0Bolsonaro\u00a0a la Vicepresidencia, al lado del actual gobernador de S\u00e3o Paulo,\u00a0Tarc\u00edsio\u00a0de Freitas.<\/p>\n<p>Todav\u00eda es pronto para hacer apuestas electorales. El tiempo dir\u00e1 cu\u00e1les de las dos estrategias ser\u00e1 vencedora a finales de este a\u00f1o: si un Lula de 80 a\u00f1os en\u00e9rgico, que incluso ha sido elogiado por la presidenta de la Comisi\u00f3n Europea,\u00a0Ursula\u00a0von\u00a0der\u00a0Leyen, por su papel en la negociaci\u00f3n final del acuerdo con el Mercosur, o un Bolsonaro encarcelado pero a\u00fan popular y que podr\u00eda perpetuar su legado a trav\u00e9s de sus hijos. <\/p>\n<p class=\"a-read-more\"><span class=\"a-read-more__label\">Leer tambi\u00e9n<\/span>La ri\u00f1a de Trump con Lula por Bolsonaro: trasfondo e impacto de su castigo arancelario<\/p>\n<\/p><\/div>\n<p><script async src=\"\/\/www.instagram.com\/embed.js\"><\/script><br \/>\n<br \/>\n","protected":false},"excerpt":{"rendered":"<p>El a\u00f1o\u00a02026, en\u00a0el que\u00a0Brasil afronta elecciones presidenciales, arranc\u00f3 con una imagen del presidente Luiz\u00a0In\u00e1cio\u00a0Lula da Silva que caus\u00f3 revuelo para algunos. En un v\u00eddeo publicado por su esposa. Janja, en las redes sociales, se ve al presidente de Brasil, de 80 a\u00f1os, paseando por una playa paradis\u00edaca en ba\u00f1ador. Para mostrar este contenido de Instagram, &hellip;<\/p>\n","protected":false},"author":1,"featured_media":56937,"comment_status":"open","ping_status":"open","sticky":false,"template":"","format":"standard","meta":{"fifu_image_url":"https:\/\/s.france24.com\/media\/display\/53c32888-ecae-11f0-8a72-005056bfb2b6\/w:1280\/p:16x9\/be4ec620a72589bda1d7d4f67af707cbcf48993a.jpg","fifu_image_alt":"","footnotes":""},"categories":[13],"tags":[],"class_list":["post-56935","post","type-post","status-publish","format-standard","has-post-thumbnail","","category-mundo"],"_links":{"self":[{"href":"https:\/\/noticiasveraces.com\/index.php?rest_route=\/wp\/v2\/posts\/56935","targetHints":{"allow":["GET"]}}],"collection":[{"href":"https:\/\/noticiasveraces.com\/index.php?rest_route=\/wp\/v2\/posts"}],"about":[{"href":"https:\/\/noticiasveraces.com\/index.php?rest_route=\/wp\/v2\/types\/post"}],"author":[{"embeddable":true,"href":"https:\/\/noticiasveraces.com\/index.php?rest_route=\/wp\/v2\/users\/1"}],"replies":[{"embeddable":true,"href":"https:\/\/noticiasveraces.com\/index.php?rest_route=%2Fwp%2Fv2%2Fcomments&post=56935"}],"version-history":[{"count":0,"href":"https:\/\/noticiasveraces.com\/index.php?rest_route=\/wp\/v2\/posts\/56935\/revisions"}],"wp:featuredmedia":[{"embeddable":true,"href":"https:\/\/noticiasveraces.com\/index.php?rest_route=\/wp\/v2\/media\/56937"}],"wp:attachment":[{"href":"https:\/\/noticiasveraces.com\/index.php?rest_route=%2Fwp%2Fv2%2Fmedia&parent=56935"}],"wp:term":[{"taxonomy":"category","embeddable":true,"href":"https:\/\/noticiasveraces.com\/index.php?rest_route=%2Fwp%2Fv2%2Fcategories&post=56935"},{"taxonomy":"post_tag","embeddable":true,"href":"https:\/\/noticiasveraces.com\/index.php?rest_route=%2Fwp%2Fv2%2Ftags&post=56935"}],"curies":[{"name":"wp","href":"https:\/\/api.w.org\/{rel}","templated":true}]}}