{"id":56933,"date":"2026-01-25T19:32:03","date_gmt":"2026-01-25T23:32:03","guid":{"rendered":"https:\/\/noticiasveraces.com\/?p=56933"},"modified":"2026-01-25T19:32:03","modified_gmt":"2026-01-25T23:32:03","slug":"valores-fundamentales-de-ee-uu-estan-bajo-ataque","status":"publish","type":"post","link":"https:\/\/noticiasveraces.com\/?p=56933","title":{"rendered":"valores fundamentales de EE.UU. est\u00e1n \u201cbajo ataque\u201d"},"content":{"rendered":"<p> \n<\/p>\n<div data-tracking-name=\"rich-text\" data-tracking-skip=\"true\">\n<p>El expresidente de Estados Unidos Barack Obama (2009 -2017) y su esposa, Michelle Obama, declararon en un comunicado conjunto este domingo (25.01.2026) que la muerte de un ciudadano de Mine\u00e1polis a manos de un agente federal de inmigraci\u00f3n \u00abdeber\u00eda ser un llamado de atenci\u00f3n para todos los estadounidenses, sin importar su afiliaci\u00f3n pol\u00edtica\u00bb y criticaron a la administraci\u00f3n de Donald Trump por \u00abescalar la situaci\u00f3n\u00bb.<\/p>\n<p>\u00abLos agentes federales de seguridad y de inmigraci\u00f3n tienen un trabajo dif\u00edcil. Pero los estadounidenses esperan que cumplan con sus deberes de manera legal y responsable, y que colaboren con las autoridades estatales y locales, en lugar de oponerse a ellas, para garantizar la seguridad p\u00fablica\u00bb, destacan en el texto compartido en redes sociales el exmandatario dem\u00f3crata y la ex primera dama.<\/p>\n<p>Los Obama resaltan que en Minnesota se est\u00e1 viendo \u00abtodo lo contrario\u00bb, ya que, desde hace semanas, personas en todo el pa\u00eds se han sentido \u00abindignadas\u00bb por los agentes \u00abenmascarados\u00bb del Servicio de Inmigraci\u00f3n y Control de Aduanas (ICE) \u00abque act\u00faan con impunidad y emplean t\u00e1cticas que parecen dise\u00f1adas para intimidar, acosar, provocar y poner en peligro a los residentes de una importante ciudad estadounidense\u00bb.<\/p>\n<h2>\u00abTragedia desgarradora\u00bb<\/h2>\n<p>La muerte de Alex Pretti, un enfermero abatido por agentes federales en Mine\u00e1polis el s\u00e1bado, fue calificada por los Obama como una \u00abtragedia desgarradora\u00bb y \u00abuna llamada de atenci\u00f3n\u00bb de que muchos valores fundamentales de Estados Unidos est\u00e1n cada vez m\u00e1s \u00abbajo ataque\u00bb. \u00abDepende de cada uno de nosotros, como ciudadanos, alzar la voz contra la injusticia, proteger nuestras libertades fundamentales y exigir responsabilidades a nuestro gobierno\u00bb, se\u00f1alan.<\/p>\n<p>\u00abEn lugar de intentar imponer cierta disciplina y rendici\u00f3n de cuentas sobre los agentes que han desplegado, el presidente y los actuales funcionarios de la administraci\u00f3n parecen ansiosos por escalar la situaci\u00f3n\u00bb, apunta el documento, donde acusan que se ofrecen \u00abexplicaciones p\u00fablicas sobre los tiroteos de Pretti y Renee Good que no est\u00e1n fundamentadas en ninguna investigaci\u00f3n seria, y que parecen estar directamente contradichas por evidencia en video\u00bb.<\/p>\n<p>Concluyen se\u00f1alando que \u00abcada estadounidense deber\u00eda apoyar e inspirarse en la ola de protestas pac\u00edficas en Mine\u00e1polis y otras partes del pa\u00eds\u00bb.<\/p>\n<p>DZC (EFE, AFP)<\/p>\n<\/div>\n\n","protected":false},"excerpt":{"rendered":"<p>El expresidente de Estados Unidos Barack Obama (2009 -2017) y su esposa, Michelle Obama, declararon en un comunicado conjunto este domingo (25.01.2026) que la muerte de un ciudadano de Mine\u00e1polis a manos de un agente federal de inmigraci\u00f3n \u00abdeber\u00eda ser un llamado de atenci\u00f3n para todos los estadounidenses, sin importar su afiliaci\u00f3n pol\u00edtica\u00bb y criticaron &hellip;<\/p>\n","protected":false},"author":1,"featured_media":56934,"comment_status":"open","ping_status":"open","sticky":false,"template":"","format":"standard","meta":{"fifu_image_url":"https:\/\/static.dw.com\/image\/70000587_6.jpg","fifu_image_alt":"","footnotes":""},"categories":[13],"tags":[],"class_list":["post-56933","post","type-post","status-publish","format-standard","has-post-thumbnail","","category-mundo"],"_links":{"self":[{"href":"https:\/\/noticiasveraces.com\/index.php?rest_route=\/wp\/v2\/posts\/56933","targetHints":{"allow":["GET"]}}],"collection":[{"href":"https:\/\/noticiasveraces.com\/index.php?rest_route=\/wp\/v2\/posts"}],"about":[{"href":"https:\/\/noticiasveraces.com\/index.php?rest_route=\/wp\/v2\/types\/post"}],"author":[{"embeddable":true,"href":"https:\/\/noticiasveraces.com\/index.php?rest_route=\/wp\/v2\/users\/1"}],"replies":[{"embeddable":true,"href":"https:\/\/noticiasveraces.com\/index.php?rest_route=%2Fwp%2Fv2%2Fcomments&post=56933"}],"version-history":[{"count":0,"href":"https:\/\/noticiasveraces.com\/index.php?rest_route=\/wp\/v2\/posts\/56933\/revisions"}],"wp:featuredmedia":[{"embeddable":true,"href":"https:\/\/noticiasveraces.com\/index.php?rest_route=\/wp\/v2\/media\/56934"}],"wp:attachment":[{"href":"https:\/\/noticiasveraces.com\/index.php?rest_route=%2Fwp%2Fv2%2Fmedia&parent=56933"}],"wp:term":[{"taxonomy":"category","embeddable":true,"href":"https:\/\/noticiasveraces.com\/index.php?rest_route=%2Fwp%2Fv2%2Fcategories&post=56933"},{"taxonomy":"post_tag","embeddable":true,"href":"https:\/\/noticiasveraces.com\/index.php?rest_route=%2Fwp%2Fv2%2Ftags&post=56933"}],"curies":[{"name":"wp","href":"https:\/\/api.w.org\/{rel}","templated":true}]}}