{"id":56930,"date":"2026-01-25T18:31:02","date_gmt":"2026-01-25T22:31:02","guid":{"rendered":"https:\/\/noticiasveraces.com\/?p=56930"},"modified":"2026-01-25T18:31:02","modified_gmt":"2026-01-25T22:31:02","slug":"un-video-muestra-a-un-combatiente-sirio-con-una-trenza-que-segun-el-es-de-una-mujer-kurda-en-raqqa","status":"publish","type":"post","link":"https:\/\/noticiasveraces.com\/?p=56930","title":{"rendered":"Un v\u00eddeo muestra a un combatiente sirio con una trenza que, seg\u00fan \u00e9l, es de una mujer kurda en Raqqa"},"content":{"rendered":"<p> \n<\/p>\n<div>\n<div id=\"beyondwords-wrapper\" class=\"beyondwords-wrapper\">\n<p><span class=\"label-bg\">NUEVO<\/span>\u00a1Ahora puedes escuchar los art\u00edculos de Fox News!\n  <\/p>\n<\/div>\n<p class=\"speakable\">Un v\u00eddeo que muestra a un miliciano sirio sosteniendo lo que afirma ser una trenza cortada perteneciente a un combatiente kurdo asesinado en Raqqa ha provocado indignaci\u00f3n mientras Damasco intenta afirmar el control en el noreste de Siria en medio de un fr\u00e1gil alto el fuego.<\/p>\n<p class=\"speakable\">En el video, el hombre sostiene lo que parece ser una trenza cortada. Se dice que le dice a la persona que filma que se lo quit\u00f3 a una mujer que, seg\u00fan \u00e9l, estaba afiliada a las Fuerzas Democr\u00e1ticas Sirias (SDF) lideradas por los kurdos. <\/p>\n<p>Cuando se le pregunta por qu\u00e9, responde: \u00abElla ya se fue, \u00bfqu\u00e9 har\u00e1?\u00bb. seg\u00fan un medio de comunicaci\u00f3n con sede en Londres<i><strong> <\/strong><\/i>Nuevo \u00e1rabe.<\/p>\n<p>El video provoc\u00f3 una campa\u00f1a en l\u00ednea y protestas en las que las mujeres kurdas se trenzaron el cabello en solidaridad.  La indignaci\u00f3n sigui\u00f3 creciendo a medida que el control en el noreste de Siria comenz\u00f3 a cambiar, inform\u00f3 AFP.<\/p>\n<p><strong>TURQU\u00cdA DICE QUE SIRIA EL USO DE LA FUERZA ES UNA OPCI\u00d3N CONTRA LOS COMBATIENTES RESPALDADOS POR ESTADOS UNIDOS QUE AYUDARON A DERROTAR A ISIS<\/strong><\/p>\n<p>\u00abEl v\u00eddeo destac\u00f3 los temores que muchos kurdos tienen sobre lo que el control del gobierno sirio podr\u00eda significar para sus comunidades\u00bb, dijo el analista sirio Nanar Hawach a Fox News Digital.<\/p>\n<p>\u00abEl combatiente afiliado a Damasco levant\u00f3 una trenza cortada, afirmando que se la cort\u00f3 a un combatiente de las YPJ asesinado en Raqqa, pero luego afirm\u00f3 que era &#39;artificial&#39; y &#39;una broma&#39;. La identidad y el destino de la mujer siguen sin verificarse\u00bb, dijo Hawach, de International Crisis Group.<\/p>\n<p>\u00abSin embargo, la respuesta importa m\u00e1s que el v\u00eddeo\u00bb, a\u00f1adi\u00f3, se\u00f1alando que la trenza tiene \u00abun significado cultural en la tradici\u00f3n kurda y se ha convertido en un s\u00edmbolo de la resistencia de las mujeres\u00bb.<\/p>\n<p><strong>ATAQUE DE ESTADOS UNIDOS ELIMINA OPERADOR DE AL QAEDA CONECTADO A LA EMBOSCADA DE ISIS QUE MAT\u00d3 A 3 ESTADOUNIDENSES EN SIRIA<\/strong><\/p>\n<div class=\"image-ct inline\">\n<div class=\"m\"><picture><source media=\"(max-width: 767px)\" srcset=\"https:\/\/a57.foxnews.com\/static.foxnews.com\/foxnews.com\/content\/uploads\/2026\/01\/343\/192\/women-braid-viral-video.jpg?ve=1&amp;tl=1, https:\/\/a57.foxnews.com\/static.foxnews.com\/foxnews.com\/content\/uploads\/2026\/01\/686\/384\/women-braid-viral-video.jpg?ve=1&amp;tl=1 2x\" height=\"192\" width=\"343\"><source media=\"(min-width: 768px) and (max-width: 1023px)\" srcset=\"https:\/\/a57.foxnews.com\/static.foxnews.com\/foxnews.com\/content\/uploads\/2026\/01\/672\/378\/women-braid-viral-video.jpg?ve=1&amp;tl=1, https:\/\/a57.foxnews.com\/static.foxnews.com\/foxnews.com\/content\/uploads\/2026\/01\/1344\/756\/women-braid-viral-video.jpg?ve=1&amp;tl=1 2x\" height=\"378\" width=\"672\"><source media=\"(min-width: 1024px) and (max-width: 1279px)\" srcset=\"https:\/\/a57.foxnews.com\/static.foxnews.com\/foxnews.com\/content\/uploads\/2026\/01\/931\/523\/women-braid-viral-video.jpg?ve=1&amp;tl=1, https:\/\/a57.foxnews.com\/static.foxnews.com\/foxnews.com\/content\/uploads\/2026\/01\/1862\/1046\/women-braid-viral-video.jpg?ve=1&amp;tl=1 2x\" height=\"523\" width=\"931\"><source media=\"(min-width: 1280px)\" srcset=\"https:\/\/a57.foxnews.com\/static.foxnews.com\/foxnews.com\/content\/uploads\/2026\/01\/720\/405\/women-braid-viral-video.jpg?ve=1&amp;tl=1, https:\/\/a57.foxnews.com\/static.foxnews.com\/foxnews.com\/content\/uploads\/2026\/01\/1440\/810\/women-braid-viral-video.jpg?ve=1&amp;tl=1 2x\" height=\"405\" width=\"720\"><img loading=\"lazy\" decoding=\"async\" src=\"https:\/\/a57.foxnews.com\/static.foxnews.com\/foxnews.com\/content\/uploads\/2026\/01\/1200\/675\/women-braid-viral-video.jpg?ve=1&amp;tl=1\" alt=\"Mujeres con el pelo trenzado.\" width=\"1200\" height=\"675\"\/><\/source><\/source><\/source><\/source><\/picture><\/div>\n<div class=\"info\">\n<div class=\"caption\">\n<p><span>Las mujeres comenzaron a trenzarse el cabello en protesta despu\u00e9s de que un video se volviera viral que parec\u00eda mostrar a un soldado sirio alardeando de haber cortado la trenza de una combatiente kurda.<\/span> <span>(Omar Karim \/ Middle East Images \/ AFP v\u00eda Getty Images)<\/span><\/p>\n<\/div>\n<\/div>\n<\/div>\n<p>El incidente se produce mientras Damasco, bajo el presidente Ahmed al-Sharaa, intenta expandir su alcance y autoridad a \u00e1reas gobernadas durante mucho tiempo por las SDF, el principal socio de Estados Unidos en la lucha contra ISIS en Siria.<\/p>\n<p>Raqqa, que alguna vez fue la capital de facto del grupo Estado Isl\u00e1mico, tambi\u00e9n ha visto surgir enfrentamientos en toda la regi\u00f3n entre las fuerzas del gobierno sirio y unidades kurdas, lo que provoc\u00f3 un alto el fuego mediado por Estados Unidos el 18 de enero.<\/p>\n<p>La tregua sigui\u00f3 a los esfuerzos diplom\u00e1ticos del enviado estadounidense Tom Barrack, quien se reuni\u00f3 con el comandante de las SDF Mazloum Abdi y el l\u00edder kurdo Masoud Barzani en Erbil el 17 de enero antes de viajar a Damasco para reunirse con al-Sharaa, inform\u00f3 Reuters.<\/p>\n<p>\u00abEsta nueva extensi\u00f3n del alto el fuego de 15 d\u00edas ha creado una verdadera ventana diplom\u00e1tica, pero pospone, en lugar de resolver, la disputa fundamental\u00bb, dijo Hawach.<\/p>\n<p><strong>COMBATIENTES DE ISIS SE LIBERAN DE LA C\u00c1RCEL SIRIA EN MEDIO DE UN CA\u00d3TICO TRASPASO DEL GOBIERNO<\/strong><\/p>\n<div class=\"image-ct inline\">\n<div class=\"m\"><picture><source media=\"(max-width: 767px)\" srcset=\"https:\/\/a57.foxnews.com\/static.foxnews.com\/foxnews.com\/content\/uploads\/2026\/01\/343\/192\/syria.jpg?ve=1&amp;tl=1, https:\/\/a57.foxnews.com\/static.foxnews.com\/foxnews.com\/content\/uploads\/2026\/01\/686\/384\/syria.jpg?ve=1&amp;tl=1 2x\" height=\"192\" width=\"343\"><source media=\"(min-width: 768px) and (max-width: 1023px)\" srcset=\"https:\/\/a57.foxnews.com\/static.foxnews.com\/foxnews.com\/content\/uploads\/2026\/01\/672\/378\/syria.jpg?ve=1&amp;tl=1, https:\/\/a57.foxnews.com\/static.foxnews.com\/foxnews.com\/content\/uploads\/2026\/01\/1344\/756\/syria.jpg?ve=1&amp;tl=1 2x\" height=\"378\" width=\"672\"><source media=\"(min-width: 1024px) and (max-width: 1279px)\" srcset=\"https:\/\/a57.foxnews.com\/static.foxnews.com\/foxnews.com\/content\/uploads\/2026\/01\/931\/523\/syria.jpg?ve=1&amp;tl=1, https:\/\/a57.foxnews.com\/static.foxnews.com\/foxnews.com\/content\/uploads\/2026\/01\/1862\/1046\/syria.jpg?ve=1&amp;tl=1 2x\" height=\"523\" width=\"931\"><source media=\"(min-width: 1280px)\" srcset=\"https:\/\/a57.foxnews.com\/static.foxnews.com\/foxnews.com\/content\/uploads\/2026\/01\/720\/405\/syria.jpg?ve=1&amp;tl=1, https:\/\/a57.foxnews.com\/static.foxnews.com\/foxnews.com\/content\/uploads\/2026\/01\/1440\/810\/syria.jpg?ve=1&amp;tl=1 2x\" height=\"405\" width=\"720\"><img loading=\"lazy\" decoding=\"async\" src=\"https:\/\/a57.foxnews.com\/static.foxnews.com\/foxnews.com\/content\/uploads\/2026\/01\/1200\/675\/syria.jpg?ve=1&amp;tl=1\" alt=\"Campo de detenci\u00f3n sirio y fuerzas gubernamentales.\" width=\"1200\" height=\"675\"\/><\/source><\/source><\/source><\/source><\/picture><\/div>\n<div class=\"info\">\n<div class=\"caption\">\n<p><span>Las fuerzas de seguridad sirias aumentaron las medidas de seguridad en el campo de refugiados de Al-Hawl.<\/span> <span>(Santiago Montag\/Anadolu v\u00eda Getty Image)<\/span><\/p>\n<\/div>\n<\/div>\n<\/div>\n<p>\u00abPara los kurdos de Siria, la extensi\u00f3n ofrece un alivio temporal pero quiz\u00e1s poca certeza sobre lo que vendr\u00e1 despu\u00e9s\u00bb, dijo. \u00abEl desacuerdo fundamental persiste: Damasco insiste en la integraci\u00f3n individual, mientras que las SDF ven la disoluci\u00f3n organizacional como un borrado pol\u00edtico\u00bb.<\/p>\n<p>La extensi\u00f3n del alto el fuego tambi\u00e9n estuvo ligada a preocupaciones de seguridad en torno a los prisioneros de ISIS retenidos en el noreste de Siria.<\/p>\n<p>Damasco ha tomado el control de varios lugares de detenci\u00f3n. Como inform\u00f3 anteriormente Fox News Digital, los prisioneros escaparon en medio de la transferencia de control antes de que el Comando Central de Estados Unidos comenzara a trasladar a los detenidos a Irak el 21 de enero, con la operaci\u00f3n en curso.<\/p>\n<p><strong>COMBATIENTES DE ISIS A\u00daN EN PUERTO DESPU\u00c9S DE LA FUGA DE PRISIONES EN SIRIA, CONTRIBUYENDO A UNA SITUACI\u00d3N DE SEGURIDAD VOL\u00c1TIL<\/strong><\/p>\n<div class=\"image-ct inline\">\n<div class=\"m\"><picture><source media=\"(max-width: 767px)\" srcset=\"https:\/\/a57.foxnews.com\/static.foxnews.com\/foxnews.com\/content\/uploads\/2026\/01\/343\/192\/syria-forces.jpg?ve=1&amp;tl=1, https:\/\/a57.foxnews.com\/static.foxnews.com\/foxnews.com\/content\/uploads\/2026\/01\/686\/384\/syria-forces.jpg?ve=1&amp;tl=1 2x\" height=\"192\" width=\"343\"><source media=\"(min-width: 768px) and (max-width: 1023px)\" srcset=\"https:\/\/a57.foxnews.com\/static.foxnews.com\/foxnews.com\/content\/uploads\/2026\/01\/672\/378\/syria-forces.jpg?ve=1&amp;tl=1, https:\/\/a57.foxnews.com\/static.foxnews.com\/foxnews.com\/content\/uploads\/2026\/01\/1344\/756\/syria-forces.jpg?ve=1&amp;tl=1 2x\" height=\"378\" width=\"672\"><source media=\"(min-width: 1024px) and (max-width: 1279px)\" srcset=\"https:\/\/a57.foxnews.com\/static.foxnews.com\/foxnews.com\/content\/uploads\/2026\/01\/931\/523\/syria-forces.jpg?ve=1&amp;tl=1, https:\/\/a57.foxnews.com\/static.foxnews.com\/foxnews.com\/content\/uploads\/2026\/01\/1862\/1046\/syria-forces.jpg?ve=1&amp;tl=1 2x\" height=\"523\" width=\"931\"><source media=\"(min-width: 1280px)\" srcset=\"https:\/\/a57.foxnews.com\/static.foxnews.com\/foxnews.com\/content\/uploads\/2026\/01\/720\/405\/syria-forces.jpg?ve=1&amp;tl=1, https:\/\/a57.foxnews.com\/static.foxnews.com\/foxnews.com\/content\/uploads\/2026\/01\/1440\/810\/syria-forces.jpg?ve=1&amp;tl=1 2x\" height=\"405\" width=\"720\"><img loading=\"lazy\" decoding=\"async\" src=\"https:\/\/a57.foxnews.com\/static.foxnews.com\/foxnews.com\/content\/uploads\/2026\/01\/1200\/675\/syria-forces.jpg?ve=1&amp;tl=1\" alt=\"Fuerzas del ej\u00e9rcito sirio celebrando.\" width=\"1200\" height=\"675\"\/><\/source><\/source><\/source><\/source><\/picture><\/div>\n<div class=\"info\">\n<div class=\"caption\">\n<p><span>Ciudadanos sirios celebran e izan banderas sirias el 20 de enero de 2026 en Raqqa, Siria.<\/span> <span>(Ahmad Hasaballah\/Getty Images)<\/span><\/p>\n<\/div>\n<\/div>\n<\/div>\n<p>\u00abWashington est\u00e1 corriendo para transferir a los detenidos antes de que la situaci\u00f3n de seguridad se deteriore a\u00fan m\u00e1s\u00bb, dijo Hawach.<\/p>\n<p>\u00abEl objetivo de Washington es evitar que este enfrentamiento produzca dos resultados: violencia contra los kurdos o un resurgimiento del Estado Isl\u00e1mico desde los centros de detenci\u00f3n\u00bb, dijo.<\/p>\n<p><strong>HAGA CLIC AQU\u00cd PARA DESCARGAR LA APLICACI\u00d3N FOX NEWS<\/strong><\/p>\n<p>\u00abEstados Unidos est\u00e1 tratando de garantizar que esta transici\u00f3n no termine en violencia \u00e9tnica o en un resurgimiento del Estado Isl\u00e1mico\u00bb, a\u00f1adi\u00f3 Hawach.<\/p>\n<p>\u00abLa disputa fundamental sobre la integraci\u00f3n entre las SDF y Damasco sigue sin resolverse. Si no pueden cerrar esa brecha, es posible que se reanuden los combates cuando expire este nuevo alto el fuego de 15 d\u00edas\u00bb, dijo.<\/p>\n<p> <!----> <\/p>\n<div class=\"article-meta\">\n<div class=\"author-bio\">\n<p>Emma Bussey es redactora de noticias de \u00faltima hora para Fox News Digital. Antes de unirse a Fox, trabaj\u00f3 en The Telegraph con el equipo nocturno de EE. UU., en \u00e1reas que inclu\u00edan asuntos exteriores, pol\u00edtica, noticias, deportes y cultura. <\/p>\n<\/div>\n<\/div>\n<\/div>\n\n","protected":false},"excerpt":{"rendered":"<p>NUEVO\u00a1Ahora puedes escuchar los art\u00edculos de Fox News! Un v\u00eddeo que muestra a un miliciano sirio sosteniendo lo que afirma ser una trenza cortada perteneciente a un combatiente kurdo asesinado en Raqqa ha provocado indignaci\u00f3n mientras Damasco intenta afirmar el control en el noreste de Siria en medio de un fr\u00e1gil alto el fuego. En &hellip;<\/p>\n","protected":false},"author":1,"featured_media":56932,"comment_status":"open","ping_status":"open","sticky":false,"template":"","format":"standard","meta":{"fifu_image_url":"https:\/\/static.foxnews.com\/foxnews.com\/content\/uploads\/2026\/01\/women-braid-viral-video.jpg","fifu_image_alt":"","footnotes":""},"categories":[13],"tags":[],"class_list":["post-56930","post","type-post","status-publish","format-standard","has-post-thumbnail","","category-mundo"],"_links":{"self":[{"href":"https:\/\/noticiasveraces.com\/index.php?rest_route=\/wp\/v2\/posts\/56930","targetHints":{"allow":["GET"]}}],"collection":[{"href":"https:\/\/noticiasveraces.com\/index.php?rest_route=\/wp\/v2\/posts"}],"about":[{"href":"https:\/\/noticiasveraces.com\/index.php?rest_route=\/wp\/v2\/types\/post"}],"author":[{"embeddable":true,"href":"https:\/\/noticiasveraces.com\/index.php?rest_route=\/wp\/v2\/users\/1"}],"replies":[{"embeddable":true,"href":"https:\/\/noticiasveraces.com\/index.php?rest_route=%2Fwp%2Fv2%2Fcomments&post=56930"}],"version-history":[{"count":0,"href":"https:\/\/noticiasveraces.com\/index.php?rest_route=\/wp\/v2\/posts\/56930\/revisions"}],"wp:featuredmedia":[{"embeddable":true,"href":"https:\/\/noticiasveraces.com\/index.php?rest_route=\/wp\/v2\/media\/56932"}],"wp:attachment":[{"href":"https:\/\/noticiasveraces.com\/index.php?rest_route=%2Fwp%2Fv2%2Fmedia&parent=56930"}],"wp:term":[{"taxonomy":"category","embeddable":true,"href":"https:\/\/noticiasveraces.com\/index.php?rest_route=%2Fwp%2Fv2%2Fcategories&post=56930"},{"taxonomy":"post_tag","embeddable":true,"href":"https:\/\/noticiasveraces.com\/index.php?rest_route=%2Fwp%2Fv2%2Ftags&post=56930"}],"curies":[{"name":"wp","href":"https:\/\/api.w.org\/{rel}","templated":true}]}}