{"id":56909,"date":"2026-01-25T14:27:04","date_gmt":"2026-01-25T18:27:04","guid":{"rendered":"https:\/\/noticiasveraces.com\/?p=56909"},"modified":"2026-01-25T14:27:04","modified_gmt":"2026-01-25T18:27:04","slug":"excarcelan-a-dirigente-de-vente-venezuela-ramon-bejarano-tras-mas-de-un-ano-detenido-en-carcel-de-la-pica-correo-del-caroni","status":"publish","type":"post","link":"https:\/\/noticiasveraces.com\/?p=56909","title":{"rendered":"Excarcelan a dirigente de Vente Venezuela Ram\u00f3n Bejarano tras m\u00e1s de un a\u00f1o detenido en c\u00e1rcel de La Pica \u2013 Correo del Caron\u00ed"},"content":{"rendered":"<p> \n<\/p>\n<div>\n<p>El Comit\u00e9 de Derechos Humanos de Vente Venezuela confirm\u00f3 este domingo 25 de enero la excarcelaci\u00f3n de Ram\u00f3n Bejarano, coordinador de Asociaciones Ciudadanas del partido en el estado Bol\u00edvar, quien permaneci\u00f3 <strong><mark style=\"background-color:rgba(0, 0, 0, 0)\" class=\"has-inline-color has-luminous-vivid-amber-color\"><span style=\"text-decoration: underline;\">detenido<\/span><\/mark><\/strong>  desde el 17 de diciembre de 2024.<\/p>\n<p>La informaci\u00f3n fue difundida por Orlando Moreno, coordinador nacional de Derechos Humanos de Vente Venezuela, quien se\u00f1al\u00f3 que Bejarano estuvo privado de libertad durante <strong><mark style=\"background-color:rgba(0, 0, 0, 0)\" class=\"has-inline-color has-luminous-vivid-amber-color\"><span style=\"text-decoration: underline;\">m\u00e1s de un a\u00f1o<\/span><\/mark><\/strong>  en el Internado Judicial de Monagas, conocido como La Pica, donde -denunci\u00f3- permaneci\u00f3 en condiciones que calific\u00f3 como \u201ccrueles e injustas\u201d.<\/p>\n<p>\u201cHoy finalmente se reencuentra con su familia. Un venezolano m\u00e1s que recupera su libertad\u201d, expres\u00f3 el Comit\u00e9 de DD HH de la organizaci\u00f3n pol\u00edtica a trav\u00e9s de su cuenta en la red social X.<\/p>\n<p>Bejarano fue apresado en el contexto de la ola de persecuci\u00f3n pol\u00edtica contra dirigentes, activistas y ciudadanos que participaron en la defensa del voto en las presidenciales de 2024 y manifestaron su apoyo a Edmundo Gonz\u00e1lez y Mar\u00eda Corina Machado.<\/p>\n<p>Tras su arresto en diciembre de 2024 fue trasladado a la sede del Sebin en El Helicoide, y posteriormente a la c\u00e1rcel La Pica, en Monagas.<\/p>\n<p>Con Bejarano suman 11 los excarcelados en el <strong><mark style=\"background-color:rgba(0, 0, 0, 0)\" class=\"has-inline-color has-luminous-vivid-amber-color\"><span style=\"text-decoration: underline;\">estado Bol\u00edvar<\/span><\/mark><\/strong>desde el pasado 10 de enero, luego del anuncio del <strong><mark style=\"background-color:rgba(0, 0, 0, 0)\" class=\"has-inline-color has-luminous-vivid-amber-color\"><span style=\"text-decoration: underline;\">proceso de excarcelaciones<\/span><\/mark><\/strong>  hecho por el presidente de la Asamblea Nacional, Jorge Rodr\u00edguez, en medio de las presiones que ejerce <strong><mark style=\"background-color:rgba(0, 0, 0, 0)\" class=\"has-inline-color has-luminous-vivid-amber-color\"><span style=\"text-decoration: underline;\">Estados Unidos<\/span><\/mark><\/strong>.<\/p>\n<\/p><\/div>\n\n","protected":false},"excerpt":{"rendered":"<p>El Comit\u00e9 de Derechos Humanos de Vente Venezuela confirm\u00f3 este domingo 25 de enero la excarcelaci\u00f3n de Ram\u00f3n Bejarano, coordinador de Asociaciones Ciudadanas del partido en el estado Bol\u00edvar, quien permaneci\u00f3 detenido desde el 17 de diciembre de 2024. La informaci\u00f3n fue difundida por Orlando Moreno, coordinador nacional de Derechos Humanos de Vente Venezuela, quien &hellip;<\/p>\n","protected":false},"author":1,"featured_media":56910,"comment_status":"open","ping_status":"open","sticky":false,"template":"","format":"standard","meta":{"fifu_image_url":"https:\/\/correodelcaroni.com\/wp-content\/uploads\/2026\/01\/BEJARANO_excarcelado_WEB.jpg","fifu_image_alt":"","footnotes":""},"categories":[13],"tags":[],"class_list":["post-56909","post","type-post","status-publish","format-standard","has-post-thumbnail","","category-mundo"],"_links":{"self":[{"href":"https:\/\/noticiasveraces.com\/index.php?rest_route=\/wp\/v2\/posts\/56909","targetHints":{"allow":["GET"]}}],"collection":[{"href":"https:\/\/noticiasveraces.com\/index.php?rest_route=\/wp\/v2\/posts"}],"about":[{"href":"https:\/\/noticiasveraces.com\/index.php?rest_route=\/wp\/v2\/types\/post"}],"author":[{"embeddable":true,"href":"https:\/\/noticiasveraces.com\/index.php?rest_route=\/wp\/v2\/users\/1"}],"replies":[{"embeddable":true,"href":"https:\/\/noticiasveraces.com\/index.php?rest_route=%2Fwp%2Fv2%2Fcomments&post=56909"}],"version-history":[{"count":0,"href":"https:\/\/noticiasveraces.com\/index.php?rest_route=\/wp\/v2\/posts\/56909\/revisions"}],"wp:featuredmedia":[{"embeddable":true,"href":"https:\/\/noticiasveraces.com\/index.php?rest_route=\/wp\/v2\/media\/56910"}],"wp:attachment":[{"href":"https:\/\/noticiasveraces.com\/index.php?rest_route=%2Fwp%2Fv2%2Fmedia&parent=56909"}],"wp:term":[{"taxonomy":"category","embeddable":true,"href":"https:\/\/noticiasveraces.com\/index.php?rest_route=%2Fwp%2Fv2%2Fcategories&post=56909"},{"taxonomy":"post_tag","embeddable":true,"href":"https:\/\/noticiasveraces.com\/index.php?rest_route=%2Fwp%2Fv2%2Ftags&post=56909"}],"curies":[{"name":"wp","href":"https:\/\/api.w.org\/{rel}","templated":true}]}}