{"id":56906,"date":"2026-01-25T14:15:13","date_gmt":"2026-01-25T18:15:13","guid":{"rendered":"https:\/\/noticiasveraces.com\/?p=56906"},"modified":"2026-01-25T14:15:13","modified_gmt":"2026-01-25T18:15:13","slug":"cuando-la-musica-educa-un-legado-para-las-juventudes-indigenas-de-mexico","status":"publish","type":"post","link":"https:\/\/noticiasveraces.com\/?p=56906","title":{"rendered":"Cuando la m\u00fasica educa: un legado para las juventudes ind\u00edgenas de M\u00e9xico"},"content":{"rendered":"<p> \n<\/p>\n<div>\n<p>En la regi\u00f3n <em>mezcla<\/em> de Oaxaca, la m\u00fasica es parte vital de la vida, un lenguaje com\u00fan. Est\u00e1 tan arraigada en la cultura <em>mezcla<\/em> (<em>no quiero <\/em>en su lengua originaria) que muchas ni\u00f1as y ni\u00f1os aprenden a tocar primero la flauta o la trompeta, incluso antes que a leer y escribir su propia lengua ind\u00edgena o el espa\u00f1ol.<\/p>\n<p>\u201cAqu\u00ed est\u00e1 la cuna de los m\u00fasicos. Hace much\u00edsimo tiempo los abuelitos tocaban m\u00fasica. Ahorita venimos los hijos, nietos y bisnietos. En toda esta regi\u00f3n siempre van a encontrar m\u00fasica\u201d, cuenta Berenice Cruz, clarinetista de 17 a\u00f1os estudiante del Centro de Capacitaci\u00f3n Musical y Desarrollo de la Cultura Mixe (CECAM), ubicado en Santa Mar\u00eda Tlahuitoltepec, en la Sierra Mixe, una regi\u00f3n monta\u00f1osa en el noreste de Oaxaca.<\/p>\n<p>Berenice aprendi\u00f3 a tocar el clarinete a los 6 a\u00f1os, en casa, con uno de sus hermanos. En su familia, tres de los cinco hijos son m\u00fasicos. \u201cMi hermano me ense\u00f1\u00f3 lo b\u00e1sico y ya despu\u00e9s un maestro de mi pueblo que estudi\u00f3 en el Centro nos empez\u00f3 a ense\u00f1ar. <strong>El clarinete es muy bonito, es un instrumento muy dif\u00edcil, muy complicado, pero es muy bonito<\/strong>\u201d, cuenta con una gran sonrisa en la cara.<\/p>\n<p>Desde peque\u00f1a, el sue\u00f1o de Berenice era estudiar m\u00fasica en este Centro y llegar a tocar en su Banda Oficial. Sus padres quer\u00edan que hiciera la educaci\u00f3n media superior, pero ella defendi\u00f3 su sue\u00f1o y, al acabar la secundaria, logr\u00f3 que la inscribieran en el programa de esa escuela. Hoy, tras cuatro a\u00f1os de estudios y mucha disciplina, Berenice ha logrado su sue\u00f1o como clarinetista y es miembro de la Banda Oficial.<\/p>\n<p>\u201cEs un sue\u00f1o hecho realidad\u201d, se\u00f1ala Berenice, quien ahora sue\u00f1a con dedicarse a la m\u00fasica toda su vida y llegar a ser la Directora de una Orquesta Filarm\u00f3nica. Si bien los prejuicios y la discriminaci\u00f3n educativa siguen siendo un impedimento para muchas mujeres ind\u00edgenas, en Santa Mar\u00eda Tlahuitoltepec ya existe la Banda Femenil de Mujeres del Viento Florido, una agrupaci\u00f3n de casi 50 mujeres que se ha convertido en referente a nivel nacional e internacional y que inspira a miles de j\u00f3venes mexicanas como Berenice.<\/p>\n<div class=\"context-un_news_full_width_credit_caption type-entermedia_image media media--type-entermedia-image media--view-mode-un-news-full-width-credit-caption\">\n<div class=\"field field--name-thumbnail field--type-image field--label-hidden field__item\"><picture><source media=\"(max-width: 413px)\" srcset=\"https:\/\/global.unitednations.entermediadb.net\/assets\/mediadb\/services\/module\/asset\/downloads\/preset\/Collections\/Production%20Library\/23-01-2025_ONU_Mexico3.jpg\/image350x235cropped.jpg\"><source media=\"(max-width: 767px)\" srcset=\"https:\/\/global.unitednations.entermediadb.net\/assets\/mediadb\/services\/module\/asset\/downloads\/preset\/Collections\/Production%20Library\/23-01-2025_ONU_Mexico3.jpg\/image560x340cropped.jpg\"><source media=\"(max-width: 991px)\" srcset=\"https:\/\/global.unitednations.entermediadb.net\/assets\/mediadb\/services\/module\/asset\/downloads\/preset\/Collections\/Production%20Library\/23-01-2025_ONU_Mexico3.jpg\/image770x420cropped.jpg\"><source media=\"(max-width: 1199px)\" srcset=\"https:\/\/global.unitednations.entermediadb.net\/assets\/mediadb\/services\/module\/asset\/downloads\/preset\/Collections\/Production%20Library\/23-01-2025_ONU_Mexico3.jpg\/image1170x530cropped.jpg\"><source media=\"(min-width: 1200px)\" srcset=\"https:\/\/global.unitednations.entermediadb.net\/assets\/mediadb\/services\/module\/asset\/downloads\/preset\/Collections\/Production%20Library\/23-01-2025_ONU_Mexico3.jpg\/image1170x530cropped.jpg\"><img decoding=\"async\" src=\"https:\/\/global.unitednations.entermediadb.net\/assets\/mediadb\/services\/module\/asset\/downloads\/preset\/Collections\/Production%20Library\/23-01-2025_ONU_Mexico3.jpg\/image1170x530cropped.jpg\" width=\"1170\" height=\"530\" alt=\"Berenice Cruz, clarinetista zapoteca de CECAM, sonr\u00ede mientras sostiene un clarinete en Santa Mar\u00eda Tlahuitoltepec, Oaxaca, M\u00e9xico.\" loading=\"lazy\"\/><\/p>\n<p><\/source><\/source><\/source><\/source><\/source><\/picture>\n<\/div>\n<div class=\"field field--name-field-authors field--type-entity-reference field--label-hidden field__items\">\n<p>CINU Mexico\/Elo\u00edsa Farrera<\/p>\n<\/p><\/div>\n<p>Un clarinetista zapoteco del CECAM en Santa Mar\u00eda Tlahuitoltepec, Oaxaca, M\u00e9xico.<\/p>\n<\/div>\n<h2>50 a\u00f1os de educaci\u00f3n integral y gratuita<\/h2>\n<p>En reconocimiento a la rica tradici\u00f3n musical de las bandas filarm\u00f3nicas y de los instrumentos de aliento y cuerdas de los pueblos <em>mezcla <\/em>de Oaxaca \u2014resultado del sincretismo religioso y cultural de la \u00e9poca colonial\u2014, las autoridades locales impulsaron en 1977 la creaci\u00f3n del Centro. Desde entonces, ha brindado educaci\u00f3n integral y gratuita, <strong>basada en principios comunitarios y en la cosmovisi\u00f3n ind\u00edgena de la regi\u00f3n<\/strong>consolid\u00e1ndose como un referente en la formaci\u00f3n musical y como una alternativa que impulsa el talento de ni\u00f1as, ni\u00f1os, j\u00f3venes y adultos.<\/p>\n<p>Conscientes de los largos trayectos de la serran\u00eda y las dificultades para llegar al colegio, el Centro brind\u00f3 desde los primeros a\u00f1os albergue para sus alumnos. Para que pudieran comer, dormir y dedicarse a sus estudios musicales sin problemas. Esto, gracias al apoyo del Gobierno municipal y del Instituto Nacional de los Pueblos Ind\u00edgenas, que apoyan con subvenciones algunos servicios b\u00e1sicos y la alimentaci\u00f3n. Hoy en d\u00eda, el Centro alberga a m\u00e1s de 100 hombres y 70 mujeres. Otros tantos deciden rentar y pagar su manutenci\u00f3n por su cuenta. En total, en la escuela estudian ahora 196 alumnas y alumnos.<\/p>\n<p>\u201cEn la escuela se forman j\u00f3venes provenientes de las ocho regiones del estado de Oaxaca y tambi\u00e9n vienen de otros estados. Actualmente, tenemos j\u00f3venes de Guerrero, Quer\u00e9taro, del Estado de M\u00e9xico y Puebla\u201d, explica Ofelia Orozco, quien fue su directora hasta diciembre de 2025.<\/p>\n<div class=\"context-un_news_full_width_credit_caption type-entermedia_image media media--type-entermedia-image media--view-mode-un-news-full-width-credit-caption\">\n<div class=\"field field--name-thumbnail field--type-image field--label-hidden field__item\"><picture><source media=\"(max-width: 413px)\" srcset=\"https:\/\/global.unitednations.entermediadb.net\/assets\/mediadb\/services\/module\/asset\/downloads\/preset\/Collections\/Production%20Library\/23-01-2025_ONU_Mexico2.jpg\/image350x235cropped.jpg\"><source media=\"(max-width: 767px)\" srcset=\"https:\/\/global.unitednations.entermediadb.net\/assets\/mediadb\/services\/module\/asset\/downloads\/preset\/Collections\/Production%20Library\/23-01-2025_ONU_Mexico2.jpg\/image560x340cropped.jpg\"><source media=\"(max-width: 991px)\" srcset=\"https:\/\/global.unitednations.entermediadb.net\/assets\/mediadb\/services\/module\/asset\/downloads\/preset\/Collections\/Production%20Library\/23-01-2025_ONU_Mexico2.jpg\/image770x420cropped.jpg\"><source media=\"(max-width: 1199px)\" srcset=\"https:\/\/global.unitednations.entermediadb.net\/assets\/mediadb\/services\/module\/asset\/downloads\/preset\/Collections\/Production%20Library\/23-01-2025_ONU_Mexico2.jpg\/image1170x530cropped.jpg\"><source media=\"(min-width: 1200px)\" srcset=\"https:\/\/global.unitednations.entermediadb.net\/assets\/mediadb\/services\/module\/asset\/downloads\/preset\/Collections\/Production%20Library\/23-01-2025_ONU_Mexico2.jpg\/image1170x530cropped.jpg\"><img decoding=\"async\" src=\"https:\/\/global.unitednations.entermediadb.net\/assets\/mediadb\/services\/module\/asset\/downloads\/preset\/Collections\/Production%20Library\/23-01-2025_ONU_Mexico2.jpg\/image1170x530cropped.jpg\" width=\"1170\" height=\"530\" alt=\"Braulio Benigno Jos\u00e9 Dom\u00ednguez, un saxofonista de origen mixe de CECAM, posa con su saxof\u00f3n en Santa Mar\u00eda Tlahuitoltepec, Oaxaca, M\u00e9xico, frente a banderas de la ONU y del CEPAL.\" loading=\"lazy\"\/><\/p>\n<p><\/source><\/source><\/source><\/source><\/source><\/picture>\n<\/div>\n<div class=\"field field--name-field-authors field--type-entity-reference field--label-hidden field__items\">\n<p>CINU Mexico\/Elo\u00edsa Farrera<\/p>\n<\/p><\/div>\n<p>El saxofonista ind\u00edgena mixe Braulio Benigno Jos\u00e9 Dom\u00ednguez de CECAM en Oaxaca, M\u00e9xico, en un evento de la ONU\/CEPAL.<\/p>\n<\/div>\n<h2>M\u00fasica: semilla del cambio<\/h2>\n<p>Dedicarse toda su vida a la m\u00fasica y formar una banda tambi\u00e9n es el sue\u00f1o de Braulio Benigno Jos\u00e9 Dom\u00ednguez, saxofonista soprano de 17 a\u00f1os. La familia de Braulio, de origen <em>mezcla<\/em>es totalmente musical; sus cinco hermanos tocan un instrumento. Su hermana mayor, trombonista, fue quien lo introdujo m\u00e1s en su formaci\u00f3n.<\/p>\n<p>Ahora, tras cuatro a\u00f1os de estudios, Braulio puede tocar la guitarra, el piano, el saxof\u00f3n soprano, el saxof\u00f3n alto y el saxof\u00f3n tenor. Para \u00e9l, la escuela es el lugar ideal para ampliar los conocimientos, mientras que la m\u00fasica es una v\u00eda para canalizar las emociones. \u201c(Cuando toco m\u00fasica) me siento muy bien porque cada obra o cada pieza llega a transmitir un sentimiento diferente. Expreso mis emociones a trav\u00e9s del instrumento\u201d, cuenta.<\/p>\n<p><strong>Orgulloso de su cultura, Braulio alienta a ni\u00f1os y j\u00f3venes ind\u00edgenas o de otras comunidades a incursionar en la m\u00fasica<\/strong>pero, sobre todo, a estudiar lo que les apasione. \u201cQue se atrevan. Es muy bueno aventarse a lo que les guste. \u00a1Con educaci\u00f3n y disciplina todo se puede!\u201d, asegura.<\/p>\n<p>Para Tonatiuh Gonz\u00e1lez,\u00a0subdirector del CECAM formado en la Facultad de M\u00fasica de la Universidad Nacional Aut\u00f3noma de M\u00e9xico, el modelo educativo musical del Centro de Santa Mar\u00eda Tlahuitoltepec podr\u00eda ser replicado en otros territorios de M\u00e9xico, especialmente en la zona sureste del pa\u00eds donde tambi\u00e9n hay una gran tradici\u00f3n art\u00edstica y musical de diversos pueblos ind\u00edgenas; sin embargo, aclara, el modelo siempre tiene que ser adaptado a las realidades de cada comunidad.<\/p>\n<p>Este s\u00e1bado 24 de febrero se celebra el D\u00eda Internacional de la Educaci\u00f3n, un derecho humano, un bien p\u00fablico y una responsabilidad colectiva. Sin educaci\u00f3n universal, los pa\u00edses no lograr\u00e1n alcanzar la igualdad de g\u00e9nero ni romper el ciclo de pobreza que deja rezagados a millones de ni\u00f1os, j\u00f3venes y adultos.<\/p>\n<p><em>Texto, video y fotos: Elo\u00edsa Farrera Hern\u00e1ndez<\/em> <em>| Edici\u00f3n de video: Mauricio Arias | Centro de Informaci\u00f3n de las Naciones Unidas para M\u00e9xico, Cuba y Rep\u00fablica Dominicana <\/em><\/p>\n<\/div>\n<p><script async src=\"\/\/www.instagram.com\/embed.js\"><\/script><br \/>\n<br \/>\n","protected":false},"excerpt":{"rendered":"<p>En la regi\u00f3n mezcla de Oaxaca, la m\u00fasica es parte vital de la vida, un lenguaje com\u00fan. Est\u00e1 tan arraigada en la cultura mezcla (no quiero en su lengua originaria) que muchas ni\u00f1as y ni\u00f1os aprenden a tocar primero la flauta o la trompeta, incluso antes que a leer y escribir su propia lengua ind\u00edgena &hellip;<\/p>\n","protected":false},"author":1,"featured_media":56908,"comment_status":"open","ping_status":"open","sticky":false,"template":"","format":"standard","meta":{"fifu_image_url":"https:\/\/global.unitednations.entermediadb.net\/assets\/mediadb\/services\/module\/asset\/downloads\/preset\/Collections\/Production%20Library\/23-01-2025_ONU_Mexico1.jpg\/image770x420cropped.jpg","fifu_image_alt":"","footnotes":""},"categories":[3],"tags":[],"class_list":["post-56906","post","type-post","status-publish","format-standard","has-post-thumbnail","","category-negocio"],"_links":{"self":[{"href":"https:\/\/noticiasveraces.com\/index.php?rest_route=\/wp\/v2\/posts\/56906","targetHints":{"allow":["GET"]}}],"collection":[{"href":"https:\/\/noticiasveraces.com\/index.php?rest_route=\/wp\/v2\/posts"}],"about":[{"href":"https:\/\/noticiasveraces.com\/index.php?rest_route=\/wp\/v2\/types\/post"}],"author":[{"embeddable":true,"href":"https:\/\/noticiasveraces.com\/index.php?rest_route=\/wp\/v2\/users\/1"}],"replies":[{"embeddable":true,"href":"https:\/\/noticiasveraces.com\/index.php?rest_route=%2Fwp%2Fv2%2Fcomments&post=56906"}],"version-history":[{"count":0,"href":"https:\/\/noticiasveraces.com\/index.php?rest_route=\/wp\/v2\/posts\/56906\/revisions"}],"wp:featuredmedia":[{"embeddable":true,"href":"https:\/\/noticiasveraces.com\/index.php?rest_route=\/wp\/v2\/media\/56908"}],"wp:attachment":[{"href":"https:\/\/noticiasveraces.com\/index.php?rest_route=%2Fwp%2Fv2%2Fmedia&parent=56906"}],"wp:term":[{"taxonomy":"category","embeddable":true,"href":"https:\/\/noticiasveraces.com\/index.php?rest_route=%2Fwp%2Fv2%2Fcategories&post=56906"},{"taxonomy":"post_tag","embeddable":true,"href":"https:\/\/noticiasveraces.com\/index.php?rest_route=%2Fwp%2Fv2%2Ftags&post=56906"}],"curies":[{"name":"wp","href":"https:\/\/api.w.org\/{rel}","templated":true}]}}