{"id":56903,"date":"2026-01-25T14:13:10","date_gmt":"2026-01-25T18:13:10","guid":{"rendered":"https:\/\/noticiasveraces.com\/?p=56903"},"modified":"2026-01-25T14:13:10","modified_gmt":"2026-01-25T18:13:10","slug":"la-estrella-de-hollywood-necesita-un-cameo-en-scream-dicen-los-fanaticos-del-terror-antes-de-la-septima-pelicula-peliculas-entretenimiento","status":"publish","type":"post","link":"https:\/\/noticiasveraces.com\/?p=56903","title":{"rendered":"La estrella de Hollywood &#39;necesita&#39; un cameo en Scream, dicen los fan\u00e1ticos del terror antes de la s\u00e9ptima pel\u00edcula | Pel\u00edculas | Entretenimiento"},"content":{"rendered":"<p> \n<\/p>\n<div>\n<div class=\"photo changeSpace\">\n<p class=\"withoutCaption\"><picture><source type=\"image\/avif\" srcset=\"https:\/\/cdn.images.express.co.uk\/img\/dynamic\/36\/1200x712\/secondary\/birmingham-england-paramountpictures-scream-6697666.avif?r=1769355856030\" media=\"screen and (min-width:10000px)\"><source type=\"image\/webp\" srcset=\"https:\/\/cdn.images.express.co.uk\/img\/dynamic\/36\/1200x712\/secondary\/birmingham-england-paramountpictures-scream-6697666.webp?r=1769355856030\" media=\"screen and (min-width:10000px)\"><source type=\"image\/jpeg\" srcset=\"https:\/\/cdn.images.express.co.uk\/img\/dynamic\/36\/1200x712\/secondary\/birmingham-england-paramountpictures-scream-6697666.jpg?r=1769355856030\" media=\"screen and (min-width:10000px)\"><source type=\"image\/avif\" srcset=\"https:\/\/cdn.images.express.co.uk\/img\/dynamic\/36\/674x400\/secondary\/birmingham-england-paramountpictures-scream-6697666.avif?r=1769355856030\" media=\"screen and (min-width:100000px)\"><source type=\"image\/webp\" srcset=\"https:\/\/cdn.images.express.co.uk\/img\/dynamic\/36\/674x400\/secondary\/birmingham-england-paramountpictures-scream-6697666.webp?r=1769355856030\" media=\"screen and (min-width:100000px)\"><source type=\"image\/jpeg\" srcset=\"https:\/\/cdn.images.express.co.uk\/img\/dynamic\/36\/674x400\/secondary\/birmingham-england-paramountpictures-scream-6697666.jpg?r=1769355856030\" media=\"screen and (min-width:100000px)\"><source type=\"image\/avif\" srcset=\"https:\/\/cdn.images.express.co.uk\/img\/dynamic\/36\/940x\/secondary\/birmingham-england-paramountpictures-scream-6697666.avif?r=1769355856030\" media=\"screen and (min-width:1200px)\"><source type=\"image\/webp\" srcset=\"https:\/\/cdn.images.express.co.uk\/img\/dynamic\/36\/940x\/secondary\/birmingham-england-paramountpictures-scream-6697666.webp?r=1769355856030\" media=\"screen and (min-width:1200px)\"><source type=\"image\/jpeg\" srcset=\"https:\/\/cdn.images.express.co.uk\/img\/dynamic\/36\/940x\/secondary\/birmingham-england-paramountpictures-scream-6697666.jpg?r=1769355856030\" media=\"screen and (min-width:1200px)\"><source type=\"image\/avif\" srcset=\"https:\/\/cdn.images.express.co.uk\/img\/dynamic\/36\/590x\/secondary\/birmingham-england-paramountpictures-scream-6697666.avif?r=1769355856030\" media=\"screen\"><source type=\"image\/webp\" srcset=\"https:\/\/cdn.images.express.co.uk\/img\/dynamic\/36\/590x\/secondary\/birmingham-england-paramountpictures-scream-6697666.webp?r=1769355856030\" media=\"screen\"><img decoding=\"async\" class=\"zoomEnabled\" src=\"https:\/\/cdn.images.express.co.uk\/img\/dynamic\/36\/1200x712\/secondary\/birmingham-england-paramountpictures-scream-6697666.jpg?r=1769355856030\" alt=\"Mural del grito \u2013 Revelaci\u00f3n de p\u00f3ster\" title=\"Mural del grito \u2013 Revelaci\u00f3n de p\u00f3ster\" width=\"590\" height=\"393\" fetchpriority=\"high\"\/><\/source><\/source><\/source><\/source><\/source><\/source><\/source><\/source><\/source><\/source><\/source><\/picture><\/p>\n<p><span class=\"newsCaption\">La s\u00e9ptima pel\u00edcula de Scream se estrenar\u00e1 el 27 de febrero <span class=\"caption\">(Imagen: Getty)<\/span><span class=\"magnifier\" data-img=\"https:\/\/cdn.images.express.co.uk\/img\/dynamic\/36\/1200x712\/secondary\/birmingham-england-paramountpictures-scream-6697666.jpg?r=1769355856030\"\/><\/span><\/div>\n<div class=\"text-description\">\n<p>Los fan\u00e1ticos del terror han discutido qu\u00e9 actor les gustar\u00eda m\u00e1s ver aparecer en la franquicia Scream, mientras aumenta la anticipaci\u00f3n por la s\u00e9ptima entrega de la querida serie slasher. La \u00faltima pel\u00edcula, cuyo estreno est\u00e1 previsto para el 27 de febrero, vuelve a centrar la atenci\u00f3n en Sidney Prescott, la \u00ab\u00faltima chica\u00bb original interpretada por Neve Campbell desde el debut de la franquicia en 1996.<\/p>\n<\/div>\n<div class=\"text-description\">\n<p>La primera pel\u00edcula, dirigida por el legendario Wes Craven, vio a Sidney en la mira del ahora famoso asesino Ghostface, utilizando un formato sat\u00edrico de asesinato y misterio que la distingui\u00f3 de pel\u00edculas similares de la \u00e9poca.<\/p>\n<\/div>\n<div class=\"text-description\">\n<p data-mce-linkchecker-status=\"valid\">Las entregas posteriores y los reinicios recientes se han adherido al mismo plan: aparece un nuevo Ghostface para apuntar a personas vinculadas a Sidney o la matanza original perpetrada por los asesinos Billy Loomis y Stu Macher. La franquicia es conocida por sus personajes conscientes de s\u00ed mismos que con frecuencia reconocen y discuten los tropos de las pel\u00edculas de terror y los errores comunes que se ven en pel\u00edculas de terror comparables.<\/p>\n<\/div>\n<div class=\"text-description\">\n<p>Kevin Williamson cre\u00f3 la serie, elaborando el gui\u00f3n de la pel\u00edcula inaugural y su exitosa continuaci\u00f3n de 1997, Scream 2. Aunque luego dej\u00f3 de escribir, ahora ha regresado a escribir y dirigir el s\u00e9ptimo cap\u00edtulo.<\/p>\n<\/div>\n<div class=\"text-description dont-miss\">\n<p><strong>  Leer m\u00e1s:<\/strong>  Pel\u00edcula de terror obra maestra con 93% en Rotten Tomatoes finalmente en Netflix <\/p>\n<p><strong>  Leer m\u00e1s:<\/strong>  Mira Sinners mientras la pel\u00edcula de Michael B Jordan rompe el r\u00e9cord de los Oscar <\/p>\n<\/div>\n<div class=\"text-description\">\n<p>La franquicia se ha hecho famosa por sus secuencias iniciales de asesinato, y la escena ic\u00f3nica de Drew Barrymore en el Scream original establece un est\u00e1ndar formidable.<\/p>\n<\/div>\n<div class=\"text-description\">\n<p>El material de marketing en ese momento sugiri\u00f3 inicialmente que Barrymore ocupar\u00eda un lugar destacado en Scream, solo para dar un giro hitchcockiano al matar a su personaje antes de que se mostrara la tarjeta de t\u00edtulo. La secuencia inicial de asesinatos se ha convertido en un componente crucial y muy esperado de cualquier pel\u00edcula de Scream, y algunos entusiastas creen que Jennifer Coolidge ser\u00eda una elecci\u00f3n \u00abperfecta\u00bb.<\/p>\n<\/div>\n<div class=\"text-description\">\n<p>El actor de 64 a\u00f1os salt\u00f3 a la fama a trav\u00e9s de papeles de comedia y obtuvo un amplio reconocimiento como \u00abla madre de Stifler\u00bb, Jeanine, en la franquicia American Pie, mientras que recientemente obtuvo aplausos por su actuaci\u00f3n en The White Lotus.<\/p>\n<\/div>\n<div class=\"text-description\">\n<p>En Reddit, un fan de Scream escribi\u00f3: \u00abJennifer Coolidge necesita estar en una pel\u00edcula de Scream\u00bb.<\/p>\n<\/div>\n<div class=\"text-description\">\n<p>Continuaron: \u00abEn serio, \u00bfpor qu\u00e9 no ha sucedido esto todav\u00eda? Ella ser\u00eda perfecta, incluso solo para un asesinato inicial, ser\u00eda s\u00faper memorable.<\/p>\n<\/div>\n<div class=\"text-description\">\n<p>\u00abS\u00e9 que a algunos no les gustar\u00eda porque su estilo es generalmente m\u00e1s c\u00f3mico, pero agregar\u00eda algunos elementos agradables de comedia negra que se parecer\u00edan m\u00e1s a los tres primeros\u00bb.<\/p>\n<\/div>\n<div class=\"text-description\">\n<p>En la secci\u00f3n de comentarios, otros fan\u00e1ticos de Scream opinaron. Uno dijo: \u00abSu humor puede ser incre\u00edblemente oscuro, as\u00ed que me encantar\u00eda verla perseguida a su manera\u00bb.<\/p>\n<\/div>\n<div class=\"text-description\">\n<p>Otro dijo: \u00abEsto no me importar\u00eda&#8230; aunque si la mantuvieran viva en un papel secundario le dar\u00eda vibraciones a Scream 3\u00bb.<\/p>\n<\/div>\n<div class=\"text-description\">\n<p>Un tercero comparti\u00f3: \u00abElla necesita estar en todas las pel\u00edculas. Jennifer Coolidge eleva todo lo que hace\u00bb.<\/p>\n<\/div>\n<div class=\"text-description\">\n<p>Sin embargo, un seguidor no estuvo de acuerdo y agreg\u00f3: \u00abSiento que ella podr\u00eda ser una distracci\u00f3n y parecer\u00eda extra\u00f1o verla en una pantalla de Scream, pero soy un fan. Simplemente no s\u00e9 si esta franquicia es la adecuada para ella\u00bb.<\/p>\n<\/div>\n<\/div>\n\n","protected":false},"excerpt":{"rendered":"<p>La s\u00e9ptima pel\u00edcula de Scream se estrenar\u00e1 el 27 de febrero (Imagen: Getty) Los fan\u00e1ticos del terror han discutido qu\u00e9 actor les gustar\u00eda m\u00e1s ver aparecer en la franquicia Scream, mientras aumenta la anticipaci\u00f3n por la s\u00e9ptima entrega de la querida serie slasher. La \u00faltima pel\u00edcula, cuyo estreno est\u00e1 previsto para el 27 de febrero, &hellip;<\/p>\n","protected":false},"author":1,"featured_media":56905,"comment_status":"open","ping_status":"open","sticky":false,"template":"","format":"standard","meta":{"fifu_image_url":"https:\/\/cdn.images.express.co.uk\/img\/dynamic\/36\/1200x630\/6697667.jpg","fifu_image_alt":"","footnotes":""},"categories":[765],"tags":[],"class_list":["post-56903","post","type-post","status-publish","format-standard","has-post-thumbnail","","category-peliculas"],"_links":{"self":[{"href":"https:\/\/noticiasveraces.com\/index.php?rest_route=\/wp\/v2\/posts\/56903","targetHints":{"allow":["GET"]}}],"collection":[{"href":"https:\/\/noticiasveraces.com\/index.php?rest_route=\/wp\/v2\/posts"}],"about":[{"href":"https:\/\/noticiasveraces.com\/index.php?rest_route=\/wp\/v2\/types\/post"}],"author":[{"embeddable":true,"href":"https:\/\/noticiasveraces.com\/index.php?rest_route=\/wp\/v2\/users\/1"}],"replies":[{"embeddable":true,"href":"https:\/\/noticiasveraces.com\/index.php?rest_route=%2Fwp%2Fv2%2Fcomments&post=56903"}],"version-history":[{"count":0,"href":"https:\/\/noticiasveraces.com\/index.php?rest_route=\/wp\/v2\/posts\/56903\/revisions"}],"wp:featuredmedia":[{"embeddable":true,"href":"https:\/\/noticiasveraces.com\/index.php?rest_route=\/wp\/v2\/media\/56905"}],"wp:attachment":[{"href":"https:\/\/noticiasveraces.com\/index.php?rest_route=%2Fwp%2Fv2%2Fmedia&parent=56903"}],"wp:term":[{"taxonomy":"category","embeddable":true,"href":"https:\/\/noticiasveraces.com\/index.php?rest_route=%2Fwp%2Fv2%2Fcategories&post=56903"},{"taxonomy":"post_tag","embeddable":true,"href":"https:\/\/noticiasveraces.com\/index.php?rest_route=%2Fwp%2Fv2%2Ftags&post=56903"}],"curies":[{"name":"wp","href":"https:\/\/api.w.org\/{rel}","templated":true}]}}