{"id":56887,"date":"2026-01-25T12:24:53","date_gmt":"2026-01-25T16:24:53","guid":{"rendered":"https:\/\/noticiasveraces.com\/?p=56887"},"modified":"2026-01-25T12:24:53","modified_gmt":"2026-01-25T16:24:53","slug":"en-venezuela-se-sobrevive-mientras-se-resistedijo-edgar-ramirez-desde-mexico","status":"publish","type":"post","link":"https:\/\/noticiasveraces.com\/?p=56887","title":{"rendered":"&quot;En Venezuela se sobrevive mientras se resiste&quot;dijo \u00c9dgar Ram\u00edrez desde M\u00e9xico"},"content":{"rendered":"<p> \n<\/p>\n<figure id=\"attachment_5873336\" aria-describedby=\"caption-attachment-5873336\" style=\"width: 1280px\" class=\"wp-caption alignnone\"><img loading=\"lazy\" decoding=\"async\" class=\"size-full wp-image-5873336\" src=\"https:\/\/sandia.datanubex.uk\/wp-content\/uploads\/2026\/01\/No-hay-opciones-buenas-ni-viables.-Es-cuestion-de-elegir-entre-lo-malo-y-lo-peor-Edgar-Ramirez-sobre-el-futuro-de-Venezuela.jpg\" alt=\"\" width=\"1280\" height=\"770\" \/><figcaption id=\"caption-attachment-5873336\" class=\"wp-caption-text\">\u00c9dgar Ram\u00edrez<\/figcaption><\/figure>\n<p>&nbsp;<\/p>\n<p>Tras 25 a\u00f1os de un gobierno que se convirti\u00f3 en una \u00abdictadura\u00bb, en Venezuela la gente se acostumbr\u00f3 a \u00absobrevivir\u00bb, pero tambi\u00e9n a \u00abresistir\u00bb el quiebre econ\u00f3mico, pol\u00edtico y social, dijo este domingo a EFE el actor venezolano \u00c9dgar Ram\u00edrez al presentar en M\u00e9xico la cinta &#8216;A\u00fan es noche en Caracas&#8217;.<\/p>\n<p>\u201cUna sociedad fue llevada al punto de absoluta y total supervivencia, es decir, no se vive, se sobrevive y se resiste. Y no han sido cinco o diez, han sido 25 a\u00f1os. 25 a\u00f1os de la lenta pero consistente destrucci\u00f3n absoluta del tejido social de un pa\u00eds, han sido a\u00f1os de devastaci\u00f3n y de desolaci\u00f3n\u201d, expres\u00f3 en una entrevista con EFE.<\/p>\n<p>Esta devastaci\u00f3n ha hecho que cuatro de cada 10 venezolanas y venezolanos han salido del pa\u00eds en busca de un lugar donde vivir en mejores condiciones en pa\u00edses como M\u00e9xico y otros de Latinoam\u00e9rica, pero tambi\u00e9n en Europa, refiri\u00f3 el tambi\u00e9n productor.<\/p>\n<p>\u201cEs una realidad con la cual le ha tocado convivir cara a cara a toda Am\u00e9rica Latina y el mundo entero. Es la crisis de desplazamiento m\u00e1s grande de la era moderna, son m\u00e1s de ocho millones de personas que han sido forzadas a irse del pa\u00eds para poder sobrevivir. Entonces (es necesario) recobrar la libertad, recobrar el Estado de derecho\u201d, se\u00f1al\u00f3.<\/p>\n<p><strong>Tocar la realidad<\/strong><\/p>\n<p>Ram\u00edrez, de 48 a\u00f1os, visit\u00f3 Guadalajara, en el oeste de M\u00e9xico, para presentar la pel\u00edcula \u2018A\u00fan es de noche en Caracas\u2019 que coprodujo y en la que tiene un papel secundario. La historia est\u00e1 basada en la novela \u2018La hija de la espa\u00f1ola&#8217; de Karina Sainz Borgo en la que retrata a una Venezuela sumida en la violencia, la escasez y la falta de libertades.<\/p>\n<p>La cinta llega en un momento especialmente delicado para el pa\u00eds suramericano luego de la captura del presidente Nicol\u00e1s Maduro el 3 de enero, a manos de un comando militar estadounidense para juzgarlo por presunto narcoterrorismo ante los tribunales de Estados Unidos, tema que el actor eludi\u00f3 comentar.<\/p>\n<p>La pel\u00edcula cuenta la historia sobre Adelaida Falc\u00f3n, una mujer que, tras enterrar a su madre en una Caracas en decadencia, encuentra su casa invadida por milicianos del r\u00e9gimen, hecho que la obliga a esconderse y a tomar decisiones que desaf\u00edan cualquier c\u00f3digo \u00e9tico convencional para sobrevivir a la violencia y el colapso de su pa\u00eds.<\/p>\n<p>Ram\u00edrez, quien ha desarrollado una importante carrera en Hollywood con pel\u00edculas &#8216;Che&#8217; (2008) o &#8216;Emilia P\u00e9rez&#8217; (2023), afirm\u00f3 que el personaje principal es un bot\u00f3n de muestra de lo que \u201clos sistemas totalitarios\u201d provocan en las personas.<\/p>\n<p>\u201cEsos sistemas envilecen a las sociedades, las contaminan y hacen que la v\u00edctima se vea forzada a convertirse en victimario y terminas d\u00e1ndote cuenta que muchos de los victimarios fueron v\u00edctimas en alg\u00fan momento. Eso es lo que hacen los sistemas totalitarios, invaden todos los espacios de tu realidad hasta que te quiebras por completo\u201d, consider\u00f3.<\/p>\n<p>La cinta &#8211; a\u00f1adi\u00f3- no fue hecha con af\u00e1n de revancha, sino una forma de poner el acento en las historias que han sobrevivido a 25 a\u00f1os de los gobiernos de Hugo Ch\u00e1vez (1999-2013) y Maduro.<\/p>\n<p>\u201cFue muy claro que esta pel\u00edcula ten\u00eda que ser un veh\u00edculo art\u00edstico que contara una historia humana desde una perspectiva \u00edntima, que pusiera el acento en las historias de las v\u00edctimas y que no fuese un veh\u00edculo de proselitismo pol\u00edtico ni de revancha ni de se\u00f1alamiento\u201d, declar\u00f3.<\/p>\n<p>Rodada en M\u00e9xico y dirigida por la venezolana Mariana Rond\u00f3n y la peruana Marit\u00e9 Ug\u00e1s, la cinta ha sido exhibida en los festivales de Venecia, Morelia y Toronto y ser\u00e1 estrenada el 5 de febrero en salas cinematogr\u00e1ficas de M\u00e9xico para despu\u00e9s llegar a Venezuela, Espa\u00f1a y Colombia. <strong>EFE<\/strong><\/p>\n\n","protected":false},"excerpt":{"rendered":"<p>\u00c9dgar Ram\u00edrez &nbsp; Tras 25 a\u00f1os de un gobierno que se convirti\u00f3 en una \u00abdictadura\u00bb, en Venezuela la gente se acostumbr\u00f3 a \u00absobrevivir\u00bb, pero tambi\u00e9n a \u00abresistir\u00bb el quiebre econ\u00f3mico, pol\u00edtico y social, dijo este domingo a EFE el actor venezolano \u00c9dgar Ram\u00edrez al presentar en M\u00e9xico la cinta &#8216;A\u00fan es noche en Caracas&#8217;. \u201cUna &hellip;<\/p>\n","protected":false},"author":1,"featured_media":56889,"comment_status":"open","ping_status":"open","sticky":false,"template":"","format":"standard","meta":{"fifu_image_url":"https:\/\/sandia.datanubex.uk\/wp-content\/uploads\/2026\/01\/No-hay-opciones-buenas-ni-viables.-Es-cuestion-de-elegir-entre-lo-malo-y-lo-peor-Edgar-Ramirez-sobre-el-futuro-de-Venezuela.jpg","fifu_image_alt":"","footnotes":""},"categories":[13],"tags":[],"class_list":["post-56887","post","type-post","status-publish","format-standard","has-post-thumbnail","","category-mundo"],"_links":{"self":[{"href":"https:\/\/noticiasveraces.com\/index.php?rest_route=\/wp\/v2\/posts\/56887","targetHints":{"allow":["GET"]}}],"collection":[{"href":"https:\/\/noticiasveraces.com\/index.php?rest_route=\/wp\/v2\/posts"}],"about":[{"href":"https:\/\/noticiasveraces.com\/index.php?rest_route=\/wp\/v2\/types\/post"}],"author":[{"embeddable":true,"href":"https:\/\/noticiasveraces.com\/index.php?rest_route=\/wp\/v2\/users\/1"}],"replies":[{"embeddable":true,"href":"https:\/\/noticiasveraces.com\/index.php?rest_route=%2Fwp%2Fv2%2Fcomments&post=56887"}],"version-history":[{"count":0,"href":"https:\/\/noticiasveraces.com\/index.php?rest_route=\/wp\/v2\/posts\/56887\/revisions"}],"wp:featuredmedia":[{"embeddable":true,"href":"https:\/\/noticiasveraces.com\/index.php?rest_route=\/wp\/v2\/media\/56889"}],"wp:attachment":[{"href":"https:\/\/noticiasveraces.com\/index.php?rest_route=%2Fwp%2Fv2%2Fmedia&parent=56887"}],"wp:term":[{"taxonomy":"category","embeddable":true,"href":"https:\/\/noticiasveraces.com\/index.php?rest_route=%2Fwp%2Fv2%2Fcategories&post=56887"},{"taxonomy":"post_tag","embeddable":true,"href":"https:\/\/noticiasveraces.com\/index.php?rest_route=%2Fwp%2Fv2%2Ftags&post=56887"}],"curies":[{"name":"wp","href":"https:\/\/api.w.org\/{rel}","templated":true}]}}