{"id":56868,"date":"2026-01-25T07:17:48","date_gmt":"2026-01-25T11:17:48","guid":{"rendered":"https:\/\/noticiasveraces.com\/?p=56868"},"modified":"2026-01-25T07:17:48","modified_gmt":"2026-01-25T11:17:48","slug":"asesinato-de-patrice-lumumba-regresa-a-los-tribunales-belgas","status":"publish","type":"post","link":"https:\/\/noticiasveraces.com\/?p=56868","title":{"rendered":"Asesinato de Patrice Lumumba regresa a los tribunales belgas"},"content":{"rendered":"<p> \n<\/p>\n<div data-tracking-name=\"rich-text\" data-tracking-skip=\"true\">\n<p>El pasado persigue a Etienne Davignon, un exdiplom\u00e1tico belga de 93 a\u00f1os que es acusado de cr\u00edmenes de guerra. El 20 de enero de 2026, los jueces de la Sala del Consejo del Tribunal Penal de Bruselas escucharon a su defensa intentar impedir un juicio en su contra por su presunto rol en el asesinato en 1961 del pol\u00edtico congole\u00f1o Patrice Lumumba.<\/p>\n<p>Este l\u00edder luch\u00f3 por la liberaci\u00f3n de\u00a0Congo del dominio colonial de B\u00e9lgica. Sigue siendo un s\u00edmbolo nacional por haber hablado contra la injusticia, la violencia y las humillaciones del dominio belga. Fue torturado, fusilado y mutilado a causa de su pensamiento\u00a0y su cuerpo fue luego disuelto en \u00e1cido.<\/p>\n<p>Davignon es el \u00fanico sospechoso del crimen que sigue vivo. Fue uno de los diez funcionarios belgas nombrados en una denuncia presentada en 2011 por la familia de Lumumba. Esto llev\u00f3 a los fiscales a investigar el asesinato del que fue el primer primer ministro elegido democr\u00e1ticamente en\u00a0Rep\u00fablica Democr\u00e1tica del Congo.<\/p>\n<p>Despu\u00e9s de m\u00e1s de una d\u00e9cada de investigaciones intermitentes, los fiscales pidieron que el caso se enviara al tribunal penal de Bruselas en junio de 2025, citando el presunto papel de Davignon en los cr\u00edmenes de guerra cometidos en Congo.<\/p>\n<h2>\u00bfEn tribunales 65 a\u00f1os despu\u00e9s?<\/h2>\n<p>Delitos como el genocidio, cr\u00edmenes de lesa humanidad y cr\u00edmenes de guerra no prescriben, lo que significa que no expiran ni pueden ser beneficiados por una amnist\u00eda. Por eso, casos como el asesinato de Lumumba todav\u00eda pueden ser investigados, sin importar que hayan pasado d\u00e9cadas.<\/p>\n<figure class=\"placeholder-image master_landscape big\"><img data-format=\"MASTER_LANDSCAPE\" data-id=\"75584877\" data-url=\"https:\/\/static.dw.com\/image\/75584877_${formatId}.jpg\" data-aspect-ratio=\"16\/9\" alt=\"\u00c9tienne Davignon.\" style=\"padding-bottom: 56.25%; height: 0; max-height: 0;\"\/><figcaption class=\"img-caption\">\u00c9tienne Davignon.<small class=\"copyright\">Imagen: Benoit Doppagne\/BELGA\/dpa\/Picture Alliance<\/small><\/figcaption><\/figure>\n<p>Wolfgang Kaleck, secretario general del Centro Europeo de Derechos Constitucionales y Humanos (Ecchr), dice que el asesinato del l\u00edder independentista congole\u00f1o \u00abes uno de los cr\u00edmenes pol\u00edticos m\u00e1s da\u00f1inos del \u00faltimo siglo\u00bb.<\/p>\n<p>\u00abEste tipo de violencia la cometen no solo individuos, sino tambi\u00e9n aparatos. Es una divisi\u00f3n del trabajo en la que cada uno juega un rol\u00bb, dice Kaleck a DW. \u00abComprendo completamente a quienes sostienen que Etienne Avignon era joven entonces. Pero aun as\u00ed era un diplom\u00e1tico de \u00e9lite, estaba en la \u00e9lite belga\u00bb.<\/p>\n<p>El asesinato de Lumumba sumi\u00f3 a\u00a0Congo en d\u00e9cadas de dictadura bajo el dominio de Mobutu Sese Seko, quien tom\u00f3 el poder mediante un golpe de Estado y se aferr\u00f3 al poder hasta 1997.<\/p>\n<p><span data-slot-id=\"Article_InContent-1\" class=\"rich-text-ad\"\/><\/p>\n<h2>Se honra el legado de Lumumba<\/h2>\n<p>Miembros de la di\u00e1spora congole\u00f1a en B\u00e9lgica siguen con atenci\u00f3n el caso y exigen justicia. Integrantes del Colectivo Memoria Colonia y Antidiscriminaci\u00f3n se reunieron en Bruselas el 17 de enero de 2026 para conmemorar los 65 a\u00f1os del asesinato de Lumumba.<\/p>\n<p>\u00abPatrice Lumumba es un modelo pol\u00edtico de victoria a trav\u00e9s de la resistencia contra el imperialismo y el poder colonial\u00bb, dice Stephanie Ngalula, la organizadora del acto.<\/p>\n<p>Aunque el Estado belga reconoci\u00f3 su responsabilidad moral por el asesinato de Lumumba en 2001 y se disculp\u00f3 con su familia en 2022, Ngalula estima que B\u00e9lgica no ha hecho lo suficiente para reparar el da\u00f1o causado por su pasado colonial.<\/p>\n<p>\u00abSiempre que B\u00e9lgica ha tenido la oportunidad de pronunciarse contra el colonialismo y los abusos, la ha desaprovechado e incluso ha contribuido a mantener el <em>el estado en el que<\/em>\u00ab, estima la activista.<\/p>\n<h2>Cr\u00edmenes de guerra hist\u00f3ricos revisados<\/h2>\n<p>Davignon trabajaba como pasante en el Ministerio de Asuntos Exteriores en el momento del asesinato. Los cargos que se le imputan incluyen la detenci\u00f3n y traslado ilegal de Lumumba, la denegaci\u00f3n de su derecho a un juicio justo e imparcial y trato humillante y degradante.<\/p>\n<figure class=\"placeholder-image master_landscape big\"><img data-format=\"MASTER_LANDSCAPE\" data-id=\"75595249\" data-url=\"https:\/\/static.dw.com\/image\/75595249_${formatId}.jpg\" data-aspect-ratio=\"16\/9\" alt=\"Miembros de la comunidad congole\u00f1a reunidos a 65 a\u00f1os del asesinato de Lumumba.\" style=\"padding-bottom: 56.25%; height: 0; max-height: 0;\"\/><figcaption class=\"img-caption\">Miembros de la comunidad congole\u00f1a reunidos a 65 a\u00f1os del asesinato de Lumumba.<small class=\"copyright\">Imagen: Melissa Escarria Parra\/DW<\/small><\/figcaption><\/figure>\n<p>Antes de la denuncia penal presentada en 2011 por la familia de Lumumba, en 1999, la C\u00e1mara Baja del Parlamento de B\u00e9lgica hab\u00eda creado una comisi\u00f3n investigadora. El informe final, publicado dos a\u00f1os m\u00e1s tarde, dec\u00eda que Davignon ten\u00eda \u00abla tarea de convencer al entonces presidente congole\u00f1o, Joseph Kasa Vubu, de destituir a Lumumba [como primer ministro] y proporcionarle los argumentos legales necesarios\u00bb.<\/p>\n<p>Ngalula sostiene que llevar a juicio a Davignon enviar\u00eda un mensaje claro al pueblo congole\u00f1o: \u00abUno no puede asesinar al primer ministro de un Estado soberano en su propio pa\u00eds sin que haya consecuencias\u00bb.<\/p>\n<p>En las pr\u00f3ximas semanas, se espera que los jueces de la Sala del Consejo del Tribunal Penal de Bruselas decidan si llevan o no el caso contra Davignon a juicio. Las autoridades belgas dijeron que la pr\u00f3xima audiencia tendr\u00e1 lugar el 17 de marzo de 2026. Y Kaleck, del Ecchr, agrega que la familia de Lumumba est\u00e1 pensando presentar una demanda civil contra el gobierno de B\u00e9lgica si Davignon muere o no es llevado a juicio.<\/p>\n<p>(bebidas)<\/p>\n<\/p>\n<\/div>\n\n","protected":false},"excerpt":{"rendered":"<p>El pasado persigue a Etienne Davignon, un exdiplom\u00e1tico belga de 93 a\u00f1os que es acusado de cr\u00edmenes de guerra. El 20 de enero de 2026, los jueces de la Sala del Consejo del Tribunal Penal de Bruselas escucharon a su defensa intentar impedir un juicio en su contra por su presunto rol en el asesinato &hellip;<\/p>\n","protected":false},"author":1,"featured_media":0,"comment_status":"open","ping_status":"open","sticky":false,"template":"","format":"standard","meta":{"fifu_image_url":"","fifu_image_alt":"","footnotes":""},"categories":[13],"tags":[],"class_list":["post-56868","post","type-post","status-publish","format-standard","","category-mundo"],"_links":{"self":[{"href":"https:\/\/noticiasveraces.com\/index.php?rest_route=\/wp\/v2\/posts\/56868","targetHints":{"allow":["GET"]}}],"collection":[{"href":"https:\/\/noticiasveraces.com\/index.php?rest_route=\/wp\/v2\/posts"}],"about":[{"href":"https:\/\/noticiasveraces.com\/index.php?rest_route=\/wp\/v2\/types\/post"}],"author":[{"embeddable":true,"href":"https:\/\/noticiasveraces.com\/index.php?rest_route=\/wp\/v2\/users\/1"}],"replies":[{"embeddable":true,"href":"https:\/\/noticiasveraces.com\/index.php?rest_route=%2Fwp%2Fv2%2Fcomments&post=56868"}],"version-history":[{"count":0,"href":"https:\/\/noticiasveraces.com\/index.php?rest_route=\/wp\/v2\/posts\/56868\/revisions"}],"wp:attachment":[{"href":"https:\/\/noticiasveraces.com\/index.php?rest_route=%2Fwp%2Fv2%2Fmedia&parent=56868"}],"wp:term":[{"taxonomy":"category","embeddable":true,"href":"https:\/\/noticiasveraces.com\/index.php?rest_route=%2Fwp%2Fv2%2Fcategories&post=56868"},{"taxonomy":"post_tag","embeddable":true,"href":"https:\/\/noticiasveraces.com\/index.php?rest_route=%2Fwp%2Fv2%2Ftags&post=56868"}],"curies":[{"name":"wp","href":"https:\/\/api.w.org\/{rel}","templated":true}]}}