{"id":56843,"date":"2026-01-25T05:55:01","date_gmt":"2026-01-25T09:55:01","guid":{"rendered":"https:\/\/noticiasveraces.com\/?p=56843"},"modified":"2026-01-25T05:55:01","modified_gmt":"2026-01-25T09:55:01","slug":"el-cometa-3i-atlas-se-alinea-con-la-tierra-y-el-sol-en-una-oportunidad-unica-para-la-ciencia","status":"publish","type":"post","link":"https:\/\/noticiasveraces.com\/?p=56843","title":{"rendered":"El cometa 3I\/Atlas se alinea con la Tierra y el Sol en una oportunidad \u00fanica para la ciencia"},"content":{"rendered":"<p> \n<\/p>\n<div>\n<p><strong>Hoy, 22 de enero de 2026, el cometa 3I\/Atlas se alinear\u00e1 casi perfectamente con la Tierra y el Sol<\/strong>lo que supone una oportunidad m\u00e1s \u00fanica que excepcional para que los cient\u00edficos estudien su composici\u00f3n y caracter\u00edsticas, y comprendan la din\u00e1mica de objetos procedentes de otros sistemas estelares.<\/p>\n<p>\u00abLas observaciones antes y despu\u00e9s de la alineaci\u00f3n ofrecen una oportunidad sin precedentes, que quiz\u00e1 no se repita en d\u00e9cadas, para caracterizar el albedo (la capacidad de una superficie para reflejar la radiaci\u00f3n), la estructura y la composici\u00f3n de la materia interestelar\u00bb, explic\u00f3 el astrof\u00edsico Avi Loeb en un art\u00edculo publicado en <em>Medio<\/em>.<\/p>\n<p>Desde la perspectiva de la Tierra, el cometa se situar\u00e1 en direcci\u00f3n opuesta al Sol, alcanzando su brillo m\u00e1ximo y ofreciendo una ventana de observaci\u00f3n de aproximadamente una semana. Aunque no es visible a simple vista y requiere el uso de telescopios, si a\u00fan no has podido ver 3I\/Atlas en persona, esta podr\u00eda ser la oportunidad que estabas esperando.<\/p>\n<hr\/>\n<div class=\"ContentCardEmbedWrapper-kFpFGN dpdjmB content-card-embed content-card-embed--stacked\" data-testid=\"ContentCardEmbedWrapper\">\n<div class=\"ContentCardEmbedImage-iBIXcR jiOHKG content-card-embed__image\" data-testid=\"ContentCardEmbedImage\"><span class=\"SpanWrapper-zEXFr koTknX responsive-asset\"><picture class=\"ResponsiveImagePicture-cGZhnX jwYQWO responsive-image\"><img decoding=\"async\" alt=\"Fotograf\u00eda de 3I\/Atlas.\" loading=\"lazy\" class=\"ResponsiveImageContainer-eNxvmU cfBbTk responsive-image__image\" srcset=\"https:\/\/media.es.wired.com\/photos\/6913ab15830712bad1d59d2b\/master\/w_120,c_limit\/img_rgb_clean.jpg 120w, https:\/\/media.es.wired.com\/photos\/6913ab15830712bad1d59d2b\/master\/w_240,c_limit\/img_rgb_clean.jpg 240w, https:\/\/media.es.wired.com\/photos\/6913ab15830712bad1d59d2b\/master\/w_320,c_limit\/img_rgb_clean.jpg 320w, https:\/\/media.es.wired.com\/photos\/6913ab15830712bad1d59d2b\/master\/w_640,c_limit\/img_rgb_clean.jpg 640w\" sizes=\"100vw\" src=\"https:\/\/media.es.wired.com\/photos\/6913ab15830712bad1d59d2b\/master\/w_775%2Cc_limit\/img_rgb_clean.jpg\"\/><\/picture><\/span><\/div>\n<div class=\"ContentCardEmbedInfo-bSBhwc IbulD\">\n<div class=\"BaseWrap-sc-gzmcOU BaseText-eqOrNE ContentCardEmbedHed-kuAbUL deqABF jkWAvF fPZrfS content-card-embed__hed\" data-testid=\"ContentCardEmbedHed\">Cinco cosas muy extra\u00f1as que hace 3I\/ATLAS y la explicaci\u00f3n cient\u00edfica detr\u00e1s de cada una<\/div>\n<p>Algunas anomal\u00edas de 3I\/Atlas se usan para apoyar la controversial hip\u00f3tesis del origen tecnol\u00f3gico, pero tambi\u00e9n tienen explicaciones consistentes con un cometa.<\/p>\n<\/div>\n<\/div>\n<hr\/>\n<h2>La alineaci\u00f3n<\/h2>\n<p>Concretamente, la alineaci\u00f3n se produce cuando la Tierra se encuentra entre el Sol y un objeto, ya sea un planeta, un cometa o un asteroide, y se considera el mejor momento para observar dicho objeto celeste. Esto se debe a que la luz solar que incide sobre \u00e9l es m\u00e1xima y luego se refleja hacia nosotros, aumentando su brillo.<\/p>\n<p><strong>Aunque las oposiciones suelen durar solo unas horas, en el caso del cometa 3I\/Atlas se prolongar\u00e1n mucho m\u00e1s, casi una semana.<\/strong> \u00abA diferencia de las geometr\u00edas t\u00edpicas de oposici\u00f3n cometaria, que suelen durar horas, 3I\/Atlas mantendr\u00e1 \u03b1 < 2 grados (el \u00e1ngulo de fase, es decir, el existente entre el eje Sol-Tierra y el eje Sol-3I\/Atlas) durante aproximadamente una semana, entre el 19 y el 26 de enero de 2026\", a\u00f1adi\u00f3 Loeb, quien estudi\u00f3 la alineaci\u00f3n junto con Mauro Barbieri, del Observatorio de Padua del Instituto Nacional de Astrof\u00edsica (INAF), en un art\u00edculo publicado en la revista de preimpresi\u00f3n <em>arXiv<\/em>.<\/p>\n<h2>El cometa 3I\/Atlas<\/h2>\n<p><strong>El cometa 3I\/Atlas fue descubierto en julio de 2025<\/strong>captando inmediatamente la atenci\u00f3n tanto de expertos como de astr\u00f3nomos aficionados. <strong>Se trata de un objeto interestelar, el tercero descubierto hasta ahora, despu\u00e9s de &#8216;Oumuamua y 2I\/Borisov<\/strong>; es decir, se form\u00f3 fuera de nuestro Sistema Solar.<\/p>\n<p>Una vez que haya abandonado nuestro Sistema Solar, desaparecer\u00e1 para siempre, lo que ha llevado a los astr\u00f3nomos a capturar tantas im\u00e1genes como sea posible, por ejemplo, con los telescopios Hubble, Very Large Telescope y James Webb, mientras siga siendo visible.<\/p>\n<h2>La \u00faltima oportunidad de verlo<\/h2>\n<p>De acuerdo con Loeb, durante la rara alineaci\u00f3n, el cometa 3I\/Atlas estar\u00e1 a una distancia de unas 3.33 Unidades Astron\u00f3micas (UA) A del Sol y 2.35 UA de la Tierra y tendr\u00e1 un brillo aparente en torno a la magnitud 16.7. Aunque no sea visible a simple vista, estar\u00e1 al alcance de telescopios como los del Proyecto Telescopio Virtual 2.0 que, desde el descubrimiento del cometa, ha emitido numerosas transmisiones en vivo, d\u00e1ndonos la oportunidad de ver el espect\u00e1culo sin necesidad de telescopio.<\/p>\n<p><strong>Las \u00faltimas observaciones del cometa interestelar se transmitir\u00e1n en YouTube a partir de las 00:30 de la noche del 23 de enero.<\/strong><\/p>\n<figure data-testid=\"IframeEmbed\" class=\"IframeEmbedWrapper-sc-ldQZQl ejqOZZ iframe-embed\"\/>\n<p><em>Art\u00edculo originalmente publicado en<\/em> CABLEADO Italia. <em>Adaptado por Alondra Flores.<\/em><\/p>\n<\/div>\n\n","protected":false},"excerpt":{"rendered":"<p>Hoy, 22 de enero de 2026, el cometa 3I\/Atlas se alinear\u00e1 casi perfectamente con la Tierra y el Sollo que supone una oportunidad m\u00e1s \u00fanica que excepcional para que los cient\u00edficos estudien su composici\u00f3n y caracter\u00edsticas, y comprendan la din\u00e1mica de objetos procedentes de otros sistemas estelares. \u00abLas observaciones antes y despu\u00e9s de la alineaci\u00f3n &hellip;<\/p>\n","protected":false},"author":1,"featured_media":56845,"comment_status":"open","ping_status":"open","sticky":false,"template":"","format":"standard","meta":{"fifu_image_url":"https:\/\/media.es.wired.com\/photos\/6972366c73f40d49b37d8ed9\/16:9\/w_1280,c_limit\/STSCI-H-atlas-B-f-3437x2598.jpg","fifu_image_alt":"","footnotes":""},"categories":[2],"tags":[],"class_list":["post-56843","post","type-post","status-publish","format-standard","has-post-thumbnail","","category-tecnologia"],"_links":{"self":[{"href":"https:\/\/noticiasveraces.com\/index.php?rest_route=\/wp\/v2\/posts\/56843","targetHints":{"allow":["GET"]}}],"collection":[{"href":"https:\/\/noticiasveraces.com\/index.php?rest_route=\/wp\/v2\/posts"}],"about":[{"href":"https:\/\/noticiasveraces.com\/index.php?rest_route=\/wp\/v2\/types\/post"}],"author":[{"embeddable":true,"href":"https:\/\/noticiasveraces.com\/index.php?rest_route=\/wp\/v2\/users\/1"}],"replies":[{"embeddable":true,"href":"https:\/\/noticiasveraces.com\/index.php?rest_route=%2Fwp%2Fv2%2Fcomments&post=56843"}],"version-history":[{"count":0,"href":"https:\/\/noticiasveraces.com\/index.php?rest_route=\/wp\/v2\/posts\/56843\/revisions"}],"wp:featuredmedia":[{"embeddable":true,"href":"https:\/\/noticiasveraces.com\/index.php?rest_route=\/wp\/v2\/media\/56845"}],"wp:attachment":[{"href":"https:\/\/noticiasveraces.com\/index.php?rest_route=%2Fwp%2Fv2%2Fmedia&parent=56843"}],"wp:term":[{"taxonomy":"category","embeddable":true,"href":"https:\/\/noticiasveraces.com\/index.php?rest_route=%2Fwp%2Fv2%2Fcategories&post=56843"},{"taxonomy":"post_tag","embeddable":true,"href":"https:\/\/noticiasveraces.com\/index.php?rest_route=%2Fwp%2Fv2%2Ftags&post=56843"}],"curies":[{"name":"wp","href":"https:\/\/api.w.org\/{rel}","templated":true}]}}