{"id":56838,"date":"2026-01-25T05:47:15","date_gmt":"2026-01-25T09:47:15","guid":{"rendered":"https:\/\/noticiasveraces.com\/?p=56838"},"modified":"2026-01-25T05:47:15","modified_gmt":"2026-01-25T09:47:15","slug":"familias-de-presos-politicos-denunciaron-irregularidades-en-tocoron-tras-corte-de-luz-en-la-carcel-video","status":"publish","type":"post","link":"https:\/\/noticiasveraces.com\/?p=56838","title":{"rendered":"Familias de presos pol\u00edticos denunciaron irregularidades en Tocor\u00f3n tras corte de luz en la c\u00e1rcel (VIDEO)"},"content":{"rendered":"<p> \n<\/p>\n<p>&nbsp;<\/p>\n<figure id=\"attachment_5858060\" aria-describedby=\"caption-attachment-5858060\" style=\"width: 640px\" class=\"wp-caption alignnone\"><img loading=\"lazy\" decoding=\"async\" class=\"wp-image-5858060\" src=\"https:\/\/sandia.datanubex.uk\/wp-content\/uploads\/2026\/01\/Tocoron.jpg\" alt=\"\" width=\"640\" height=\"480\" \/><figcaption id=\"caption-attachment-5858060\" class=\"wp-caption-text\">Foto: Referencial<\/figcaption><\/figure>\n<p>&nbsp;<\/p>\n<p>El Comit\u00e9 de Derechos Humanos del partido Vente Venezuela public\u00f3 este s\u00e1bado 24 de enero, en su cuenta oficial de X, una denuncia urgente desde la c\u00e1rcel de Tocor\u00f3n, uno de los centros penitenciarios de m\u00e1xima seguridad en el estado Aragua, donde familiares de presos pol\u00edticos reportan preocupantes hechos sin informaci\u00f3n oficial.<\/p>\n<p><strong>Por: lapatilla.com<\/strong><\/p>\n<p>Seg\u00fan el mensaje difundido en la red social, se produjo un corte del servicio el\u00e9ctrico dentro del penal y el ingreso de varios veh\u00edculos no identificados al recinto, lo que ha generado alarma y desconcierto entre los parientes de las personas privadas de libertad por razones pol\u00edticas.<\/p>\n<p>Hasta el momento no existen detalles oficiales sobre lo que realmente est\u00e1 ocurriendo en la prisi\u00f3n de Tocor\u00f3n, una instalaci\u00f3n con un historial de denuncias por violaciones de derechos humanos y condiciones carcelarias cr\u00edticas, documentadas tanto por organizaciones locales como internacionales.<\/p>\n<p>Los familiares de detenidos que se han mantenido en vigilia por m\u00e1s de 15 d\u00edas en las afueras de este centro de reclusi\u00f3n, exigen respuestas urgentes sobre la situaci\u00f3n de sus seres queridos, muchos de los cuales ya han sido objeto de controversias por trasladarlos sin notificaci\u00f3n previa o mantenerlos aislados.<\/p>\n<p>&nbsp;<\/p>\n<p>&nbsp;<\/p>\n<blockquote>\n<p>LEE TAMBI\u00c9N: <strong>Madre de preso pol\u00edtico muri\u00f3 tras intensas vigilias en Tocor\u00f3n exigiendo la libertad de Kevin Orozco<\/strong><\/p>\n<\/blockquote>\n<p>&nbsp;<\/p>\n<p>&nbsp;<\/p>\n<p>En el contexto nacional, diversas organizaciones de derechos humanos han denunciado la falta de transparencia en procesos de excarcelaci\u00f3n de presos pol\u00edticos en Venezuela en las \u00faltimas semanas.<\/p>\n<p>En medio de este clima de incertidumbre, la denuncia de Vente Venezuela sobre el corte de electricidad y el inusual ingreso de veh\u00edculos al penal pone en alerta nuevamente a la sociedad civil y a organismos defensores de derechos humanos, que exigen transparencia y protecci\u00f3n de los derechos fundamentales de las personas detenidas por motivos pol\u00edticos.<\/p>\n<p>&nbsp;<\/p>\n<div style=\"width: 480px\" class=\"wp-video\"><video class=\"wp-video-shortcode\" id=\"video-5873202-1\" width=\"480\" height=\"852\" preload=\"metadata\" controls=\"controls\"><a href=\"https:\/\/sandia.datanubex.uk\/wp-content\/uploads\/2026\/01\/ssstwitter.com_1769310732019.mp4\">https:\/\/sandia.datanubex.uk\/wp-content\/uploads\/2026\/01\/ssstwitter.com_1769310732019.mp4<\/a><\/video><\/div>\n<p><script async src=\"https:\/\/platform.twitter.com\/widgets.js\" charset=\"utf-8\"><\/script><br \/>\n<br \/>\n","protected":false},"excerpt":{"rendered":"<p>&nbsp; Foto: Referencial &nbsp; El Comit\u00e9 de Derechos Humanos del partido Vente Venezuela public\u00f3 este s\u00e1bado 24 de enero, en su cuenta oficial de X, una denuncia urgente desde la c\u00e1rcel de Tocor\u00f3n, uno de los centros penitenciarios de m\u00e1xima seguridad en el estado Aragua, donde familiares de presos pol\u00edticos reportan preocupantes hechos sin informaci\u00f3n &hellip;<\/p>\n","protected":false},"author":1,"featured_media":56840,"comment_status":"open","ping_status":"open","sticky":false,"template":"","format":"standard","meta":{"fifu_image_url":"https:\/\/sandia.datanubex.uk\/wp-content\/uploads\/2026\/01\/Tocoron.jpg","fifu_image_alt":"","footnotes":""},"categories":[4],"tags":[],"class_list":["post-56838","post","type-post","status-publish","format-standard","has-post-thumbnail","","category-historias-destacadas"],"_links":{"self":[{"href":"https:\/\/noticiasveraces.com\/index.php?rest_route=\/wp\/v2\/posts\/56838","targetHints":{"allow":["GET"]}}],"collection":[{"href":"https:\/\/noticiasveraces.com\/index.php?rest_route=\/wp\/v2\/posts"}],"about":[{"href":"https:\/\/noticiasveraces.com\/index.php?rest_route=\/wp\/v2\/types\/post"}],"author":[{"embeddable":true,"href":"https:\/\/noticiasveraces.com\/index.php?rest_route=\/wp\/v2\/users\/1"}],"replies":[{"embeddable":true,"href":"https:\/\/noticiasveraces.com\/index.php?rest_route=%2Fwp%2Fv2%2Fcomments&post=56838"}],"version-history":[{"count":0,"href":"https:\/\/noticiasveraces.com\/index.php?rest_route=\/wp\/v2\/posts\/56838\/revisions"}],"wp:featuredmedia":[{"embeddable":true,"href":"https:\/\/noticiasveraces.com\/index.php?rest_route=\/wp\/v2\/media\/56840"}],"wp:attachment":[{"href":"https:\/\/noticiasveraces.com\/index.php?rest_route=%2Fwp%2Fv2%2Fmedia&parent=56838"}],"wp:term":[{"taxonomy":"category","embeddable":true,"href":"https:\/\/noticiasveraces.com\/index.php?rest_route=%2Fwp%2Fv2%2Fcategories&post=56838"},{"taxonomy":"post_tag","embeddable":true,"href":"https:\/\/noticiasveraces.com\/index.php?rest_route=%2Fwp%2Fv2%2Ftags&post=56838"}],"curies":[{"name":"wp","href":"https:\/\/api.w.org\/{rel}","templated":true}]}}