{"id":56824,"date":"2026-01-25T00:57:06","date_gmt":"2026-01-25T04:57:06","guid":{"rendered":"https:\/\/noticiasveraces.com\/?p=56824"},"modified":"2026-01-25T00:57:06","modified_gmt":"2026-01-25T04:57:06","slug":"onu-condena-trato-a-migrantes-en-ee-uu-y-pide-investigar-muertes-bajo-custodia-de-ice-correo-del-caroni","status":"publish","type":"post","link":"https:\/\/noticiasveraces.com\/?p=56824","title":{"rendered":"ONU condena trato a migrantes en EE UU y pide investigar muertes bajo custodia de ICE \u2013 Correo del Caron\u00ed"},"content":{"rendered":"<p> \n<\/p>\n<div data-id=\"494a3404\" data-element_type=\"widget\" id=\"texto\" data-widget_type=\"theme-post-content.default\">\n<div class=\"elementor-widget-container\">\n<p>El alto comisionado para los Derechos Humanos conden\u00f3 este 23 de enero \u201cla deshumanizaci\u00f3n y el trato da\u00f1ino\u201d de los migrantes y refugiados en Estados Unidos.<\/p>\n<p>En un comunicado, Volker T\u00fcrk inst\u00f3 a Washington a respetar la dignidad humana y el derecho a un debido proceso, a poner fin a las t\u00e1cticas de chivo expiatorio y a combatir la hostilidad xen\u00f3foba y los abusos, ahora frecuentes, contra estas poblaciones vulnerables.<\/p>\n<p>\u201cLas personas est\u00e1n siendo vigiladas y detenidas, en ocasiones de forma violenta, incluso en hospitales, iglesias, mezquitas, tribunales, mercados y escuelas, e incluso dentro de sus propios hogares, a menudo \u00fanicamente sobre la base de la mera sospecha de encontrarse en situaci\u00f3n migratoria irregular\u201d, declar\u00f3 el m\u00e1ximo responsable de la ONU de velar por los derechos fundamentales.<\/p>\n<p>\u201cLos ni\u00f1os faltan a la escuela y a sus citas con el pediatra por temor a no volver a ver nunca m\u00e1s a sus padres\u201d, a\u00f1adi\u00f3.<\/p>\n<p>A pesar de estos abusos, el alto comisionado subray\u00f3 el compromiso de numerosos actores en Estados Unidos para defender la dignidad y los derechos de los migrantes, en particular una multitud de funcionarios, grupos comunitarios y representantes de la sociedad civil en todo el pa\u00eds, miembros del Congreso, jueces, responsables locales y regionales, abogados, miembros del clero, proveedores de servicios, defensores y ciudadanos comunes.<\/p>\n<p>Sin embargo, Volker T\u00fcrk recuerda que numerosas pol\u00edticas migratorias siguen generando arrestos arbitrarios, detenciones ilegales y expulsiones injustificadas.<\/p>\n<p class=\"has-medium-font-size\"><strong>Demonizar a los migrantes y refugiados es inhumano<\/strong><\/p>\n<p>El alto comisionado tambi\u00e9n expres\u00f3 su profunda preocupaci\u00f3n por las narrativas nocivas y deshumanizantes que se utilizan con frecuencia para describir a los migrantes y refugiados.<\/p>\n<p>\u201cDemonizar colectivamente a los migrantes y refugiados como criminales o amenazas o una carga para la sociedad, sobre la base de su origen, nacionalidad o situaci\u00f3n migratoria, es inhumano, un error y va en contra del propio tejido social y de los principios fundacionales de la naci\u00f3n\u201d, a\u00f1adi\u00f3 T\u00fcrk.<\/p>\n<p>Esto se traduce concretamente en arrestos sin acceso r\u00e1pido a un abogado ni a recursos efectivos.<\/p>\n<p>T\u00fcrk subray\u00f3 que numerosos arrestos, detenciones y expulsiones tienen lugar sin que se hagan esfuerzos para evaluar y preservar la unidad familiar, exponiendo en particular a los ni\u00f1os a riesgos de da\u00f1os graves y duraderos.<\/p>\n<p>Los casos repetidos de padres apresados y trasladados de un centro de detenci\u00f3n a otro, sin informaci\u00f3n adecuada sobre su ubicaci\u00f3n ni acceso a un abogado, tambi\u00e9n obstaculizan su capacidad de mantenerse en contacto con su familia y sus representantes legales.<\/p>\n<p>El responsable de los derechos humanos de la ONU tambi\u00e9n pidi\u00f3 una investigaci\u00f3n independiente y transparente sobre \u201cel preocupante aumento del n\u00famero de muertes bajo custodia del Servicio de Inmigraci\u00f3n y Control de Aduanas de los Estados Unidos\u201d (ICE, por sus siglas en ingl\u00e9s). Al menos 30 muertes de este tipo se registraron el a\u00f1o pasado, y otras seis se han registrado hasta el momento este a\u00f1o.<\/p>\n<p>Por otra parte, T\u00fcrk se\u00f1al\u00f3 que algunas expulsiones, en particular hacia pa\u00edses distintos de su pa\u00eds de origen o con los que estas personas no tienen ning\u00fan v\u00ednculo, se llevaron a cabo con precipitaci\u00f3n, sin tener en cuenta los riesgos de tortura o de da\u00f1o irreparable. Las autoridades tambi\u00e9n han reconocido errores, al haber expulsado err\u00f3neamente a personas de Estados Unidos. Estos casos subrayan la necesidad de reforzar las garant\u00edas, sostuvo.<\/p>\n<\/p><\/div>\n<\/p><\/div>\n\n","protected":false},"excerpt":{"rendered":"<p>El alto comisionado para los Derechos Humanos conden\u00f3 este 23 de enero \u201cla deshumanizaci\u00f3n y el trato da\u00f1ino\u201d de los migrantes y refugiados en Estados Unidos. En un comunicado, Volker T\u00fcrk inst\u00f3 a Washington a respetar la dignidad humana y el derecho a un debido proceso, a poner fin a las t\u00e1cticas de chivo expiatorio &hellip;<\/p>\n","protected":false},"author":1,"featured_media":56825,"comment_status":"open","ping_status":"open","sticky":false,"template":"","format":"standard","meta":{"fifu_image_url":"https:\/\/correodelcaroni.com\/wp-content\/uploads\/2026\/01\/ONU_ICE_migrantes.jpg","fifu_image_alt":"","footnotes":""},"categories":[13],"tags":[],"class_list":["post-56824","post","type-post","status-publish","format-standard","has-post-thumbnail","","category-mundo"],"_links":{"self":[{"href":"https:\/\/noticiasveraces.com\/index.php?rest_route=\/wp\/v2\/posts\/56824","targetHints":{"allow":["GET"]}}],"collection":[{"href":"https:\/\/noticiasveraces.com\/index.php?rest_route=\/wp\/v2\/posts"}],"about":[{"href":"https:\/\/noticiasveraces.com\/index.php?rest_route=\/wp\/v2\/types\/post"}],"author":[{"embeddable":true,"href":"https:\/\/noticiasveraces.com\/index.php?rest_route=\/wp\/v2\/users\/1"}],"replies":[{"embeddable":true,"href":"https:\/\/noticiasveraces.com\/index.php?rest_route=%2Fwp%2Fv2%2Fcomments&post=56824"}],"version-history":[{"count":0,"href":"https:\/\/noticiasveraces.com\/index.php?rest_route=\/wp\/v2\/posts\/56824\/revisions"}],"wp:featuredmedia":[{"embeddable":true,"href":"https:\/\/noticiasveraces.com\/index.php?rest_route=\/wp\/v2\/media\/56825"}],"wp:attachment":[{"href":"https:\/\/noticiasveraces.com\/index.php?rest_route=%2Fwp%2Fv2%2Fmedia&parent=56824"}],"wp:term":[{"taxonomy":"category","embeddable":true,"href":"https:\/\/noticiasveraces.com\/index.php?rest_route=%2Fwp%2Fv2%2Fcategories&post=56824"},{"taxonomy":"post_tag","embeddable":true,"href":"https:\/\/noticiasveraces.com\/index.php?rest_route=%2Fwp%2Fv2%2Ftags&post=56824"}],"curies":[{"name":"wp","href":"https:\/\/api.w.org\/{rel}","templated":true}]}}