{"id":56821,"date":"2026-01-25T00:04:50","date_gmt":"2026-01-25T04:04:50","guid":{"rendered":"https:\/\/noticiasveraces.com\/?p=56821"},"modified":"2026-01-25T00:04:50","modified_gmt":"2026-01-25T04:04:50","slug":"ya-vieron-lo-que-es-capaz-de-ofrecer","status":"publish","type":"post","link":"https:\/\/noticiasveraces.com\/?p=56821","title":{"rendered":"\u201cYa vieron lo que es capaz de ofrecer\u201d"},"content":{"rendered":"<p> \n<\/p>\n<div>\n<p data-mrf-recirculation=\"Links P\u00e1rrafos\" class=\"ue-c-article__paragraph paragraph xai-icon-container ue-c-article--first-letter-highlighted\">Si hay un jugador que gener\u00f3 un debate continuo durante la etapa de <strong>Rub\u00e9n Amorim<\/strong> en el <strong>manchester unido<\/strong> fue <strong>Kobbie Mainoo<\/strong> (Stockport, 2005). Tanto, que su salida de <strong>Old Trafford<\/strong> de cara a este mercado invernal se antojaba inevitable. Pero, con la llegada de <strong>Michael Carrick<\/strong> al banquillo, su situaci\u00f3n parece haber dado un giro de 180\u00ba hasta el punto de volver a emerger como un pilar para el proyecto \u2018red devil\u2019. Desde <strong>Inglaterra<\/strong>incluso, ya apuntan hacia una renovaci\u00f3n de contrato.<span\/><span class=\"xai-icon\"\/><\/p>\n<p data-mrf-recirculation=\"Links P\u00e1rrafos\" class=\"ue-c-article__paragraph paragraph xai-icon-container\">La apuesta por <strong>Mainoo <\/strong>fue, sin ninguna duda, la mayor herencia que dej\u00f3 <strong>Diez Erik Hag<\/strong>. No s\u00f3lo en el <strong>Manchester unido.<\/strong> Tambi\u00e9n para una selecci\u00f3n inglesa donde irrumpi\u00f3 de cara a la <strong>Eurocopa 2024<\/strong> como la pieza que le faltaba a la \u2018corona\u2019 para redondear un centro del campo llamado a dominar la pr\u00f3xima d\u00e9cada junto a <strong>Arroz Declan<\/strong> y <strong>Judas Bellingham.<\/strong> Sobre todo, por su sangre fr\u00eda y personalidad a la hora de atraer, romper y superar presiones rivales en conducci\u00f3n.<span\/><span class=\"xai-icon\"\/><\/p>\n<figure class=\"ue-c-article__media ue-c-article__media--image\">\n<div class=\"ue-c-article__media-img-container ue-l-article--expand-edge-right-until-tablet ue-l-article--expand-edge-left-until-tablet\"><picture><source type=\"image\/webp\" sizes=\"(min-width: 1010px) 660px, (min-width: 980px) calc(100vw - 350px), (min-width: 740px) calc(100vw - 320px), 100vw\" srcset=\"https:\/\/objetos-xlk.estaticos-marca.com\/files\/article_360_widen_webp\/uploads\/2026\/01\/23\/69739ec06c315.webp 360w,https:\/\/objetos-xlk.estaticos-marca.com\/files\/article_375_widen_webp\/uploads\/2026\/01\/23\/69739ec06c315.webp 375w,https:\/\/objetos-xlk.estaticos-marca.com\/files\/article_414_widen_webp\/uploads\/2026\/01\/23\/69739ec06c315.webp 414w,https:\/\/objetos-xlk.estaticos-marca.com\/files\/article_660_widen_webp\/uploads\/2026\/01\/23\/69739ec06c315.webp 660w,https:\/\/objetos-xlk.estaticos-marca.com\/files\/article_720_widen_webp\/uploads\/2026\/01\/23\/69739ec06c315.webp 720w,https:\/\/objetos-xlk.estaticos-marca.com\/files\/article_750_widen_webp\/uploads\/2026\/01\/23\/69739ec06c315.webp 750w,https:\/\/objetos-xlk.estaticos-marca.com\/files\/article_828_widen_webp\/uploads\/2026\/01\/23\/69739ec06c315.webp 828w,https:\/\/objetos-xlk.estaticos-marca.com\/files\/article_1320_widen_webp\/uploads\/2026\/01\/23\/69739ec06c315.webp 1320w\"><source type=\"image\/png\" sizes=\"(min-width: 1010px) 660px, (min-width: 980px) calc(100vw - 350px), (min-width: 740px) calc(100vw - 320px), 100vw\" srcset=\"https:\/\/objetos-xlk.estaticos-marca.com\/files\/article_360_widen\/uploads\/2026\/01\/23\/69739ec06c315.png 360w,https:\/\/objetos-xlk.estaticos-marca.com\/files\/article_375_widen\/uploads\/2026\/01\/23\/69739ec06c315.png 375w,https:\/\/objetos-xlk.estaticos-marca.com\/files\/article_414_widen\/uploads\/2026\/01\/23\/69739ec06c315.png 414w,https:\/\/objetos-xlk.estaticos-marca.com\/files\/article_660_widen\/uploads\/2026\/01\/23\/69739ec06c315.png 660w,https:\/\/objetos-xlk.estaticos-marca.com\/files\/article_720_widen\/uploads\/2026\/01\/23\/69739ec06c315.png 720w,https:\/\/objetos-xlk.estaticos-marca.com\/files\/article_750_widen\/uploads\/2026\/01\/23\/69739ec06c315.png 750w,https:\/\/objetos-xlk.estaticos-marca.com\/files\/article_828_widen\/uploads\/2026\/01\/23\/69739ec06c315.png 828w,https:\/\/objetos-xlk.estaticos-marca.com\/files\/article_1320_widen\/uploads\/2026\/01\/23\/69739ec06c315.png 1320w\"><img decoding=\"async\" width=\"2000\" height=\"1770\" class=\"ue-c-article__image lazyload\" alt=\"M\u00e9tricas de Kobbie Mainoo\" loading=\"lazy\" src=\"https:\/\/objetos-xlk.estaticos-marca.com\/uploads\/2026\/01\/23\/69739ec06c315.png\"\/><\/source><\/source><\/picture><\/div><figcaption class=\"ue-c-article__media-caption\">\n<p><span class=\"ue-c-article__media-description\">M\u00e9tricas de Kobbie Mainoo<\/span><span class=\"ue-c-article__media-source\"><span class=\"ue-c-article__media-author\">DRIBLAB PRO<\/span><\/span><\/p>\n<\/figcaption><\/figure>\n<p data-mrf-recirculation=\"Links P\u00e1rrafos\" class=\"ue-c-article__paragraph paragraph xai-icon-container\">\u201cTenemos que mantener la calma porque aqu\u00ed, en Inglaterra, empujamos mucho a los jugadores j\u00f3venes hacia arriba y luego los machacamos cuando tienen una o dos malas actuaciones\u201d, alertaba el propio <strong>Diez Erik Hag<\/strong> all\u00e1 por marzo de 2024. Cualquier \u2018valle\u2019 en su rendimiento entraba dentro de los planes. Sin embargo, pocos pod\u00edan llegar a intuir que pasar\u00eda de 100 a cero con el nombramiento de <strong>Rub\u00e9n Amorim.<\/strong><span\/><span class=\"xai-icon\"\/><\/p>\n<p data-mrf-recirculation=\"Links P\u00e1rrafos\" class=\"ue-c-article__paragraph paragraph xai-icon-container\"><strong>Mainoo <\/strong>fue, sin duda alguna, la gran v\u00edctima que se cobr\u00f3 su inamovible 3-4-2-1. No era el organizador que demandaba para llevar la manija desde el doble pivote ni tampoco el \u2018stopper\u2019 que lo protegiese. \u201cTiene la calidad t\u00e9cnica. Pero necesita m\u00e1s ritmo, entender mejor la posici\u00f3n y jugar a diferentes velocidades. Saber cu\u00e1ndo acelerar y cu\u00e1ndo frenar\u201d, justificaba <strong>amorim<\/strong>.<span\/><span class=\"xai-icon\"\/><\/p>\n<figure class=\"ue-c-article__media ue-c-article__media--image\">\n<div class=\"ue-c-article__media-img-container ue-l-article--expand-edge-right-until-tablet ue-l-article--expand-edge-left-until-tablet\"><picture><source type=\"image\/webp\" sizes=\"(min-width: 1010px) 660px, (min-width: 980px) calc(100vw - 350px), (min-width: 740px) calc(100vw - 320px), 100vw\" srcset=\"https:\/\/objetos-xlk.estaticos-marca.com\/files\/article_360_widen_webp\/uploads\/2026\/01\/23\/69739f45a8105.webp 360w,https:\/\/objetos-xlk.estaticos-marca.com\/files\/article_375_widen_webp\/uploads\/2026\/01\/23\/69739f45a8105.webp 375w,https:\/\/objetos-xlk.estaticos-marca.com\/files\/article_414_widen_webp\/uploads\/2026\/01\/23\/69739f45a8105.webp 414w,https:\/\/objetos-xlk.estaticos-marca.com\/files\/article_660_widen_webp\/uploads\/2026\/01\/23\/69739f45a8105.webp 660w,https:\/\/objetos-xlk.estaticos-marca.com\/files\/article_720_widen_webp\/uploads\/2026\/01\/23\/69739f45a8105.webp 720w,https:\/\/objetos-xlk.estaticos-marca.com\/files\/article_750_widen_webp\/uploads\/2026\/01\/23\/69739f45a8105.webp 750w,https:\/\/objetos-xlk.estaticos-marca.com\/files\/article_828_widen_webp\/uploads\/2026\/01\/23\/69739f45a8105.webp 828w,https:\/\/objetos-xlk.estaticos-marca.com\/files\/article_1320_widen_webp\/uploads\/2026\/01\/23\/69739f45a8105.webp 1320w\"><source type=\"image\/jpeg\" sizes=\"(min-width: 1010px) 660px, (min-width: 980px) calc(100vw - 350px), (min-width: 740px) calc(100vw - 320px), 100vw\" srcset=\"https:\/\/objetos-xlk.estaticos-marca.com\/files\/article_360_widen\/uploads\/2026\/01\/23\/69739f45a8105.jpeg 360w,https:\/\/objetos-xlk.estaticos-marca.com\/files\/article_375_widen\/uploads\/2026\/01\/23\/69739f45a8105.jpeg 375w,https:\/\/objetos-xlk.estaticos-marca.com\/files\/article_414_widen\/uploads\/2026\/01\/23\/69739f45a8105.jpeg 414w,https:\/\/objetos-xlk.estaticos-marca.com\/files\/article_660_widen\/uploads\/2026\/01\/23\/69739f45a8105.jpeg 660w,https:\/\/objetos-xlk.estaticos-marca.com\/files\/article_720_widen\/uploads\/2026\/01\/23\/69739f45a8105.jpeg 720w,https:\/\/objetos-xlk.estaticos-marca.com\/files\/article_750_widen\/uploads\/2026\/01\/23\/69739f45a8105.jpeg 750w,https:\/\/objetos-xlk.estaticos-marca.com\/files\/article_828_widen\/uploads\/2026\/01\/23\/69739f45a8105.jpeg 828w,https:\/\/objetos-xlk.estaticos-marca.com\/files\/article_1320_widen\/uploads\/2026\/01\/23\/69739f45a8105.jpeg 1320w\"><img decoding=\"async\" width=\"1290\" height=\"1290\" class=\"ue-c-article__image lazyload\" alt=\"El Hermano de Mainoo, portando una camiseta reivindicando la situaci\u00f3n de Kobbie\" loading=\"lazy\" src=\"https:\/\/objetos-xlk.estaticos-marca.com\/uploads\/2026\/01\/23\/69739f45a8105.jpeg\"\/><\/source><\/source><\/picture><\/div><figcaption class=\"ue-c-article__media-caption\">\n<p><span class=\"ue-c-article__media-description\">El Hermano de Mainoo, portando una camiseta reivindicando la situaci\u00f3n de Kobbie<\/span><span class=\"ue-c-article__media-source\"><span class=\"ue-c-article__media-author\">@FabrizioRomano<\/span><\/span><\/p>\n<\/figcaption><\/figure>\n<p data-mrf-recirculation=\"Links P\u00e1rrafos\" class=\"ue-c-article__paragraph paragraph xai-icon-container\">Con tres titularidades en 15 partidos esta temporada, y siendo el 16\u00ba jugador de la plantilla en cuanto a participaci\u00f3n (1.807\u2019) bajo el mandato de <strong>amorim<\/strong>la situaci\u00f3n se hab\u00eda vuelto insostenible. De hecho, se hizo muy viral la imagen de su hermano en las gradas de <strong>Old Trafford<\/strong> portando una camiseta donde se le\u00eda \u2018Free Mainoo\u2019 durante el partido contra el <strong>Newcastle <\/strong>el pasado mes de febrero.<span\/><span class=\"xai-icon\"\/><\/p>\n<p data-mrf-recirculation=\"Links P\u00e1rrafos\" class=\"ue-c-article__paragraph paragraph xai-icon-container\">\u201cNo fue <strong>Kobbie <\/strong>quien llev\u00f3 la camiseta ni va a estar en el banquillo por ello. Va a jugar si sentimos que es el jugador adecuado\u201d, explic\u00f3 <strong>Rub\u00e9n Amorim<\/strong> tras aquel incidente. \u201cNecesita luchar por su puesto. No es malo estar en el banquillo del <strong>manchester unido<\/strong> con 20 a\u00f1os. Recuerdo que <strong>ronaldo <\/strong>estuvo en el banquillo, <strong>rooney <\/strong>a veces, <strong>Ver\u00f3n <\/strong>no jugaba\u2026 Si juega bien, demostrar\u00e1 que \u2018este tipo no puede sacarle del equipo\u2019 y yo estar\u00e9 feliz por ello\u201d, reivindicaba.<span\/><span class=\"xai-icon\"\/><\/p>\n<blockquote class=\"ue-c-article__blockquote\">\n<p>No es malo estar en el banquillo del Manchester United con 20 a\u00f1os. Recuerdo que Ronaldo estuvo en el banquillo, Rooney a veces, Ver\u00f3n no jugaba<\/p>\n<p><span class=\"ue-c-article__blockquote-author\">R\u00faben Amorim, entrenador del Manchester United<\/span><\/p><\/blockquote>\n<p data-mrf-recirculation=\"Links P\u00e1rrafos\" class=\"ue-c-article__paragraph paragraph xai-icon-container\">La apuesta del club por <strong>amorim <\/strong>parec\u00eda firme. As\u00ed lo demostraron con <strong>Rashford <\/strong>oh <strong>Garnacho<\/strong>. <strong>Mainoo <\/strong>parec\u00eda el siguiente y no le faltaban novias. Tanto en la <strong>Primer ministro <\/strong>como lejos de <strong>Las Islas<\/strong>. \u201cEstar\u00eda realmente contento si <strong>Kobbie <\/strong>viniera a hablar conmigo sobre un pr\u00e9stamo\u201d, reconoci\u00f3. Sin embargo, todo salt\u00f3 por los aires con su destituci\u00f3n a comienzos de enero y la vuelta de <strong>Michael Carrick<\/strong> al banquillo de <strong>Old Trafford<\/strong> como interino hasta final de temporada.<span\/><span class=\"xai-icon\"\/><\/p>\n<p data-mrf-recirculation=\"Links P\u00e1rrafos\" class=\"ue-c-article__paragraph paragraph xai-icon-container\">Estafa <strong>Bruno Fernandez<\/strong> de regreso a su sitio en la mediapunta, la titularidad de <strong>Mainoo <\/strong>junto a <strong>casemiro <\/strong>en el <strong>&#39;Derbi de Manchester&#39;<\/strong> fue entendida como toda una declaraciones de intenciones. Desde luego, no se equivoc\u00f3. Y es que, abogando por un modelo m\u00e1s reactivo y vertical, el joven ingl\u00e9s fue capital a la hora de acelerar cada transici\u00f3n del <strong>Unido<\/strong>. La sensaci\u00f3n es que las piezas volv\u00edan a estar en su sitio y el engranaje no chirriaba.<span\/><span class=\"xai-icon\"\/><\/p>\n<p data-mrf-recirculation=\"Links P\u00e1rrafos\" class=\"ue-c-article__paragraph paragraph xai-icon-container\">\u201cConsidero que hizo un partido genial junto a <strong>casemiro<\/strong>. Entre los dos nos dieron una base realmente s\u00f3lida junto a <strong>Lisandro <\/strong>y <strong>Maguire<\/strong>\u201d, analiz\u00f3 <strong>carrick <\/strong>en relaci\u00f3n a la actuaci\u00f3n de un <strong>Kobbie Mainoo<\/strong> que intervino en 51 ocasiones, complet\u00f3 32\/35 pases (91%), apenas incurri\u00f3 en ocho p\u00e9rdidas, protagoniz\u00f3 ocho acciones defensivas y gan\u00f3 6\/12 duelos (50%) que disput\u00f3. Complet\u00f3, adem\u00e1s, los 90\u2019. Los mismos que en los \u00faltimos siete partidos con <strong>amorim<\/strong>.<span\/><span class=\"xai-icon\"\/><\/p>\n<p data-mrf-recirculation=\"Links P\u00e1rrafos\" class=\"ue-c-article__paragraph paragraph xai-icon-container\">Todo ha cambiado tanto que ya nadie se cuestiona su salida del once\u2026 empezando por la visita al <strong>Emiratos <\/strong>esta jornada para medirse con el <strong>Arsenal<\/strong>. \u201cLos j\u00f3venes son la base del club. Ya vieron la semana pasada lo que <strong>Kobbie <\/strong>es capaz de ofrecer. Lo conozco desde que ten\u00eda 13 a\u00f1os, cuando empec\u00e9 a sacarme el t\u00edtulo. Parte de una carrera son los altibajos. Es bastante serio. Pero transmit\u00eda felicidad s\u00f3lo vi\u00e9ndole jugar\u201d, apunt\u00f3 <strong>carrick<\/strong>. Ahora s\u00ed, <strong>Mainoo <\/strong>es \u2018libre\u2019 en el <strong>Manchester unido.<\/strong><span\/><span class=\"xai-icon\"\/><\/p>\n<\/div>\n\n","protected":false},"excerpt":{"rendered":"<p>Si hay un jugador que gener\u00f3 un debate continuo durante la etapa de Rub\u00e9n Amorim en el manchester unido fue Kobbie Mainoo (Stockport, 2005). Tanto, que su salida de Old Trafford de cara a este mercado invernal se antojaba inevitable. Pero, con la llegada de Michael Carrick al banquillo, su situaci\u00f3n parece haber dado un &hellip;<\/p>\n","protected":false},"author":1,"featured_media":56823,"comment_status":"open","ping_status":"open","sticky":false,"template":"","format":"standard","meta":{"fifu_image_url":"https:\/\/objetos-xlk.estaticos-marca.com\/files\/article_main_microformat\/\/uploads\/2026\/01\/23\/69739c46d4113.jpeg","fifu_image_alt":"","footnotes":""},"categories":[6],"tags":[],"class_list":["post-56821","post","type-post","status-publish","format-standard","has-post-thumbnail","","category-deportes"],"_links":{"self":[{"href":"https:\/\/noticiasveraces.com\/index.php?rest_route=\/wp\/v2\/posts\/56821","targetHints":{"allow":["GET"]}}],"collection":[{"href":"https:\/\/noticiasveraces.com\/index.php?rest_route=\/wp\/v2\/posts"}],"about":[{"href":"https:\/\/noticiasveraces.com\/index.php?rest_route=\/wp\/v2\/types\/post"}],"author":[{"embeddable":true,"href":"https:\/\/noticiasveraces.com\/index.php?rest_route=\/wp\/v2\/users\/1"}],"replies":[{"embeddable":true,"href":"https:\/\/noticiasveraces.com\/index.php?rest_route=%2Fwp%2Fv2%2Fcomments&post=56821"}],"version-history":[{"count":0,"href":"https:\/\/noticiasveraces.com\/index.php?rest_route=\/wp\/v2\/posts\/56821\/revisions"}],"wp:featuredmedia":[{"embeddable":true,"href":"https:\/\/noticiasveraces.com\/index.php?rest_route=\/wp\/v2\/media\/56823"}],"wp:attachment":[{"href":"https:\/\/noticiasveraces.com\/index.php?rest_route=%2Fwp%2Fv2%2Fmedia&parent=56821"}],"wp:term":[{"taxonomy":"category","embeddable":true,"href":"https:\/\/noticiasveraces.com\/index.php?rest_route=%2Fwp%2Fv2%2Fcategories&post=56821"},{"taxonomy":"post_tag","embeddable":true,"href":"https:\/\/noticiasveraces.com\/index.php?rest_route=%2Fwp%2Fv2%2Ftags&post=56821"}],"curies":[{"name":"wp","href":"https:\/\/api.w.org\/{rel}","templated":true}]}}