{"id":56819,"date":"2026-01-24T23:56:14","date_gmt":"2026-01-25T03:56:14","guid":{"rendered":"https:\/\/noticiasveraces.com\/?p=56819"},"modified":"2026-01-24T23:56:14","modified_gmt":"2026-01-25T03:56:14","slug":"ecuador-confirma-que-nina-de-2-anos-detenida-por-inmigracion-en-ee-uu-esta-con-su-madre-albertonews","status":"publish","type":"post","link":"https:\/\/noticiasveraces.com\/?p=56819","title":{"rendered":"Ecuador confirma que ni\u00f1a de 2 a\u00f1os detenida por inmigraci\u00f3n en EE.UU. est\u00e1 con su madre &#8211; AlbertoNews"},"content":{"rendered":"<p> \n<\/p>\n<div>\n<p>El Gobierno de Ecuador confirm\u00f3 este s\u00e1bado que Chloe R., una ni\u00f1a ecuatoriana de 2 a\u00f1os que fue retenida por el Servicio de Inmigraci\u00f3n y Control de Aduanas de los Estados Unidos (ICE, por sus siglas en ingl\u00e9s) en la ciudad estadounidense de Mine\u00e1polis, se encuentra con su madre en dicha ciudad.<\/p>\n<p>En un comunicado del Ministerio de Relaciones Exteriores y Movilidad Humana, el Ejecutivo detall\u00f3 que el Consulado de Ecuador en Mine\u00e1polis tom\u00f3 contacto con la oficina del ICE para confirmar la condici\u00f3n migratoria de los connacionales, monitorear su situaci\u00f3n y brindar el apoyo correspondiente.<\/p>\n<p>La menor de edad fue retenida junto a su padre, Elvis Tip\u00e1n Echeverr\u00eda, el pasado jueves cuando estaban de camino a su casa.<\/p>\n<p>Seg\u00fan detall\u00f3 a The Guardian Kira Kelley, una abogada de la familia, los agentes estadounidenses no permitieron que el padre entregara a su hija a la madre. En su lugar, ambos fueron trasladados a Texas.<\/p>\n<p>Por su parte, el Departamento de Seguridad Nacional Estados Unidos (DHS, por sus siglas en ingl\u00e9s) explic\u00f3 que la madre se neg\u00f3 a que le entregaran a la menor, una informaci\u00f3n que fue desmentida por la defensa de la familia.<\/p>\n<p>Este hecho, enmarcado en mitad de las redadas masivas de migrantes en algunos estados de Estados Unidos, cobr\u00f3 notoriedad despu\u00e9s de que un concejal de la ciudad iniciara una campa\u00f1a de recaudaci\u00f3n de fondos en l\u00ednea para ayudar a los familiares con los costos legales del caso.<\/p>\n<p>En relaci\u00f3n con el caso del ni\u00f1o ecuatoriano de 5 a\u00f1os, Liam Conejo, que permanece junto a su padre, Adri\u00e1n Conejo, bajo custodia de las autoridades migratorias en Texas, la Canciller\u00eda confirm\u00f3 haberse puesto en contacto con los familiares en Ecuador y les ofrecieron los servicios de asistencia social y psicol\u00f3gica del Gobierno nacional.<\/p>\n<p>El Ministerio, adem\u00e1s, inform\u00f3 de que contin\u00faa monitoreando los casos de otros ciudadanos ecuatorianos retenidos tambi\u00e9n en Mine\u00e1polis, Rosa Llangari y su hijo Joffe Alexander Jara.<\/p>\n<p>\u00abDesde que el Gobierno de los Estados Unidos despleg\u00f3 operativos de control migratorio en la ciudad de Mine\u00e1polis, el consulado del Ecuador en esa ciudad ha mantenido un seguimiento constante de los casos de detenci\u00f3n de ciudadanos ecuatorianos por motivos migratorios, en coordinaci\u00f3n con la Embajada del Ecuador en ese pa\u00eds\u00bb, se\u00f1alaron.<\/p>\n<p class=\"p\"><b><span class=\"15\" style=\"font-family: 'Segoe UI';\">Si quieres recibir en tu celular esta y otras informaciones descarga Telegram, ingresa al link <\/span><\/b><b><span class=\"16\" style=\"font-family: 'Segoe UI';\">https:\/\/t.me\/albertorodnews<\/span><\/b><b><span class=\"15\" style=\"font-family: 'Segoe UI';\"> y dale click a +Unirme.  <\/span><\/b><b\/><\/p>\n<p class=\"p\"><b><span class=\"16\" style=\"font-family: 'Segoe UI';\">Alberto Noticias<\/span><\/b><\/p>\n<\/p><\/div>\n\n","protected":false},"excerpt":{"rendered":"<p>El Gobierno de Ecuador confirm\u00f3 este s\u00e1bado que Chloe R., una ni\u00f1a ecuatoriana de 2 a\u00f1os que fue retenida por el Servicio de Inmigraci\u00f3n y Control de Aduanas de los Estados Unidos (ICE, por sus siglas en ingl\u00e9s) en la ciudad estadounidense de Mine\u00e1polis, se encuentra con su madre en dicha ciudad. En un comunicado &hellip;<\/p>\n","protected":false},"author":1,"featured_media":56820,"comment_status":"open","ping_status":"open","sticky":false,"template":"","format":"standard","meta":{"fifu_image_url":"https:\/\/bitlyanews.com\/wp-content\/uploads\/2026\/01\/image-2026-01-24T223011.164.jpg","fifu_image_alt":"","footnotes":""},"categories":[13],"tags":[],"class_list":["post-56819","post","type-post","status-publish","format-standard","has-post-thumbnail","","category-mundo"],"_links":{"self":[{"href":"https:\/\/noticiasveraces.com\/index.php?rest_route=\/wp\/v2\/posts\/56819","targetHints":{"allow":["GET"]}}],"collection":[{"href":"https:\/\/noticiasveraces.com\/index.php?rest_route=\/wp\/v2\/posts"}],"about":[{"href":"https:\/\/noticiasveraces.com\/index.php?rest_route=\/wp\/v2\/types\/post"}],"author":[{"embeddable":true,"href":"https:\/\/noticiasveraces.com\/index.php?rest_route=\/wp\/v2\/users\/1"}],"replies":[{"embeddable":true,"href":"https:\/\/noticiasveraces.com\/index.php?rest_route=%2Fwp%2Fv2%2Fcomments&post=56819"}],"version-history":[{"count":0,"href":"https:\/\/noticiasveraces.com\/index.php?rest_route=\/wp\/v2\/posts\/56819\/revisions"}],"wp:featuredmedia":[{"embeddable":true,"href":"https:\/\/noticiasveraces.com\/index.php?rest_route=\/wp\/v2\/media\/56820"}],"wp:attachment":[{"href":"https:\/\/noticiasveraces.com\/index.php?rest_route=%2Fwp%2Fv2%2Fmedia&parent=56819"}],"wp:term":[{"taxonomy":"category","embeddable":true,"href":"https:\/\/noticiasveraces.com\/index.php?rest_route=%2Fwp%2Fv2%2Fcategories&post=56819"},{"taxonomy":"post_tag","embeddable":true,"href":"https:\/\/noticiasveraces.com\/index.php?rest_route=%2Fwp%2Fv2%2Ftags&post=56819"}],"curies":[{"name":"wp","href":"https:\/\/api.w.org\/{rel}","templated":true}]}}