{"id":56768,"date":"2026-01-24T16:47:36","date_gmt":"2026-01-24T20:47:36","guid":{"rendered":"https:\/\/noticiasveraces.com\/?p=56768"},"modified":"2026-01-24T16:47:36","modified_gmt":"2026-01-24T20:47:36","slug":"indignacion-por-criticas-de-donald-trump-a-soldados-europeos","status":"publish","type":"post","link":"https:\/\/noticiasveraces.com\/?p=56768","title":{"rendered":"Indignaci\u00f3n por cr\u00edticas de Donald Trump a soldados europeos"},"content":{"rendered":"<p> \n<\/p>\n<div data-tracking-name=\"rich-text\" data-tracking-skip=\"true\">\n<p>Varios pa\u00edses europeos criticaron este s\u00e1bado (24.01.2026) al presidente de Estados Unidos, Donald Trump, por decir que los aliados de la\u00a0OTAN evitaron la l\u00ednea del frente en Afganist\u00e1n, obligando al republicano a desdecirse parcialmente. La primera ministra de Italia expres\u00f3 su \u00abestupor\u201d por las declaraciones, mientras que el presidente de Francia las calific\u00f3 de \u00abinaceptables\u201d, y el premier brit\u00e1nico de \u00abinsultantes\u201d.<\/p>\n<p>En una entrevista el jueves con Fox News, Trump sostuvo que salvo las fuerzas estadounidenses, las tropas de la OTAN \u00abse mantuvieron un poco lejos de las l\u00edneas del frente\u00bb en territorio afgano. El primer ministro de Reino Unido, Keir Starmer, dijo que las declaraciones eran \u00abinsultantes\u201d, considerando que 457 brit\u00e1nicos murieron en la guerra posterior a los atentados del 11 de septiembre de 2001.<\/p>\n<p>Starmer habl\u00f3 esta misma jornada por tel\u00e9fono con Trump, a quien le hizo hincapi\u00e9 en el sacrificio de las fuerzas brit\u00e1nicas, a cuyos ca\u00eddos \u00abnunca olvidaremos\u201d. Poco despu\u00e9s, la primera ministra de Italia, Giorgia Meloni, expres\u00f3 su \u00abestupor\u201d y recalc\u00f3 que \u00abla amistad exige respeto, condici\u00f3n fundamental para seguir garantizando la solidaridad que est\u00e1 en la base de la Alianza Atl\u00e1ntica\u201d.<\/p>\n<p><span data-slot-id=\"Article_InContent-1\" class=\"rich-text-ad\"\/><\/p>\n<h2>\u00abPesado tributo\u00bb<\/h2>\n<p>Tambi\u00e9n el ministro de Defensa de Alemania, Boris Pistorius, mostr\u00f3 su malestar, diciendo que Alemania pag\u00f3 \u00abun pesado tributo\u201d por su compromiso con la OTAN. \u00ab59 soldados y tres polic\u00edas alemanes perdieron la vida en combates, atentados o accidentes\u201d, indic\u00f3. \u00abNuestro ej\u00e9rcito estaba listo cuando nuestros aliados estadounidenses pidieron apoyo tras el atentado terrorista islamista de 2001\u201d, record\u00f3.<\/p>\n<p>\u00abEsas declaraciones inaceptables no merecen ning\u00fan comentario\u00bb, dijo, en tanto, el presidente de Francia, Emmanuel Macron, cuya oficina de prensa comunic\u00f3 que el Jefe de Estado galo reiteraba su reconocimiento \u00aba las familias de nuestros soldados ca\u00eddos\u201d. Por su parte, la primera ministra de Dinamarca, Mette Frederiksen, calific\u00f3 de \u00abinsoportable\u00bb la visi\u00f3n del presidente estadounidense.<\/p>\n<p>\u00abEntiendo perfectamente que los veteranos daneses hayan declarado que no hay palabras que puedan describir hasta qu\u00e9 punto eso es doloroso\u00bb, escribi\u00f3 la dirigente en Facebook. \u00abEs insoportable que el presidente estadounidense cuestione el compromiso de los soldados aliados en Afganist\u00e1n\u00bb, agreg\u00f3.<\/p>\n<p>Tras la ola de cr\u00edticas, Trump elogi\u00f3 en su plataforma Truth Social a los soldados brit\u00e1nicos. \u00ab\u00a1Los GRANDES y muy VALIENTES soldados del Reino Unido siempre estar\u00e1n con los Estados Unidos de Am\u00e9rica!\u00bb, escribi\u00f3.<\/p>\n<p>DZC (AFP, EFE)<\/p>\n<\/div>\n\n","protected":false},"excerpt":{"rendered":"<p>Varios pa\u00edses europeos criticaron este s\u00e1bado (24.01.2026) al presidente de Estados Unidos, Donald Trump, por decir que los aliados de la\u00a0OTAN evitaron la l\u00ednea del frente en Afganist\u00e1n, obligando al republicano a desdecirse parcialmente. La primera ministra de Italia expres\u00f3 su \u00abestupor\u201d por las declaraciones, mientras que el presidente de Francia las calific\u00f3 de \u00abinaceptables\u201d, &hellip;<\/p>\n","protected":false},"author":1,"featured_media":56769,"comment_status":"open","ping_status":"open","sticky":false,"template":"","format":"standard","meta":{"fifu_image_url":"https:\/\/static.dw.com\/image\/74641813_6.jpg","fifu_image_alt":"","footnotes":""},"categories":[13],"tags":[],"class_list":["post-56768","post","type-post","status-publish","format-standard","has-post-thumbnail","","category-mundo"],"_links":{"self":[{"href":"https:\/\/noticiasveraces.com\/index.php?rest_route=\/wp\/v2\/posts\/56768","targetHints":{"allow":["GET"]}}],"collection":[{"href":"https:\/\/noticiasveraces.com\/index.php?rest_route=\/wp\/v2\/posts"}],"about":[{"href":"https:\/\/noticiasveraces.com\/index.php?rest_route=\/wp\/v2\/types\/post"}],"author":[{"embeddable":true,"href":"https:\/\/noticiasveraces.com\/index.php?rest_route=\/wp\/v2\/users\/1"}],"replies":[{"embeddable":true,"href":"https:\/\/noticiasveraces.com\/index.php?rest_route=%2Fwp%2Fv2%2Fcomments&post=56768"}],"version-history":[{"count":0,"href":"https:\/\/noticiasveraces.com\/index.php?rest_route=\/wp\/v2\/posts\/56768\/revisions"}],"wp:featuredmedia":[{"embeddable":true,"href":"https:\/\/noticiasveraces.com\/index.php?rest_route=\/wp\/v2\/media\/56769"}],"wp:attachment":[{"href":"https:\/\/noticiasveraces.com\/index.php?rest_route=%2Fwp%2Fv2%2Fmedia&parent=56768"}],"wp:term":[{"taxonomy":"category","embeddable":true,"href":"https:\/\/noticiasveraces.com\/index.php?rest_route=%2Fwp%2Fv2%2Fcategories&post=56768"},{"taxonomy":"post_tag","embeddable":true,"href":"https:\/\/noticiasveraces.com\/index.php?rest_route=%2Fwp%2Fv2%2Ftags&post=56768"}],"curies":[{"name":"wp","href":"https:\/\/api.w.org\/{rel}","templated":true}]}}