{"id":56746,"date":"2026-01-24T13:44:11","date_gmt":"2026-01-24T17:44:11","guid":{"rendered":"https:\/\/noticiasveraces.com\/?p=56746"},"modified":"2026-01-24T13:44:11","modified_gmt":"2026-01-24T17:44:11","slug":"familiares-cuestionan-cifra-oficial-de-excarcelaciones-de-presos-politicos-en-venezuela","status":"publish","type":"post","link":"https:\/\/noticiasveraces.com\/?p=56746","title":{"rendered":"Familiares cuestionan cifra oficial de excarcelaciones de presos pol\u00edticos en Venezuela"},"content":{"rendered":"<p> \n<\/p>\n<div>\n<p>Margareth Baduel, defensora de derechos humanos y hermana del preso pol\u00edtico Josnars Baduel, rechaz\u00f3 las cifras oficiales anunciadas por la presidente encargada, Delcy Rodr\u00edguez, quien contabiliz\u00f3 626 excarcelaciones en Venezuela.<\/p>\n<p>La activista declar\u00f3 desde la c\u00e1rcel El Rodeo I, en el estado Miranda, que el anuncio <strong>\u201cno refleja la realidad\u201d <\/strong>debido a que son cientas las familias que todav\u00eda esperan a las afueras de los centros de reclusi\u00f3n a la espera de sus seres queridos. \u201cEsto constata que <strong>las liberaciones no han ocurrido como se inform\u00f3\u201d,<\/strong> acot\u00f3 en un video difundido por la organizaci\u00f3n no gubernamental (ONG) Comit\u00e9 por la Libertad de los Presos Pol\u00edticos (Clippve). <\/p>\n<blockquote data-service=\"twitter\" data-category=\"marketing\" data-placeholder-image=\"https:\/\/eldiario.com\/wp-content\/plugins\/complianz-gdpr-premium\/assets\/images\/placeholders\/twitter-minimal.jpg\" class=\"cmplz-placeholder-element twitter-tweet\">\n<p lang=\"es\" dir=\"ltr\">\u26a0\ufe0f <a href=\"https:\/\/twitter.com\/hashtag\/AHORA?src=hash&amp;ref_src=twsrc%5Etfw\">#AHORA<\/a> | En la madrugada de este <a href=\"https:\/\/twitter.com\/hashtag\/24Ene?src=hash&amp;ref_src=twsrc%5Etfw\">#24Ene<\/a>la defensora de DDHH Margareth Baduel cuestion\u00f3 las cifras oficiales que afirman la salida de 626 presos pol\u00edticos. <\/p>\n<p>Desde la vigilia en El Rodeo I, la tambi\u00e9n hermana del preso pol\u00edtico Josnars Baduel, denunci\u00f3 que dicho anuncio no se\u2026 <a href=\"https:\/\/t.co\/13GxYEf4pu\">pic.twitter.com\/13GxYEf4pu<\/a><\/p>\n<p>\u2014 Comit\u00e9 por la Libertad de los Presos Pol\u00edticos. (@clippve) <a href=\"https:\/\/twitter.com\/clippve\/status\/2015027012155343234?ref_src=twsrc%5Etfw\">24 de enero de 2026<\/a><\/p><\/blockquote>\n<p>Los familiares de presos pol\u00edticos frecuentan las adyacencias de los penales El Rodeo I, Yare, Zona 7, El Helicoide, Tocor\u00f3n, el INOF, Las Cris\u00e1lidas y Ramo Verde desde hace 15 d\u00edas<strong> a la espera de que se materialicen las excarcelaciones de presos pol\u00edticos.<\/strong><\/p>\n<p><strong>\u201cHa sido una burla para nosotros, <\/strong>los familiares, escuchar esas declaraciones que hablan de unas liberaciones que hasta el momento no se han materializado\u201d, dijo Baduel. <\/p>\n<p>Los parientes de presos pol\u00edticos, junto con la ONG Justicia, Encuentro y Perd\u00f3n (JEP), han cuestionado las declaraciones de la presidenta encargada, Delcy Rodr\u00edguez, quien el 23 de enero asegur\u00f3 que en Venezuela se han llevado a cabo 626 excarcelaciones.<\/p>\n<p>De acuerdo con el Foro Penal, hasta este viernes han podido confirmar la excarcelaci\u00f3n de<strong> 156 presos pol\u00edticos<\/strong> desde el 8 de enero, mientras que JEP inform\u00f3 que ha podido verificar 174 excarcelaciones.<\/p>\n<p>Ante esta situaci\u00f3n, <strong>la ONG exigi\u00f3 la publicaci\u00f3n inmediata de las listas completas de las personas que han sido liberadas<\/strong> bajo condiciones. Adem\u00e1s, exigen su libertad plena, ya que la mayor\u00eda de las excarcelaciones de ciudadanos se han ejecutado bajo medidas cautelares. <\/p>\n<h2 class=\"wp-block-heading\" id=\"h-las-vigilias-para-exigir-la-liberacion-de-presos-politicos-continuan-en-los-centros-de-detencion\"><strong>Las vigilias para exigir la liberaci\u00f3n de presos pol\u00edticos contin\u00faan en los centros de detenci\u00f3n<\/strong><\/h2>\n<figure class=\"wp-block-image size-large\"><picture fetchpriority=\"high\" decoding=\"async\" class=\"wp-image-840325\"><source type=\"image\/webp\" srcset=\"https:\/\/eldiario.com\/wp-content\/uploads\/2026\/01\/Vigilia-Zona-7-familiares-de-presos-politicos-4-1200x802.jpg.webp 1200w, https:\/\/eldiario.com\/wp-content\/uploads\/2026\/01\/Vigilia-Zona-7-familiares-de-presos-politicos-4-300x200.jpg.webp 300w, https:\/\/eldiario.com\/wp-content\/uploads\/2026\/01\/Vigilia-Zona-7-familiares-de-presos-politicos-4-768x513.jpg.webp 768w, https:\/\/eldiario.com\/wp-content\/uploads\/2026\/01\/Vigilia-Zona-7-familiares-de-presos-politicos-4-1536x1026.jpg.webp 1536w, https:\/\/eldiario.com\/wp-content\/uploads\/2026\/01\/Vigilia-Zona-7-familiares-de-presos-politicos-4-330x220.jpg.webp 330w, https:\/\/eldiario.com\/wp-content\/uploads\/2026\/01\/Vigilia-Zona-7-familiares-de-presos-politicos-4-420x280.jpg.webp 420w, https:\/\/eldiario.com\/wp-content\/uploads\/2026\/01\/Vigilia-Zona-7-familiares-de-presos-politicos-4-615x410.jpg.webp 615w, https:\/\/eldiario.com\/wp-content\/uploads\/2026\/01\/Vigilia-Zona-7-familiares-de-presos-politicos-4-860x575.jpg.webp 860w, https:\/\/eldiario.com\/wp-content\/uploads\/2026\/01\/Vigilia-Zona-7-familiares-de-presos-politicos-4-150x100.jpg.webp 150w, https:\/\/eldiario.com\/wp-content\/uploads\/2026\/01\/Vigilia-Zona-7-familiares-de-presos-politicos-4.jpg.webp 1600w\" sizes=\"(max-width: 1200px) 100vw, 1200px\"\/><img fetchpriority=\"high\" decoding=\"async\" width=\"1200\" height=\"802\" src=\"https:\/\/eldiario.com\/wp-content\/uploads\/2026\/01\/Vigilia-Zona-7-familiares-de-presos-politicos-4-1200x802.jpg\" alt=\"Un campamento de historias y sue\u00f1os resiste frente a la Zona 7 de la PNB\" srcset=\"https:\/\/eldiario.com\/wp-content\/uploads\/2026\/01\/Vigilia-Zona-7-familiares-de-presos-politicos-4-1200x802.jpg 1200w, https:\/\/eldiario.com\/wp-content\/uploads\/2026\/01\/Vigilia-Zona-7-familiares-de-presos-politicos-4-300x200.jpg 300w, https:\/\/eldiario.com\/wp-content\/uploads\/2026\/01\/Vigilia-Zona-7-familiares-de-presos-politicos-4-768x513.jpg 768w, https:\/\/eldiario.com\/wp-content\/uploads\/2026\/01\/Vigilia-Zona-7-familiares-de-presos-politicos-4-1536x1026.jpg 1536w, https:\/\/eldiario.com\/wp-content\/uploads\/2026\/01\/Vigilia-Zona-7-familiares-de-presos-politicos-4-330x220.jpg 330w, https:\/\/eldiario.com\/wp-content\/uploads\/2026\/01\/Vigilia-Zona-7-familiares-de-presos-politicos-4-420x280.jpg 420w, https:\/\/eldiario.com\/wp-content\/uploads\/2026\/01\/Vigilia-Zona-7-familiares-de-presos-politicos-4-615x410.jpg 615w, https:\/\/eldiario.com\/wp-content\/uploads\/2026\/01\/Vigilia-Zona-7-familiares-de-presos-politicos-4-860x575.jpg 860w, https:\/\/eldiario.com\/wp-content\/uploads\/2026\/01\/Vigilia-Zona-7-familiares-de-presos-politicos-4-150x100.jpg 150w, https:\/\/eldiario.com\/wp-content\/uploads\/2026\/01\/Vigilia-Zona-7-familiares-de-presos-politicos-4.jpg 1600w\" sizes=\"(max-width: 1200px) 100vw, 1200px\"\/>\n<\/picture><figcaption class=\"wp-element-caption\">Foto: Mauricio Villarreal<\/figcaption><\/figure>\n<p>Madres, padres, hermanos y otros parientes de presos pol\u00edticos <strong>permanecen a las afueras de varios centros de detenci\u00f3n <\/strong>en Venezuela desde el 8 de enero, tras el anuncio de Jorge Rodr\u00edguez por la \u201cliberaci\u00f3n de un importante n\u00famero de personas\u201d. <\/p>\n<p>Desde entonces, las personas <strong>han dormido en el suelo, en carpas o sobre colchones donados <\/strong>por otros ciudadanos, mientras esperan informaci\u00f3n, fe de vida o la liberaci\u00f3n de sus familiares detenidos por razones pol\u00edticas, como pudo constatar el equipo de <strong>El Diario<\/strong> en un trabajo documental de parientes de presos pol\u00edticos en la Zona 7, en Bole\u00edta. <\/p>\n<p>En este centro de reclusi\u00f3n, espec\u00edficamente, los familiares han denunciado la presencia de contingentes policiales, el <strong>bloqueo del acceso al comando y la instalaci\u00f3n de c\u00e1maras de vigilancia.<\/strong><\/p>\n<p>A pesar de esto, los manifestantes han realizado diversas actividades como forma de protesta para exigir la liberaci\u00f3n de sus seres queridos.<br \/>El Observatorio Venezolano de Prisiones (OVP) advirti\u00f3 el viernes 23 de enero que el <strong>proceso de excarcelaci\u00f3n de presos pol\u00edticos en Venezuela viola los derechos <\/strong>de los familiares y de los detenidos.<\/p>\n<p><!-- CONTENT END 1 -->\n<\/div>\n<p><script async src=\"https:\/\/platform.twitter.com\/widgets.js\" charset=\"utf-8\"><\/script><br \/>\n<br \/>\n","protected":false},"excerpt":{"rendered":"<p>Margareth Baduel, defensora de derechos humanos y hermana del preso pol\u00edtico Josnars Baduel, rechaz\u00f3 las cifras oficiales anunciadas por la presidente encargada, Delcy Rodr\u00edguez, quien contabiliz\u00f3 626 excarcelaciones en Venezuela. La activista declar\u00f3 desde la c\u00e1rcel El Rodeo I, en el estado Miranda, que el anuncio \u201cno refleja la realidad\u201d debido a que son cientas &hellip;<\/p>\n","protected":false},"author":1,"featured_media":56748,"comment_status":"open","ping_status":"open","sticky":false,"template":"","format":"standard","meta":{"fifu_image_url":"https:\/\/eldiario.com\/wp-content\/uploads\/2026\/01\/e3ac399d39b3097c69763a804d29159696b8830a-1.jpg","fifu_image_alt":"","footnotes":""},"categories":[13],"tags":[],"class_list":["post-56746","post","type-post","status-publish","format-standard","has-post-thumbnail","","category-mundo"],"_links":{"self":[{"href":"https:\/\/noticiasveraces.com\/index.php?rest_route=\/wp\/v2\/posts\/56746","targetHints":{"allow":["GET"]}}],"collection":[{"href":"https:\/\/noticiasveraces.com\/index.php?rest_route=\/wp\/v2\/posts"}],"about":[{"href":"https:\/\/noticiasveraces.com\/index.php?rest_route=\/wp\/v2\/types\/post"}],"author":[{"embeddable":true,"href":"https:\/\/noticiasveraces.com\/index.php?rest_route=\/wp\/v2\/users\/1"}],"replies":[{"embeddable":true,"href":"https:\/\/noticiasveraces.com\/index.php?rest_route=%2Fwp%2Fv2%2Fcomments&post=56746"}],"version-history":[{"count":0,"href":"https:\/\/noticiasveraces.com\/index.php?rest_route=\/wp\/v2\/posts\/56746\/revisions"}],"wp:featuredmedia":[{"embeddable":true,"href":"https:\/\/noticiasveraces.com\/index.php?rest_route=\/wp\/v2\/media\/56748"}],"wp:attachment":[{"href":"https:\/\/noticiasveraces.com\/index.php?rest_route=%2Fwp%2Fv2%2Fmedia&parent=56746"}],"wp:term":[{"taxonomy":"category","embeddable":true,"href":"https:\/\/noticiasveraces.com\/index.php?rest_route=%2Fwp%2Fv2%2Fcategories&post=56746"},{"taxonomy":"post_tag","embeddable":true,"href":"https:\/\/noticiasveraces.com\/index.php?rest_route=%2Fwp%2Fv2%2Ftags&post=56746"}],"curies":[{"name":"wp","href":"https:\/\/api.w.org\/{rel}","templated":true}]}}