{"id":56743,"date":"2026-01-24T13:39:46","date_gmt":"2026-01-24T17:39:46","guid":{"rendered":"https:\/\/noticiasveraces.com\/?p=56743"},"modified":"2026-01-24T13:39:46","modified_gmt":"2026-01-24T17:39:46","slug":"el-movimiento-clave-de-la-princesa-kate-para-garantizar-que-la-princesa-charlotte-adopte-el-legado-real-noticias","status":"publish","type":"post","link":"https:\/\/noticiasveraces.com\/?p=56743","title":{"rendered":"El movimiento clave de la princesa Kate para garantizar que la princesa Charlotte adopte el legado | Real | Noticias"},"content":{"rendered":"<p> \n<\/p>\n<div>\n<div class=\"photo changeSpace\">\n<p class=\"withoutCaption\"><picture><source type=\"image\/avif\" srcset=\"https:\/\/cdn.images.express.co.uk\/img\/dynamic\/106\/1200x712\/secondary\/Princess-Catherine-and-Princess-Charlotte-6690245.avif?r=1769014782903\" media=\"screen and (min-width:10000px)\"><source type=\"image\/webp\" srcset=\"https:\/\/cdn.images.express.co.uk\/img\/dynamic\/106\/1200x712\/secondary\/Princess-Catherine-and-Princess-Charlotte-6690245.webp?r=1769014782903\" media=\"screen and (min-width:10000px)\"><source type=\"image\/jpeg\" srcset=\"https:\/\/cdn.images.express.co.uk\/img\/dynamic\/106\/1200x712\/secondary\/Princess-Catherine-and-Princess-Charlotte-6690245.jpg?r=1769014782903\" media=\"screen and (min-width:10000px)\"><source type=\"image\/avif\" srcset=\"https:\/\/cdn.images.express.co.uk\/img\/dynamic\/106\/674x400\/secondary\/Princess-Catherine-and-Princess-Charlotte-6690245.avif?r=1769014782903\" media=\"screen and (min-width:100000px)\"><source type=\"image\/webp\" srcset=\"https:\/\/cdn.images.express.co.uk\/img\/dynamic\/106\/674x400\/secondary\/Princess-Catherine-and-Princess-Charlotte-6690245.webp?r=1769014782903\" media=\"screen and (min-width:100000px)\"><source type=\"image\/jpeg\" srcset=\"https:\/\/cdn.images.express.co.uk\/img\/dynamic\/106\/674x400\/secondary\/Princess-Catherine-and-Princess-Charlotte-6690245.jpg?r=1769014782903\" media=\"screen and (min-width:100000px)\"><source type=\"image\/avif\" srcset=\"https:\/\/cdn.images.express.co.uk\/img\/dynamic\/106\/940x\/secondary\/Princess-Catherine-and-Princess-Charlotte-6690245.avif?r=1769014782903\" media=\"screen and (min-width:1200px)\"><source type=\"image\/webp\" srcset=\"https:\/\/cdn.images.express.co.uk\/img\/dynamic\/106\/940x\/secondary\/Princess-Catherine-and-Princess-Charlotte-6690245.webp?r=1769014782903\" media=\"screen and (min-width:1200px)\"><source type=\"image\/jpeg\" srcset=\"https:\/\/cdn.images.express.co.uk\/img\/dynamic\/106\/940x\/secondary\/Princess-Catherine-and-Princess-Charlotte-6690245.jpg?r=1769014782903\" media=\"screen and (min-width:1200px)\"><source type=\"image\/avif\" srcset=\"https:\/\/cdn.images.express.co.uk\/img\/dynamic\/106\/590x\/secondary\/Princess-Catherine-and-Princess-Charlotte-6690245.avif?r=1769014782903\" media=\"screen\"><source type=\"image\/webp\" srcset=\"https:\/\/cdn.images.express.co.uk\/img\/dynamic\/106\/590x\/secondary\/Princess-Catherine-and-Princess-Charlotte-6690245.webp?r=1769014782903\" media=\"screen\"><img decoding=\"async\" class=\"zoomEnabled\" src=\"https:\/\/cdn.images.express.co.uk\/img\/dynamic\/106\/1200x712\/secondary\/Princess-Catherine-and-Princess-Charlotte-6690245.jpg?r=1769014782903\" alt=\"Princesa Catalina y Princesa Carlota\" title=\"Princesa Catalina y Princesa Carlota\" width=\"590\" height=\"350\" fetchpriority=\"high\"\/><\/source><\/source><\/source><\/source><\/source><\/source><\/source><\/source><\/source><\/source><\/source><\/picture><\/p>\n<p><span class=\"newsCaption\">La princesa Catalina lleva el legado de la princesa Diana a trav\u00e9s del estilo real moderno de Charlotte <span class=\"caption\">(Imagen: Getty)<\/span><span class=\"magnifier\" data-img=\"https:\/\/cdn.images.express.co.uk\/img\/dynamic\/106\/1200x712\/secondary\/Princess-Catherine-and-Princess-Charlotte-6690245.jpg?r=1769014782903\"\/><\/span><\/div>\n<div class=\"text-description\">\n<p>Desde que se cas\u00f3 con el pr\u00edncipe William en 2012, la princesa Catalina ha tejido silenciosamente homenajes a la princesa Diana en sus elecciones de moda real. En lugar de confiar en r\u00e9plicas directas, ha favorecido reinterpretaciones modernas que capturan la confianza, la fuerza y \u200b\u200bla inteligencia emocional de la difunta Princesa de Gales. <\/p>\n<\/div>\n<div class=\"text-description\">\n<p>Con el tiempo, estos gui\u00f1os se han vuelto m\u00e1s seguros, combinando la vestimenta tradicional con un toque elegante y contempor\u00e1neo propio de una futura reina. Ahora, la princesa Catalina, de 44 a\u00f1os, est\u00e1 extendiendo ese legado a la pr\u00f3xima generaci\u00f3n a trav\u00e9s de su hija, la princesa Carlota.<\/p>\n<\/div>\n<div class=\"text-description\">\n<p>Los looks cuidadosamente elegidos de Charlotte, de 10 a\u00f1os, reflejan el esp\u00edritu de Diana sin dejar de ser apropiados para su edad. Es un enfoque vanguardista de la conmemoraci\u00f3n, que honra el pasado sin limitarse a \u00e9l.<\/p>\n<\/div>\n<div class=\"text-description\">\n<p>Al hacerlo, la princesa Catalina se asegura de que la luz de Diana siga brillando dentro del lenguaje en evoluci\u00f3n de la realeza moderna. A continuaci\u00f3n, desglosamos los looks reales que cuentan esta historia a trav\u00e9s del estilo.<\/p>\n<\/div>\n<div class=\"text-description dont-miss\">\n<p><strong>  Leer m\u00e1s:<\/strong>  Meghan Markle acaba de demostrar que har\u00e1 cualquier cosa para llamar la atenci\u00f3n. <\/p>\n<p><strong>  Leer m\u00e1s:<\/strong>  Meghan Markle &#39;devastada&#39; cuando su dise\u00f1ador favorito muere a los 93 a\u00f1os <\/p>\n<\/div>\n<div class=\"whatsapp-group \"> <strong class=\"wapp-head\">  Mant\u00e9ngase al d\u00eda con las \u00faltimas noticias reales <\/strong> \u00danase a nosotros en WhatsApp<\/p>\n<p class=\"wapp-inf\">Los miembros de nuestra comunidad reciben ofertas especiales, promociones y anuncios nuestros y de nuestros socios. Puedes realizar el check-out en cualquier momento. Lea nuestra Pol\u00edtica de Privacidad<\/p>\n<\/div>\n<div class=\"photo changeSpace\">\n<p class=\"withoutCaption\"><picture><source type=\"image\/avif\" srcset=\"https:\/\/cdn.images.express.co.uk\/img\/dynamic\/106\/1200x712\/secondary\/Princess-Diana-The-Princess-Wales-and-Princess-Charlotte-6690236.avif?r=1769014782919\" media=\"screen and (min-width:10000px)\"><source type=\"image\/webp\" srcset=\"https:\/\/cdn.images.express.co.uk\/img\/dynamic\/106\/1200x712\/secondary\/Princess-Diana-The-Princess-Wales-and-Princess-Charlotte-6690236.webp?r=1769014782919\" media=\"screen and (min-width:10000px)\"><source type=\"image\/jpeg\" srcset=\"https:\/\/cdn.images.express.co.uk\/img\/dynamic\/106\/1200x712\/secondary\/Princess-Diana-The-Princess-Wales-and-Princess-Charlotte-6690236.jpg?r=1769014782919\" media=\"screen and (min-width:10000px)\"><source type=\"image\/avif\" srcset=\"https:\/\/cdn.images.express.co.uk\/img\/dynamic\/106\/674x400\/secondary\/Princess-Diana-The-Princess-Wales-and-Princess-Charlotte-6690236.avif?r=1769014782919\" media=\"screen and (min-width:100000px)\"><source type=\"image\/webp\" srcset=\"https:\/\/cdn.images.express.co.uk\/img\/dynamic\/106\/674x400\/secondary\/Princess-Diana-The-Princess-Wales-and-Princess-Charlotte-6690236.webp?r=1769014782919\" media=\"screen and (min-width:100000px)\"><source type=\"image\/jpeg\" srcset=\"https:\/\/cdn.images.express.co.uk\/img\/dynamic\/106\/674x400\/secondary\/Princess-Diana-The-Princess-Wales-and-Princess-Charlotte-6690236.jpg?r=1769014782919\" media=\"screen and (min-width:100000px)\"><source type=\"image\/avif\" srcset=\"https:\/\/cdn.images.express.co.uk\/img\/dynamic\/106\/940x\/secondary\/Princess-Diana-The-Princess-Wales-and-Princess-Charlotte-6690236.avif?r=1769014782919\" media=\"screen and (min-width:1200px)\"><source type=\"image\/webp\" srcset=\"https:\/\/cdn.images.express.co.uk\/img\/dynamic\/106\/940x\/secondary\/Princess-Diana-The-Princess-Wales-and-Princess-Charlotte-6690236.webp?r=1769014782919\" media=\"screen and (min-width:1200px)\"><source type=\"image\/jpeg\" srcset=\"https:\/\/cdn.images.express.co.uk\/img\/dynamic\/106\/940x\/secondary\/Princess-Diana-The-Princess-Wales-and-Princess-Charlotte-6690236.jpg?r=1769014782919\" media=\"screen and (min-width:1200px)\"><source type=\"image\/avif\" srcset=\"https:\/\/cdn.images.express.co.uk\/img\/dynamic\/106\/590x\/secondary\/Princess-Diana-The-Princess-Wales-and-Princess-Charlotte-6690236.avif?r=1769014782919\" media=\"screen\"><source type=\"image\/webp\" srcset=\"https:\/\/cdn.images.express.co.uk\/img\/dynamic\/106\/590x\/secondary\/Princess-Diana-The-Princess-Wales-and-Princess-Charlotte-6690236.webp?r=1769014782919\" media=\"screen\"><img decoding=\"async\" class=\"zoomEnabled\" src=\"https:\/\/cdn.images.express.co.uk\/img\/dynamic\/106\/1200x712\/secondary\/Princess-Diana-The-Princess-Wales-and-Princess-Charlotte-6690236.jpg?r=1769014782919\" alt=\"Princesa Diana, La Princesa de Gales y la Princesa Charlotte \" title=\"Princesa Diana, La Princesa de Gales y la Princesa Charlotte \" width=\"590\" height=\"350\" loading=\"lazy\"\/><\/source><\/source><\/source><\/source><\/source><\/source><\/source><\/source><\/source><\/source><\/source><\/picture><\/p>\n<p><span class=\"newsCaption\">La princesa Dina hizo un momento de estilo destacado en 1985 vistiendo David Emmanuel <span class=\"caption\">(Imagen: Getty)<\/span><span class=\"magnifier\" data-img=\"https:\/\/cdn.images.express.co.uk\/img\/dynamic\/106\/1200x712\/secondary\/Princess-Diana-The-Princess-Wales-and-Princess-Charlotte-6690236.jpg?r=1769014782919\"\/><\/span><\/div>\n<div class=\"text-description\">\n<p>El momento original de Diana lleg\u00f3 en mayo de 1985, cuando sali\u00f3 con un llamativo abrigo a cuadros azul y verde de David y Elizabeth Emanuel, un look tan ic\u00f3nico que luego se vendi\u00f3 en una subasta por \u00a311,260 en 2016.<\/p>\n<\/div>\n<div class=\"text-description\">\n<p>Un avance r\u00e1pido hasta ayer en Stirling, Escocia, y la princesa Catalina, de 44 a\u00f1os, hizo eco de esa misma silueta segura con un abrigo a cuadros hecho a medida por el dise\u00f1ador escoc\u00e9s Chris Kerr, actualizando la audaz energ\u00eda de Diana de los a\u00f1os 80 con un corte m\u00e1s elegante y contempor\u00e1neo.<\/p>\n<\/div>\n<div class=\"text-description\">\n<p>Esa influencia ya se ha filtrado a la siguiente generaci\u00f3n. Se vio a la princesa Charlotte usando un abrigo a cuadros personalizado de Alexander McQueen durante la aparici\u00f3n de la familia el d\u00eda de Navidad en 2024, dise\u00f1ado para complementar el look de su madre y al mismo tiempo ofrecer un gui\u00f1o sutil al estilo perdurable de su difunta abuela.<\/p>\n<\/div>\n<div class=\"text-description\">\n<p>A trav\u00e9s de estas elecciones cuidadosamente consideradas, la princesa Catalina hace m\u00e1s que hacer referencia al pasado: salvaguarda el lenguaje de la moda de la princesa Diana, lo reelabora para una monarqu\u00eda moderna y lo transmite cuidadosamente a la pr\u00f3xima generaci\u00f3n.<\/p>\n<\/div>\n<div class=\"photo changeSpace\">\n<p class=\"withoutCaption\"><picture><source type=\"image\/avif\" srcset=\"https:\/\/cdn.images.express.co.uk\/img\/dynamic\/106\/1200x712\/secondary\/Princess-Diana-Princess-Kate-and-Princess-Charlotte-6690237.avif?r=1769014782932\" media=\"screen and (min-width:10000px)\"><source type=\"image\/webp\" srcset=\"https:\/\/cdn.images.express.co.uk\/img\/dynamic\/106\/1200x712\/secondary\/Princess-Diana-Princess-Kate-and-Princess-Charlotte-6690237.webp?r=1769014782932\" media=\"screen and (min-width:10000px)\"><source type=\"image\/jpeg\" srcset=\"https:\/\/cdn.images.express.co.uk\/img\/dynamic\/106\/1200x712\/secondary\/Princess-Diana-Princess-Kate-and-Princess-Charlotte-6690237.jpg?r=1769014782932\" media=\"screen and (min-width:10000px)\"><source type=\"image\/avif\" srcset=\"https:\/\/cdn.images.express.co.uk\/img\/dynamic\/106\/674x400\/secondary\/Princess-Diana-Princess-Kate-and-Princess-Charlotte-6690237.avif?r=1769014782932\" media=\"screen and (min-width:100000px)\"><source type=\"image\/webp\" srcset=\"https:\/\/cdn.images.express.co.uk\/img\/dynamic\/106\/674x400\/secondary\/Princess-Diana-Princess-Kate-and-Princess-Charlotte-6690237.webp?r=1769014782932\" media=\"screen and (min-width:100000px)\"><source type=\"image\/jpeg\" srcset=\"https:\/\/cdn.images.express.co.uk\/img\/dynamic\/106\/674x400\/secondary\/Princess-Diana-Princess-Kate-and-Princess-Charlotte-6690237.jpg?r=1769014782932\" media=\"screen and (min-width:100000px)\"><source type=\"image\/avif\" srcset=\"https:\/\/cdn.images.express.co.uk\/img\/dynamic\/106\/940x\/secondary\/Princess-Diana-Princess-Kate-and-Princess-Charlotte-6690237.avif?r=1769014782932\" media=\"screen and (min-width:1200px)\"><source type=\"image\/webp\" srcset=\"https:\/\/cdn.images.express.co.uk\/img\/dynamic\/106\/940x\/secondary\/Princess-Diana-Princess-Kate-and-Princess-Charlotte-6690237.webp?r=1769014782932\" media=\"screen and (min-width:1200px)\"><source type=\"image\/jpeg\" srcset=\"https:\/\/cdn.images.express.co.uk\/img\/dynamic\/106\/940x\/secondary\/Princess-Diana-Princess-Kate-and-Princess-Charlotte-6690237.jpg?r=1769014782932\" media=\"screen and (min-width:1200px)\"><source type=\"image\/avif\" srcset=\"https:\/\/cdn.images.express.co.uk\/img\/dynamic\/106\/590x\/secondary\/Princess-Diana-Princess-Kate-and-Princess-Charlotte-6690237.avif?r=1769014782932\" media=\"screen\"><source type=\"image\/webp\" srcset=\"https:\/\/cdn.images.express.co.uk\/img\/dynamic\/106\/590x\/secondary\/Princess-Diana-Princess-Kate-and-Princess-Charlotte-6690237.webp?r=1769014782932\" media=\"screen\"><img decoding=\"async\" class=\"zoomEnabled\" src=\"https:\/\/cdn.images.express.co.uk\/img\/dynamic\/106\/1200x712\/secondary\/Princess-Diana-Princess-Kate-and-Princess-Charlotte-6690237.jpg?r=1769014782932\" alt=\"Princesa Diana, Princesa Kate y Princesa Charlotte \" title=\"Princesa Diana, Princesa Kate y Princesa Charlotte \" width=\"590\" height=\"350\" loading=\"lazy\"\/><\/source><\/source><\/source><\/source><\/source><\/source><\/source><\/source><\/source><\/source><\/source><\/picture><\/p>\n<p><span class=\"newsCaption\">La princesa Catalina se hermana con la princesa Charlotte en junio de 2025 durante Trooping the Color <span class=\"caption\">(Imagen: Getty)<\/span><span class=\"magnifier\" data-img=\"https:\/\/cdn.images.express.co.uk\/img\/dynamic\/106\/1200x712\/secondary\/Princess-Diana-Princess-Kate-and-Princess-Charlotte-6690237.jpg?r=1769014782932\"\/><\/span><\/div>\n<div class=\"text-description\">\n<p>En Trooping the Color en junio, el verano pasado, surgi\u00f3 un poderoso hilo visual a trav\u00e9s de generaciones, unidos por el inconfundible lenguaje de dise\u00f1o de Catherine Walker.<\/p>\n<\/div>\n<div class=\"text-description\">\n<p>En 1988, la princesa Diana llevaba un conjunto de Catherine Walker en verde y blanco intenso, rematado con un amplio sombrero y solapas marcadas en contraste, un look que encapsulaba su talento para el drama ceremonial.<\/p>\n<\/div>\n<div class=\"text-description\">\n<p>D\u00e9cadas m\u00e1s tarde, en 2025, la princesa Catalina revis\u00f3 ese legado con un vestido abrigo turquesa de Catherine Walker, cuyos detalles blancos n\u00edtidos y su sombrerer\u00eda escultural ofrecen una versi\u00f3n refinada y contempor\u00e1nea del esmalte caracter\u00edstico de Diana.<\/p>\n<\/div>\n<div class=\"text-description\">\n<p>A su lado, la princesa Charlotte apareci\u00f3 con una paleta complementaria, tambi\u00e9n vestida por Catherine Walker, haci\u00e9ndose eco silenciosamente tanto de la elegancia de su madre como del estilo de su difunta abuela.<\/p>\n<\/div>\n<div class=\"photo changeSpace\">\n<p class=\"withoutCaption\"><picture><source type=\"image\/avif\" srcset=\"https:\/\/cdn.images.express.co.uk\/img\/dynamic\/106\/1200x712\/secondary\/Diana-Kate-and-Charlotte-6690238.avif?r=1769014782945\" media=\"screen and (min-width:10000px)\"><source type=\"image\/webp\" srcset=\"https:\/\/cdn.images.express.co.uk\/img\/dynamic\/106\/1200x712\/secondary\/Diana-Kate-and-Charlotte-6690238.webp?r=1769014782945\" media=\"screen and (min-width:10000px)\"><source type=\"image\/jpeg\" srcset=\"https:\/\/cdn.images.express.co.uk\/img\/dynamic\/106\/1200x712\/secondary\/Diana-Kate-and-Charlotte-6690238.jpg?r=1769014782945\" media=\"screen and (min-width:10000px)\"><source type=\"image\/avif\" srcset=\"https:\/\/cdn.images.express.co.uk\/img\/dynamic\/106\/674x400\/secondary\/Diana-Kate-and-Charlotte-6690238.avif?r=1769014782945\" media=\"screen and (min-width:100000px)\"><source type=\"image\/webp\" srcset=\"https:\/\/cdn.images.express.co.uk\/img\/dynamic\/106\/674x400\/secondary\/Diana-Kate-and-Charlotte-6690238.webp?r=1769014782945\" media=\"screen and (min-width:100000px)\"><source type=\"image\/jpeg\" srcset=\"https:\/\/cdn.images.express.co.uk\/img\/dynamic\/106\/674x400\/secondary\/Diana-Kate-and-Charlotte-6690238.jpg?r=1769014782945\" media=\"screen and (min-width:100000px)\"><source type=\"image\/avif\" srcset=\"https:\/\/cdn.images.express.co.uk\/img\/dynamic\/106\/940x\/secondary\/Diana-Kate-and-Charlotte-6690238.avif?r=1769014782945\" media=\"screen and (min-width:1200px)\"><source type=\"image\/webp\" srcset=\"https:\/\/cdn.images.express.co.uk\/img\/dynamic\/106\/940x\/secondary\/Diana-Kate-and-Charlotte-6690238.webp?r=1769014782945\" media=\"screen and (min-width:1200px)\"><source type=\"image\/jpeg\" srcset=\"https:\/\/cdn.images.express.co.uk\/img\/dynamic\/106\/940x\/secondary\/Diana-Kate-and-Charlotte-6690238.jpg?r=1769014782945\" media=\"screen and (min-width:1200px)\"><source type=\"image\/avif\" srcset=\"https:\/\/cdn.images.express.co.uk\/img\/dynamic\/106\/590x\/secondary\/Diana-Kate-and-Charlotte-6690238.avif?r=1769014782945\" media=\"screen\"><source type=\"image\/webp\" srcset=\"https:\/\/cdn.images.express.co.uk\/img\/dynamic\/106\/590x\/secondary\/Diana-Kate-and-Charlotte-6690238.webp?r=1769014782945\" media=\"screen\"><img decoding=\"async\" class=\"zoomEnabled\" src=\"https:\/\/cdn.images.express.co.uk\/img\/dynamic\/106\/1200x712\/secondary\/Diana-Kate-and-Charlotte-6690238.jpg?r=1769014782945\" alt=\"Diana, Kate y Charlotte \" title=\"Diana, Kate y Charlotte \" width=\"590\" height=\"350\" loading=\"lazy\"\/><\/source><\/source><\/source><\/source><\/source><\/source><\/source><\/source><\/source><\/source><\/source><\/picture><\/p>\n<p><span class=\"newsCaption\">La princesa Catalina ha defendido los looks n\u00e1uticos inspirados en Diana <span class=\"caption\">(Imagen: Getty)<\/span><span class=\"magnifier\" data-img=\"https:\/\/cdn.images.express.co.uk\/img\/dynamic\/106\/1200x712\/secondary\/Diana-Kate-and-Charlotte-6690238.jpg?r=1769014782945\"\/><\/span><\/div>\n<div class=\"text-description\">\n<p>La princesa Catalina ha defendido constantemente la vestimenta de inspiraci\u00f3n n\u00e1utica, favoreciendo l\u00edneas n\u00edtidas y tonos cl\u00e1sicos azul marino y blanco para momentos de importancia nacional.<\/p>\n<\/div>\n<div class=\"text-description\">\n<p>Esa preferencia refleja el propio enfoque de la princesa Diana, m\u00e1s notablemente en 1993 cuando us\u00f3 un conjunto de Catherine Walker para el servicio de la Batalla del Atl\u00e1ntico, combinando una chaqueta azul estructurada con una falda plisada blanca y fluida.<\/p>\n<\/div>\n<div class=\"text-description\">\n<p>M\u00e1s tarde, Catherine repiti\u00f3 ese mismo pulido mar\u00edtimo en la ceremonia de nombramiento del HMS Glasgow en 2025, saliendo con un vestido azul marino de Suzannah London definido por l\u00edneas limpias y detalles de marcado contraste.<\/p>\n<\/div>\n<div class=\"text-description\">\n<p>El hilo ya se hab\u00eda puesto en marcha un a\u00f1o antes, cuando la princesa Charlotte apareci\u00f3 en Trooping the Colour en 2024 con un dise\u00f1o de Jenny Packham en azul marino y blanco.<\/p>\n<\/div>\n<div class=\"text-description\">\n<p>Como futura reina, la princesa Catalina ha demostrado que comprende el poder del simbolismo, entrelazando cuidadosamente el legado de la princesa Diana en su propio estilo y al mismo tiempo asegur\u00e1ndose de que contin\u00fae, con prop\u00f3sito y sensibilidad, en la pr\u00f3xima generaci\u00f3n.<\/p>\n<\/div>\n<\/div>\n\n","protected":false},"excerpt":{"rendered":"<p>La princesa Catalina lleva el legado de la princesa Diana a trav\u00e9s del estilo real moderno de Charlotte (Imagen: Getty) Desde que se cas\u00f3 con el pr\u00edncipe William en 2012, la princesa Catalina ha tejido silenciosamente homenajes a la princesa Diana en sus elecciones de moda real. En lugar de confiar en r\u00e9plicas directas, ha &hellip;<\/p>\n","protected":false},"author":1,"featured_media":56745,"comment_status":"open","ping_status":"open","sticky":false,"template":"","format":"standard","meta":{"fifu_image_url":"https:\/\/cdn.images.express.co.uk\/img\/dynamic\/106\/1200x630\/6690247.jpg","fifu_image_alt":"","footnotes":""},"categories":[10],"tags":[],"class_list":["post-56743","post","type-post","status-publish","format-standard","has-post-thumbnail","","category-moda"],"_links":{"self":[{"href":"https:\/\/noticiasveraces.com\/index.php?rest_route=\/wp\/v2\/posts\/56743","targetHints":{"allow":["GET"]}}],"collection":[{"href":"https:\/\/noticiasveraces.com\/index.php?rest_route=\/wp\/v2\/posts"}],"about":[{"href":"https:\/\/noticiasveraces.com\/index.php?rest_route=\/wp\/v2\/types\/post"}],"author":[{"embeddable":true,"href":"https:\/\/noticiasveraces.com\/index.php?rest_route=\/wp\/v2\/users\/1"}],"replies":[{"embeddable":true,"href":"https:\/\/noticiasveraces.com\/index.php?rest_route=%2Fwp%2Fv2%2Fcomments&post=56743"}],"version-history":[{"count":0,"href":"https:\/\/noticiasveraces.com\/index.php?rest_route=\/wp\/v2\/posts\/56743\/revisions"}],"wp:featuredmedia":[{"embeddable":true,"href":"https:\/\/noticiasveraces.com\/index.php?rest_route=\/wp\/v2\/media\/56745"}],"wp:attachment":[{"href":"https:\/\/noticiasveraces.com\/index.php?rest_route=%2Fwp%2Fv2%2Fmedia&parent=56743"}],"wp:term":[{"taxonomy":"category","embeddable":true,"href":"https:\/\/noticiasveraces.com\/index.php?rest_route=%2Fwp%2Fv2%2Fcategories&post=56743"},{"taxonomy":"post_tag","embeddable":true,"href":"https:\/\/noticiasveraces.com\/index.php?rest_route=%2Fwp%2Fv2%2Ftags&post=56743"}],"curies":[{"name":"wp","href":"https:\/\/api.w.org\/{rel}","templated":true}]}}