{"id":56738,"date":"2026-01-24T12:02:03","date_gmt":"2026-01-24T16:02:03","guid":{"rendered":"https:\/\/noticiasveraces.com\/?p=56738"},"modified":"2026-01-24T12:02:03","modified_gmt":"2026-01-24T16:02:03","slug":"lucas-vazquez-debuta-como-goleador-con-el-bayer-leverkusen","status":"publish","type":"post","link":"https:\/\/noticiasveraces.com\/?p=56738","title":{"rendered":"Lucas V\u00e1zquez debuta como goleador con el Bayer Leverkusen"},"content":{"rendered":"<p> \n<\/p>\n<div>\n<p data-mrf-recirculation=\"Links P\u00e1rrafos\" class=\"ue-c-article__paragraph paragraph xai-icon-container ue-c-article--first-letter-highlighted\">l<strong>Ucas V\u00e1zquez (Curtis, 1991)<\/strong> volv\u00eda al once del <strong>Bayer Leverkusen<\/strong>. Y lo hizo a lo grande.<span class=\"xai-icon\"\/><\/p>\n<p data-mrf-recirculation=\"Links P\u00e1rrafos\" class=\"ue-c-article__paragraph paragraph xai-icon-container\">El ex del <strong>real madrid<\/strong> no jugaba de inicio en la <strong>Bundesliga<\/strong> desde la <strong>victoria<\/strong> contra el <strong>Uni\u00f3n Berl\u00edn (2-0)<\/strong> el <strong>4 de octubre de 2025<\/strong>. Desde entonces, apenas hab\u00eda disputado 15&#8242; en Liga, por lesi\u00f3n.<span class=\"xai-icon\"\/><\/p>\n<p data-mrf-recirculation=\"Links P\u00e1rrafos\" class=\"ue-c-article__paragraph paragraph xai-icon-container\"><strong>Ahora, ya recuperado, vuelve a entrar en los planes de Kasper Hjulmand<\/strong>. Fue titular -jug\u00f3 58&#8242;- en la derrota en Champions contra <strong>Olympiakos (2-0)<\/strong> y <strong>ha repetido, en Liga<\/strong>frente al <strong>Werder Bremen<\/strong>.<span class=\"xai-icon\"\/><\/p>\n<p data-mrf-recirculation=\"Links P\u00e1rrafos\" class=\"ue-c-article__paragraph paragraph xai-icon-container\">No s\u00f3lo eso. <strong>Lucas V\u00e1zquez<\/strong> Ja &#39;<strong>abierto la lata<\/strong>&#8216; para estrenarse como goleador con el <strong>Bayer Leverkusen<\/strong>. Corr\u00eda el minuto 37 cuando el internacional espa\u00f1ol, de 34 a\u00f1os, recibi\u00f3 de <strong>Quansah<\/strong> pegado a banda derecha. Acto seguido jug\u00f3 hacia la frontal del \u00e1rea para <strong>Hombres<\/strong> y el argentino le devolvi\u00f3 la pared. <strong>V\u00e1zquez<\/strong>algo escorado, no fall\u00f3 y, mano a mano,<strong> bati\u00f3 a Backhaus con un tiro cruzado. <\/strong><span class=\"xai-icon\"\/><\/p>\n<p data-mrf-recirculation=\"Links P\u00e1rrafos\" class=\"ue-c-article__paragraph paragraph xai-icon-container\">El dorsal &#8217;21&#8217; del Bayer Leverkusen, que hab\u00eda sumado una asistencia, precisamente, contra el Uni\u00f3n Berl\u00edn, <strong>marc\u00f3 38 goles y reparti\u00f3 73 pases de gol<\/strong> en <strong>402 fiestas<\/strong> con el <strong>real madrid<\/strong>. Para encontrar su anterior gol, lejos de la &#8216;Casa Blanca&#8217;, hay que remontarse al <strong>17 de abril de 2015<\/strong>cuando <strong>militaba en el Espanyol<\/strong>. Fue en un aprtido que acab\u00f3 en <strong>empate (2-2)<\/strong> contra el <strong>levante<\/strong>. <strong>Fue hace ya\u00a03.935 d\u00edas.<\/strong><span class=\"xai-icon\"\/><\/p>\n<\/div>\n\n","protected":false},"excerpt":{"rendered":"<p>lUcas V\u00e1zquez (Curtis, 1991) volv\u00eda al once del Bayer Leverkusen. Y lo hizo a lo grande. El ex del real madrid no jugaba de inicio en la Bundesliga desde la victoria contra el Uni\u00f3n Berl\u00edn (2-0) el 4 de octubre de 2025. Desde entonces, apenas hab\u00eda disputado 15&#8242; en Liga, por lesi\u00f3n. Ahora, ya recuperado, &hellip;<\/p>\n","protected":false},"author":1,"featured_media":56739,"comment_status":"open","ping_status":"open","sticky":false,"template":"","format":"standard","meta":{"fifu_image_url":"https:\/\/objetos-xlk.estaticos-marca.com\/files\/article_main_microformat\/\/uploads\/2026\/01\/24\/6974e892efda5.jpeg","fifu_image_alt":"","footnotes":""},"categories":[6],"tags":[],"class_list":["post-56738","post","type-post","status-publish","format-standard","has-post-thumbnail","","category-deportes"],"_links":{"self":[{"href":"https:\/\/noticiasveraces.com\/index.php?rest_route=\/wp\/v2\/posts\/56738","targetHints":{"allow":["GET"]}}],"collection":[{"href":"https:\/\/noticiasveraces.com\/index.php?rest_route=\/wp\/v2\/posts"}],"about":[{"href":"https:\/\/noticiasveraces.com\/index.php?rest_route=\/wp\/v2\/types\/post"}],"author":[{"embeddable":true,"href":"https:\/\/noticiasveraces.com\/index.php?rest_route=\/wp\/v2\/users\/1"}],"replies":[{"embeddable":true,"href":"https:\/\/noticiasveraces.com\/index.php?rest_route=%2Fwp%2Fv2%2Fcomments&post=56738"}],"version-history":[{"count":0,"href":"https:\/\/noticiasveraces.com\/index.php?rest_route=\/wp\/v2\/posts\/56738\/revisions"}],"wp:featuredmedia":[{"embeddable":true,"href":"https:\/\/noticiasveraces.com\/index.php?rest_route=\/wp\/v2\/media\/56739"}],"wp:attachment":[{"href":"https:\/\/noticiasveraces.com\/index.php?rest_route=%2Fwp%2Fv2%2Fmedia&parent=56738"}],"wp:term":[{"taxonomy":"category","embeddable":true,"href":"https:\/\/noticiasveraces.com\/index.php?rest_route=%2Fwp%2Fv2%2Fcategories&post=56738"},{"taxonomy":"post_tag","embeddable":true,"href":"https:\/\/noticiasveraces.com\/index.php?rest_route=%2Fwp%2Fv2%2Ftags&post=56738"}],"curies":[{"name":"wp","href":"https:\/\/api.w.org\/{rel}","templated":true}]}}