{"id":56730,"date":"2026-01-24T11:42:06","date_gmt":"2026-01-24T15:42:06","guid":{"rendered":"https:\/\/noticiasveraces.com\/?p=56730"},"modified":"2026-01-24T11:42:06","modified_gmt":"2026-01-24T15:42:06","slug":"realizan-recorrido-tecnico-para-avanzar-en-labores-de-rehabilitacion-tras-fuertes-lluvias-en-merida-correo-del-orinoco","status":"publish","type":"post","link":"https:\/\/noticiasveraces.com\/?p=56730","title":{"rendered":"Realizan recorrido t\u00e9cnico para avanzar en labores de rehabilitaci\u00f3n tras fuertes lluvias en M\u00e9rida &#8211; Correo del Orinoco"},"content":{"rendered":"<p> \n<\/p>\n<div>\n<p>Con el prop\u00f3sito de avanzar en acciones y atender a la poblaci\u00f3n meride\u00f1a afectada por las fuertes lluvias, autoridades de la Vicepresidencia Sectorial de Obras P\u00fablicas y Servicios (VSOPS), realizaron un recorrido t\u00e9cnico en esta regi\u00f3n andina.<\/p>\n<p>La comisi\u00f3n gubernamental, liderada por el vicepresidente sectorial de Obras P\u00fablicas y Servicios, Jorge M\u00e1rquez, se traslad\u00f3 junto a un equipo multidisciplinario a la carretera Trasandina, municipio Rangel, para supervisar el avance de las obras de ingenier\u00eda en el eje carretero M\u00e9rida\u2013Mucuch\u00edes.<\/p>\n<p>Acompa\u00f1ado por el gobernador de M\u00e9rida, Arnaldo S\u00e1nchez, el ministro del Poder Popular para Obras P\u00fablicas y Servicios, Juan Ram\u00edrez y el ministro del Poder Popular para el Transporte, An\u00edbal Coronado, se hizo un recorrido por todo el sector.<\/p>\n<p>Asimismo, fueron inspeccionadas las labores de construcci\u00f3n de viviendas que se ejecutan este tramo de la entidad. Tras la evaluaci\u00f3n,<\/p>\n<p>El Gobierno nacional activ\u00f3 un plan de respuesta inmediata para la mitigaci\u00f3n de riesgos en las zonas afectadas.<\/p>\n<\/p>\n<h6>Prensa MPPEE-CORPOELEC<\/h6>\n<\/p><\/div>\n\n","protected":false},"excerpt":{"rendered":"<p>Con el prop\u00f3sito de avanzar en acciones y atender a la poblaci\u00f3n meride\u00f1a afectada por las fuertes lluvias, autoridades de la Vicepresidencia Sectorial de Obras P\u00fablicas y Servicios (VSOPS), realizaron un recorrido t\u00e9cnico en esta regi\u00f3n andina. La comisi\u00f3n gubernamental, liderada por el vicepresidente sectorial de Obras P\u00fablicas y Servicios, Jorge M\u00e1rquez, se traslad\u00f3 junto &hellip;<\/p>\n","protected":false},"author":1,"featured_media":56731,"comment_status":"open","ping_status":"open","sticky":false,"template":"","format":"standard","meta":{"fifu_image_url":"http:\/\/www.correodelorinoco.gob.ve\/wp-content\/uploads\/2026\/01\/photo_5161489369473420184_y-800x445-1.jpg","fifu_image_alt":"","footnotes":""},"categories":[13],"tags":[],"class_list":["post-56730","post","type-post","status-publish","format-standard","has-post-thumbnail","","category-mundo"],"_links":{"self":[{"href":"https:\/\/noticiasveraces.com\/index.php?rest_route=\/wp\/v2\/posts\/56730","targetHints":{"allow":["GET"]}}],"collection":[{"href":"https:\/\/noticiasveraces.com\/index.php?rest_route=\/wp\/v2\/posts"}],"about":[{"href":"https:\/\/noticiasveraces.com\/index.php?rest_route=\/wp\/v2\/types\/post"}],"author":[{"embeddable":true,"href":"https:\/\/noticiasveraces.com\/index.php?rest_route=\/wp\/v2\/users\/1"}],"replies":[{"embeddable":true,"href":"https:\/\/noticiasveraces.com\/index.php?rest_route=%2Fwp%2Fv2%2Fcomments&post=56730"}],"version-history":[{"count":0,"href":"https:\/\/noticiasveraces.com\/index.php?rest_route=\/wp\/v2\/posts\/56730\/revisions"}],"wp:featuredmedia":[{"embeddable":true,"href":"https:\/\/noticiasveraces.com\/index.php?rest_route=\/wp\/v2\/media\/56731"}],"wp:attachment":[{"href":"https:\/\/noticiasveraces.com\/index.php?rest_route=%2Fwp%2Fv2%2Fmedia&parent=56730"}],"wp:term":[{"taxonomy":"category","embeddable":true,"href":"https:\/\/noticiasveraces.com\/index.php?rest_route=%2Fwp%2Fv2%2Fcategories&post=56730"},{"taxonomy":"post_tag","embeddable":true,"href":"https:\/\/noticiasveraces.com\/index.php?rest_route=%2Fwp%2Fv2%2Ftags&post=56730"}],"curies":[{"name":"wp","href":"https:\/\/api.w.org\/{rel}","templated":true}]}}